{"id":744680,"date":"2026-09-02T21:57:50","date_gmt":"2026-09-02T21:57:50","guid":{"rendered":"https:\/\/www.europesays.com\/es\/744680\/"},"modified":"2026-09-02T21:57:50","modified_gmt":"2026-09-02T21:57:50","slug":"masivas-manifestaciones-por-ceuta-en-asturias","status":"publish","type":"post","link":"https:\/\/www.europesays.com\/es\/744680\/","title":{"rendered":"Masivas manifestaciones por Ceuta en Asturias"},"content":{"rendered":"<p class=\"ft-text\">Por unas horas, Ceuta estuvo a m\u00e1s de 800 kil\u00f3metros de Asturias y, al mismo tiempo, en la plaza del Ayuntamiento de Oviedo, en la plaza Mayor de Gij\u00f3n, en Avil\u00e9s, Llanes, Villaviciosa, Tineo, Luarca, Cangas del Narcea, Piedras Blancas o Pola de Siero. La convocatoria de apoyo a la ciudad aut\u00f3noma sac\u00f3 a miles de asturianos a la calle y convirti\u00f3 el mapa regional en una sucesi\u00f3n de banderas espa\u00f1olas y ceut\u00edes, aplausos y proclamas. Tambi\u00e9n dej\u00f3 otra fotograf\u00eda: la de una sociedad que comparte la preocupaci\u00f3n por Ceuta, pero no necesariamente el diagn\u00f3stico sobre lo que ocurre all\u00ed. En Gij\u00f3n y Langreo hicieron falta polic\u00edas para separar f\u00edsicamente esas dos visiones.<\/p>\n<p class=\"ft-text\">Oviedo ofreci\u00f3 una de las im\u00e1genes m\u00e1s rotundas de la tarde. La plaza del Ayuntamiento se llen\u00f3 hasta hacer pr\u00e1cticamente inaccesibles sus entradas. Entre la multitud aparec\u00edan familias, j\u00f3venes y personas llegadas expresamente desde otros puntos de Asturias. Silvia Castrillo, Blanca Garc\u00eda, M\u00f3nica Vigil y Mar\u00eda del Carmen Muslera se desplazaron desde El Entrego y resum\u00edan en una frase el sentimiento con el que hab\u00edan acudido: <strong>\u00abDefender Espa\u00f1a no es ser facha\u00bb<\/strong>. Unos minutos antes, cuatro j\u00f3venes ovetenses, Amalia Calleja, Victoria Palacio, Lola Pa\u00f1eda y Laura Fanjul, reivindicaban que su generaci\u00f3n tambi\u00e9n deb\u00eda implicarse ante la crisis: <strong>\u00abLa juventud tiene que volcarse y concienciarse de que esto es importante\u00bb<\/strong>.<\/p>\n<p class=\"ft-text\">La escena se repet\u00eda con distintas dimensiones por toda Asturias. En Tineo, el Ayuntamiento cifr\u00f3 la asistencia en unas 500 personas; en Pola de Siero se congreg\u00f3 un centenar; en Llanes fueron varios cientos. Villaviciosa registr\u00f3 tambi\u00e9n un lleno frente al Consistorio y en Castrill\u00f3n las banderas espa\u00f1olas se mezclaron con las ceut\u00edes distribuidas por el propio Ayuntamiento. En Avil\u00e9s, cientos de voces se unieron al grito de <strong>\u00abCeuta no se vende\u00bb<\/strong>.<\/p>\n<p class=\"ft-text\">Hasta los peque\u00f1os detalles explicaban el clima de la jornada. Cinco amigas asturianas y madrile\u00f1as que veranean en Villaviciosa llegaron envueltas en una bandera espa\u00f1ola porque no hab\u00edan conseguido encontrar una de Ceuta. <strong>\u00abEstamos aqu\u00ed para apoyar al pueblo ceut\u00ed, que no se sientan solos\u00bb<\/strong>, explicaban. En Llanes, la colocaci\u00f3n de la bandera ceut\u00ed en la fachada consistorial fue recibida con aplausos. En Luarca, despu\u00e9s de una tarde de playa, las primeras ense\u00f1as espa\u00f1olas comenzaron a aparecer entre los paseantes antes de que la plaza terminara llen\u00e1ndose. Vald\u00e9s y Villaviciosa fueron, adem\u00e1s, los dos ayuntamientos gobernados por el PSOE que se sumaron a la iniciativa.<\/p>\n<p class=\"ft-text\">Pero fue Gij\u00f3n donde mejor se vio que detr\u00e1s de las banderas hab\u00eda tambi\u00e9n una discusi\u00f3n pol\u00edtica mucho m\u00e1s profunda. Media hora antes de la convocatoria, la plaza Mayor ya reun\u00eda a cientos de personas. Despu\u00e9s qued\u00f3 peque\u00f1a y la concentraci\u00f3n se extendi\u00f3 hacia Campo Vald\u00e9s. La alcaldesa, Carmen Moriy\u00f3n, lleg\u00f3 acompa\u00f1ada por Adri\u00e1n Pumares y concejales de Foro y fue recibida entre aplausos. Cristina Reguero y Jes\u00fas del Br\u00edo, ceut\u00edes residentes en la ciudad, subieron al balc\u00f3n consistorial. Reguero puso voz al desbordamiento que, a su juicio, vive su tierra: <strong>\u00abSomos una ciudad supersolidaria, pero el problema es que no podemos m\u00e1s, la situaci\u00f3n est\u00e1 al l\u00edmite\u00bb<\/strong>.<\/p>\n<p class=\"ft-text\">A pocos metros se concentraban quienes interpretaban la convocatoria desde el extremo contrario. Banderas republicanas y palestinas acompa\u00f1aban los gritos de <strong>\u00abNinguna persona es ilegal\u00bb<\/strong> en una protesta contra el racismo. A medida que avanz\u00f3 la tarde, ambas concentraciones terminaron enfrent\u00e1ndose con c\u00e1nticos e insultos en la plaza del Marqu\u00e9s. La Polic\u00eda Nacional estableci\u00f3 una l\u00ednea de separaci\u00f3n e identific\u00f3 a algunos de los presentes. La ciudad ofreci\u00f3 as\u00ed la imagen m\u00e1s gr\u00e1fica de la jornada: dos manifestaciones mir\u00e1ndose frente a frente y unos agentes en medio.<\/p>\n<p class=\"ft-text\">Algo parecido ocurri\u00f3 en Langreo. All\u00ed unas 300 personas coincidieron en la plaza del Ayuntamiento entre banderas y paraguas de Espa\u00f1a y una movilizaci\u00f3n alternativa. Los gritos se cruzaron de un lado a otro \u2014<strong>\u00abNing\u00fan ser humano es ilegal\u00bb<\/strong>, <strong>\u00abRacista eres t\u00fa\u00bb<\/strong>\u2014 y la tensi\u00f3n oblig\u00f3 tambi\u00e9n a la Polic\u00eda a mantener separados a los dos grupos. Una pancarta contra el fascismo completaba una escena que trasladaba a la plaza la fractura pol\u00edtica que hab\u00eda precedido durante d\u00edas a las concentraciones.<\/p>\n<p class=\"ft-text\">Porque la movilizaci\u00f3n hab\u00eda llegado ya dividida a las calles. La iniciativa promovida desde la Federaci\u00f3n Espa\u00f1ola de Municipios y Provincias abri\u00f3 una brecha entre los ayuntamientos asturianos: mientras la derecha defend\u00eda las concentraciones como una muestra de respaldo a Ceuta ante la crisis migratoria y la presi\u00f3n de Marruecos, sectores de la izquierda las hab\u00edan cuestionado por considerar que pod\u00edan alimentar discursos de miedo, racismo o rechazo a la inmigraci\u00f3n.<\/p>\n<p class=\"ft-text\">La paradoja de la jornada fue que incluso quienes discut\u00edan sobre c\u00f3mo demostrarlo coincid\u00edan en buena medida en que Ceuta necesitaba apoyo. El propio presidente del Principado, Adri\u00e1n Barb\u00f3n, traslad\u00f3 ayer su <strong>\u00absolidaridad\u00bb<\/strong>, <strong>\u00abcari\u00f1o\u00bb<\/strong> y <strong>\u00abapoyo\u00bb<\/strong> a los ceut\u00edes y reclam\u00f3 un <strong>\u00abcierre de filas total y absoluto\u00bb<\/strong> frente a lo que calific\u00f3 de ataque a la integridad territorial y a la soberan\u00eda nacional.<\/p>\n<p class=\"ft-text\">Asturias vivi\u00f3 as\u00ed el D\u00eda de Ceuta con sus plazas llenas y su divisi\u00f3n tambi\u00e9n a la vista. Hubo banderas, aplausos y balcones; hubo consignas enfrentadas y cordones policiales. Y hubo, sobre todo, una cuesti\u00f3n que recorri\u00f3 de punta a punta la regi\u00f3n: una crisis ocurrida al otro extremo de Espa\u00f1a hab\u00eda conseguido, al menos durante unas horas, traer Ceuta hasta las calles asturianas.<\/p>\n<p><a id=\"beforeMessages\" name=\"beforeMessages\" title=\"\" class=\"ft-anchor ft-anchor--absolute ft-helper-spacer-voffset-xlg\"><\/a><a id=\"page1\" name=\"item_11214537\" title=\"\" class=\"ft-anchor ft-anchor--absolute ft-helper-spacer-voffset-xlg\"><\/a><img decoding=\"async\" src=\"https:\/\/www.europesays.com\/es\/wp-content\/uploads\/2026\/09\/29c6ddd5-ab32-4086-92c9-1cc18f9a8cab_alta-libre-aspect-ratio_default_0_x1000y500.jpg\" width=\"1200\" height=\"900\" alt=\"Asistentes a la concentracion de Pola de Allande.\" class=\"ft-helper-img-rd\" loading=\"lazy\" fetchpriority=\"auto\"\/><\/p>\n<p class=\"ft-helper-fontColor-quaternary ft-helper-fontSize-body-S ft-helper-spacer-t-xxs\">Asistentes a la concentracion de Pola de Allande.  \/ Demelsa \u00c1lvarez<\/p>\n<p><a id=\"\" name=\"item_11214385\" title=\"\" class=\"ft-anchor ft-anchor--absolute ft-helper-spacer-voffset-xlg\"><\/a><\/p>\n<p class=\"ft-text\">\u201cSomos una ciudad supersolidaria, pero el problema es que no podemos m\u00e1s, la situaci\u00f3n est\u00e1 al l\u00edmite\u201d, se\u00f1ala Cristina Reguero ceut\u00ed residente en Gij\u00f3n, que agradece a la ciudad el apoyo.<\/p>\n<p><img decoding=\"async\" src=\"https:\/\/www.europesays.com\/es\/wp-content\/uploads\/2026\/09\/62917299-3290-41f2-b50f-dbd15c35e9fc_alta-libre-aspect-ratio_default_0_x1024y512.jpg\" width=\"1200\" height=\"900\" alt=\"Cristina Reguero, ceut\u00ed residente en Gij\u00f3n.\" class=\"ft-helper-img-rd\" loading=\"lazy\" fetchpriority=\"auto\"\/><\/p>\n<p class=\"ft-helper-fontColor-quaternary ft-helper-fontSize-body-S ft-helper-spacer-t-xxs\">Cristina Reguero, ceut\u00ed residente en Gij\u00f3n.  \/ Carlos Tamargo<\/p>\n<p><a id=\"\" name=\"item_11214382\" title=\"\" class=\"ft-anchor ft-anchor--absolute ft-helper-spacer-voffset-xlg\"><\/a><\/p>\n<p class=\"ft-text\">Ambas manifestaciones se enfrentan en c\u00e1nticos en la plaza del Marqu\u00e9s y separadas por un control de la Polic\u00eda Nacional con personas identificadas por los agentes.<\/p>\n<p><img decoding=\"async\" src=\"https:\/\/www.europesays.com\/es\/wp-content\/uploads\/2026\/09\/38ff1ebb-cfa8-49e5-a109-58fc12eea6ec_alta-libre-aspect-ratio_default_0_x1024y384.jpg\" width=\"1200\" height=\"675\" alt=\"Concentraciones en Gij\u00f3n.\" class=\"ft-helper-img-rd\" loading=\"lazy\" fetchpriority=\"auto\"\/><\/p>\n<p class=\"ft-helper-fontColor-quaternary ft-helper-fontSize-body-S ft-helper-spacer-t-xxs\">Concentraciones en Gij\u00f3n.  \/ Carlos Tamargo<\/p>\n<p><a id=\"\" name=\"item_11214379\" title=\"\" class=\"ft-anchor ft-anchor--absolute ft-helper-spacer-voffset-xlg\"><\/a><\/p>\n<p class=\"ft-text\">La Alcaldesa en persona les deja subir al balc\u00f3n entre aplausos de los asistentes.<\/p>\n<p><img decoding=\"async\" src=\"https:\/\/www.europesays.com\/es\/wp-content\/uploads\/2026\/09\/06acd732-d7c3-446a-8dbd-b1cf172f0e7f_alta-libre-aspect-ratio_default_0_x1024y512.jpg\" width=\"1200\" height=\"900\" alt=\"Cristina Reguero y Jes\u00fas del Brio, protagonistas en la manifestaci\u00f3n de Gij\u00f3n.\" class=\"ft-helper-img-rd\" loading=\"lazy\" fetchpriority=\"auto\"\/><\/p>\n<p class=\"ft-helper-fontColor-quaternary ft-helper-fontSize-body-S ft-helper-spacer-t-xxs\">Cristina Reguero y Jes\u00fas del Brio, protagonistas en la manifestaci\u00f3n de Gij\u00f3n.  \/ Carlos Tamargo<\/p>\n<p><a id=\"\" name=\"item_11214375\" title=\"\" class=\"ft-anchor ft-anchor--absolute ft-helper-spacer-voffset-xlg\"><\/a><\/p>\n<p class=\"ft-text\">Las dos manifestaciones de Langreo separadas por la Polic\u00eda.<\/p>\n<p><img decoding=\"async\" src=\"https:\/\/www.europesays.com\/es\/wp-content\/uploads\/2026\/09\/59fbefad-74af-4336-942b-89e50bd5fc0c_alta-libre-aspect-ratio_default_0_x1024y512.jpg\" width=\"1200\" height=\"900\" alt=\"Las dos manifestaciones de Langreo separadas por la Polic\u00eda.\" class=\"ft-helper-img-rd\" loading=\"lazy\" fetchpriority=\"auto\"\/><\/p>\n<p class=\"ft-helper-fontColor-quaternary ft-helper-fontSize-body-S ft-helper-spacer-t-xxs\">Las dos manifestaciones de Langreo separadas por la Polic\u00eda.  \/ David Orihuela<\/p>\n<p><a id=\"\" name=\"item_11214348\" title=\"\" class=\"ft-anchor ft-anchor--absolute ft-helper-spacer-voffset-xlg\"><\/a><\/p>\n<p class=\"ft-text\">Silvia Castrillo, Blanca Garc\u00eda, M\u00f3nica Vigil y Maria del Carmen Muslera se trasladaron a Oviedo desde El Entrego: \u00abDefender Espa\u00f1a no es ser facha\u00bb.<\/p>\n<p><img decoding=\"async\" src=\"https:\/\/www.europesays.com\/es\/wp-content\/uploads\/2026\/09\/30ef72e1-1055-4f05-ba51-667933301fba_alta-libre-aspect-ratio_default_0_x800y400.jpg\" width=\"1200\" height=\"900\" alt=\"Silvia Castrillo, Blanca Garc\u00eda, M\u00f3nica Vigil y Maria del Carmen Muslera.\" class=\"ft-helper-img-rd\" loading=\"lazy\" fetchpriority=\"auto\"\/><\/p>\n<p class=\"ft-helper-fontColor-quaternary ft-helper-fontSize-body-S ft-helper-spacer-t-xxs\">Silvia Castrillo, Blanca Garc\u00eda, M\u00f3nica Vigil y Maria del Carmen Muslera.  \/ Alicia Garc\u00eda-Ovies<\/p>\n<p><a id=\"\" name=\"item_11214346\" title=\"\" class=\"ft-anchor ft-anchor--absolute ft-helper-spacer-voffset-xlg\"><\/a><\/p>\n<p class=\"ft-text\"> El Ayuntamiento cifra en 500 personas la asistencia a la manifestaci\u00f3n en apoyo de Ceuta.<\/p>\n<p><img decoding=\"async\" src=\"https:\/\/www.europesays.com\/es\/wp-content\/uploads\/2026\/09\/965086cd-fd89-442e-8041-d6de7764c3f5_alta-libre-aspect-ratio_default_0_x800y320.jpg\" width=\"1200\" height=\"720\" alt=\"Concentraci\u00f3n en Tineo.\" class=\"ft-helper-img-rd\" loading=\"lazy\" fetchpriority=\"auto\"\/><\/p>\n<p class=\"ft-helper-fontColor-quaternary ft-helper-fontSize-body-S ft-helper-spacer-t-xxs\">Concentraci\u00f3n en Tineo.  \/ Demelsa \u00c1lvarez<\/p>\n<p><a id=\"\" name=\"item_11214321\" title=\"\" class=\"ft-anchor ft-anchor--absolute ft-helper-spacer-voffset-xlg\"><\/a><\/p>\n<p class=\"ft-text\">El alcalde de Cangas del Narcea, Jos\u00e9 Luis Fontaniella, fue el encargado de leer el manifiesto de los ayuntamientos de Espa\u00f1a en apoyo a Ceuta y a los Ceut\u00eds.<\/p>\n<p><img decoding=\"async\" src=\"https:\/\/www.europesays.com\/es\/wp-content\/uploads\/2026\/09\/7683e617-d1ab-45b3-8f2f-a92393ed82e2_alta-libre-aspect-ratio_default_0_x1024y512.jpg\" width=\"1200\" height=\"900\" alt=\"El alcalde de Cangas del Narcea, Jos\u00e9 Luis Fontaniella, fue el encargado de leer el manifiesto de los ayuntamientos de Espa\u00f1a en apoyo a Ceuta y a los Ceut\u00eds\" class=\"ft-helper-img-rd\" loading=\"lazy\" fetchpriority=\"auto\"\/><\/p>\n<p class=\"ft-helper-fontColor-quaternary ft-helper-fontSize-body-S ft-helper-spacer-t-xxs\">El alcalde de Cangas del Narcea, Jos\u00e9 Luis Fontaniella, fue el encargado de leer el manifiesto de los ayuntamientos de Espa\u00f1a en apoyo a Ceuta y a los Ceut\u00eds  \/ Demelsa \u00c1lvarez<\/p>\n<p><a id=\"\" name=\"item_11214320\" title=\"\" class=\"ft-anchor ft-anchor--absolute ft-helper-spacer-voffset-xlg\"><\/a><\/p>\n<p class=\"ft-text\">Asistentes a la concentraci\u00f3n de Soto del Barco.<\/p>\n<p><img decoding=\"async\" src=\"https:\/\/www.europesays.com\/es\/wp-content\/uploads\/2026\/09\/6ab67a9d-deaa-405c-996c-4618c8b69380_alta-libre-aspect-ratio_default_0_x1024y512.jpg\" width=\"1200\" height=\"900\" alt=\"Asistentes a la concentraci\u00f3n de Soto del Barco.\" class=\"ft-helper-img-rd\" loading=\"lazy\" fetchpriority=\"auto\"\/><\/p>\n<p class=\"ft-helper-fontColor-quaternary ft-helper-fontSize-body-S ft-helper-spacer-t-xxs\">Asistentes a la concentraci\u00f3n de Soto del Barco.  \/ A. de la Fuente<\/p>\n<p><a id=\"\" name=\"item_11214294\" title=\"\" class=\"ft-anchor ft-anchor--absolute ft-helper-spacer-voffset-xlg\"><\/a><\/p>\n","protected":false},"excerpt":{"rendered":"Por unas horas, Ceuta estuvo a m\u00e1s de 800 kil\u00f3metros de Asturias y, al mismo tiempo, en la&hellip;\n","protected":false},"author":2,"featured_media":744681,"comment_status":"","ping_status":"","sticky":false,"template":"","format":"standard","meta":{"footnotes":""},"categories":[8],"tags":[6635,17,18,4486,2125,3598,25,24,13,14,11,132114,19,20,5087,9,10,15,16,6417,23,12,21,22],"class_list":["post-744680","post","type-post","status-publish","format-standard","has-post-thumbnail","category-espana","tag-apoyo","tag-breaking-news","tag-breakingnews","tag-ceuta","tag-directo","tag-en-directo","tag-es","tag-espana","tag-featured-news","tag-featurednews","tag-headlines","tag-la-ciudad","tag-latest-news","tag-latestnews","tag-manifestacion","tag-news","tag-noticias","tag-noticias-destacadas","tag-noticiasdestacadas","tag-puntos","tag-spain","tag-titulares","tag-ultimas-noticias","tag-ultimasnoticias"],"share_on_mastodon":{"url":"https:\/\/pubeurope.com\/@es\/117203693923927332","error":""},"_links":{"self":[{"href":"https:\/\/www.europesays.com\/es\/wp-json\/wp\/v2\/posts\/744680","targetHints":{"allow":["GET"]}}],"collection":[{"href":"https:\/\/www.europesays.com\/es\/wp-json\/wp\/v2\/posts"}],"about":[{"href":"https:\/\/www.europesays.com\/es\/wp-json\/wp\/v2\/types\/post"}],"author":[{"embeddable":true,"href":"https:\/\/www.europesays.com\/es\/wp-json\/wp\/v2\/users\/2"}],"replies":[{"embeddable":true,"href":"https:\/\/www.europesays.com\/es\/wp-json\/wp\/v2\/comments?post=744680"}],"version-history":[{"count":0,"href":"https:\/\/www.europesays.com\/es\/wp-json\/wp\/v2\/posts\/744680\/revisions"}],"wp:featuredmedia":[{"embeddable":true,"href":"https:\/\/www.europesays.com\/es\/wp-json\/wp\/v2\/media\/744681"}],"wp:attachment":[{"href":"https:\/\/www.europesays.com\/es\/wp-json\/wp\/v2\/media?parent=744680"}],"wp:term":[{"taxonomy":"category","embeddable":true,"href":"https:\/\/www.europesays.com\/es\/wp-json\/wp\/v2\/categories?post=744680"},{"taxonomy":"post_tag","embeddable":true,"href":"https:\/\/www.europesays.com\/es\/wp-json\/wp\/v2\/tags?post=744680"}],"curies":[{"name":"wp","href":"https:\/\/api.w.org\/{rel}","templated":true}]}}