{"id":744686,"date":"2026-09-02T22:05:08","date_gmt":"2026-09-02T22:05:08","guid":{"rendered":"https:\/\/www.europesays.com\/es\/744686\/"},"modified":"2026-09-02T22:05:08","modified_gmt":"2026-09-02T22:05:08","slug":"a-tumba-abierta-by-amix-ha-sido-una-etapa-preciosa-de-estas-que-necesitamos","status":"publish","type":"post","link":"https:\/\/www.europesays.com\/es\/744686\/","title":{"rendered":"A tumba abierta by AMIX: \u00abHa sido una etapa preciosa, de estas que necesitamos\u00bb"},"content":{"rendered":"<p data-mrf-recirculation=\"Links P\u00e1rrafos\" class=\"ue-c-article__paragraph paragraph ue-c-article--first-letter-highlighted\"><a href=\"https:\/\/www.marca.com\/ciclismo\/vuelta-espana\/2026\/09\/01\/\" rel=\"nofollow noopener\" target=\"_blank\">No te pierdas un nuevo episodio de A tumba abierta by <strong>AMIX<\/strong> sobre <strong>LaVuelta&#8217;26<\/strong>, con <strong>Jos\u00e9 Rodr\u00edguez<\/strong>, <strong>Carlos Barredo <\/strong>y<strong> Nacho Labarga<\/strong>, en el que se analiza todo lo sucedido en la etapa de Elche de la Sierra, marcada por el ritmo fren\u00e9tico, el descontrol final y la <strong>victoria de Bastien Tronch\u00f3n<\/strong>.<\/p>\n<p data-mrf-recirculation=\"Links P\u00e1rrafos\" class=\"ue-c-article__paragraph paragraph\">La jornada, con 3.000 metros de desnivel y un recorrido que invitaba a una carrera sin control, termin\u00f3 con un desenlace inesperado. <strong>Fedorov y Mikel Azparren<\/strong> llegaron a tener ventaja en los kil\u00f3metros finales, pero el grupo consigui\u00f3 neutralizarles y<strong> Bastien Tronch\u00f3n se impuso <\/strong>en un sprint de fuerza para <strong>estrenar su palmar\u00e9s en una gran vuelta<\/strong>.<\/p>\n<p data-mrf-recirculation=\"Links P\u00e1rrafos\" class=\"ue-c-article__paragraph paragraph\">El podcast analiza tambi\u00e9n el papel de <strong>Bismarck<\/strong> y el desgaste de sus corredores, la implicaci\u00f3n de <strong>UAE <\/strong>en una etapa de continuas alternativas y las opciones que tuvo <strong>Azparren<\/strong> de conseguir la victoria. Una jornada que volvi\u00f3 a demostrar que <strong>LaVuelta<\/strong>, <strong>tras la retirada de Tadej Pogacar, ha entrado en una din\u00e1mica mucho m\u00e1s abierta y dif\u00edcil de controlar<\/strong>.<\/p>\n<p data-mrf-recirculation=\"Links P\u00e1rrafos\" class=\"ue-c-article__paragraph paragraph\"><strong>&#8216;A tumba abierta by AMIX&#8217;<\/strong>, que suma su<strong> cuarto a\u00f1o<\/strong> de vida y tiene ahora un nuevo compa\u00f1ero de viaje, se puede escuchar en todas las plataformas habituales de <strong>podcast<\/strong> (<a href=\"https:\/\/open.spotify.com\/show\/2YbiFz7st8a1hw4SzKh3Yc\" rel=\"nofollow noopener\" target=\"_blank\">Spotify<\/a>, <a href=\"https:\/\/www.ivoox.com\/podcast-a-tumba-abierta-by-amix_sq_f11580615_1.html\" rel=\"nofollow noopener\" target=\"_blank\">Ivoox<\/a>, <a href=\"https:\/\/podcasts.apple.com\/es\/podcast\/a-tumba-abierta-by-amix\/id1631749309\" rel=\"nofollow noopener\" target=\"_blank\">Apple Podcast<\/a>, <a href=\"https:\/\/omny.fm\/shows\/ciclismo-a-tumba-abierta\" rel=\"nofollow noopener\" target=\"_blank\">Omny<\/a>&#8230;). Suscr\u00edbete gratis en tu plataforma habitual.<\/p>\n<p data-mrf-recirculation=\"Links P\u00e1rrafos\" class=\"ue-c-article__paragraph paragraph\">Mantiene una periodicidad <strong>semanal<\/strong> durante el a\u00f1o de enero a diciembre y se convierte en <strong>diario<\/strong> durante las tres grandes vueltas (<strong>Giro<\/strong>, <strong>Tour<\/strong> y <strong>LaVuelta<\/strong>), con episodios tras cada etapa para acompa\u00f1ar la carrera al ritmo real del pelot\u00f3n. Doce meses por delante para hablar de <strong>ciclismo<\/strong>, de preparaci\u00f3n, de salud y de pasi\u00f3n.<\/p>\n","protected":false},"excerpt":{"rendered":"No te pierdas un nuevo episodio de A tumba abierta by AMIX sobre LaVuelta&#8217;26, con Jos\u00e9 Rodr\u00edguez, Carlos&hellip;\n","protected":false},"author":2,"featured_media":744687,"comment_status":"","ping_status":"","sticky":false,"template":"","format":"standard","meta":{"footnotes":""},"categories":[273],"tags":[313,312,168,25,24,23,167],"class_list":["post-744686","post","type-post","status-publish","format-standard","has-post-thumbnail","category-ciclismo","tag-ciclismo","tag-cycling","tag-deportes","tag-es","tag-espana","tag-spain","tag-sports"],"share_on_mastodon":{"url":"https:\/\/pubeurope.com\/@es\/117203719040242427","error":""},"_links":{"self":[{"href":"https:\/\/www.europesays.com\/es\/wp-json\/wp\/v2\/posts\/744686","targetHints":{"allow":["GET"]}}],"collection":[{"href":"https:\/\/www.europesays.com\/es\/wp-json\/wp\/v2\/posts"}],"about":[{"href":"https:\/\/www.europesays.com\/es\/wp-json\/wp\/v2\/types\/post"}],"author":[{"embeddable":true,"href":"https:\/\/www.europesays.com\/es\/wp-json\/wp\/v2\/users\/2"}],"replies":[{"embeddable":true,"href":"https:\/\/www.europesays.com\/es\/wp-json\/wp\/v2\/comments?post=744686"}],"version-history":[{"count":0,"href":"https:\/\/www.europesays.com\/es\/wp-json\/wp\/v2\/posts\/744686\/revisions"}],"wp:featuredmedia":[{"embeddable":true,"href":"https:\/\/www.europesays.com\/es\/wp-json\/wp\/v2\/media\/744687"}],"wp:attachment":[{"href":"https:\/\/www.europesays.com\/es\/wp-json\/wp\/v2\/media?parent=744686"}],"wp:term":[{"taxonomy":"category","embeddable":true,"href":"https:\/\/www.europesays.com\/es\/wp-json\/wp\/v2\/categories?post=744686"},{"taxonomy":"post_tag","embeddable":true,"href":"https:\/\/www.europesays.com\/es\/wp-json\/wp\/v2\/tags?post=744686"}],"curies":[{"name":"wp","href":"https:\/\/api.w.org\/{rel}","templated":true}]}}