{"id":744694,"date":"2026-09-02T22:13:22","date_gmt":"2026-09-02T22:13:22","guid":{"rendered":"https:\/\/www.europesays.com\/es\/744694\/"},"modified":"2026-09-02T22:13:22","modified_gmt":"2026-09-02T22:13:22","slug":"nuevo-libro-de-scorpions-comunicado-de-dark-moor-fechas-de-aposento","status":"publish","type":"post","link":"https:\/\/www.europesays.com\/es\/744694\/","title":{"rendered":"Nuevo libro de SCORPIONS. Comunicado de DARK MOOR. Fechas de APOSENTO."},"content":{"rendered":"<p>\u00a0<\/p>\n<p style=\"text-align: center;\"><strong><a href=\"#SCORPIONS\">Nuevo libro de SCORPIONS<\/a> \u2013 <a href=\"#DARK_MOOR\">Comunicado de DARK MOOR<\/a><\/strong><strong> \u2013 <\/strong><a href=\"#APOSENTO\">Fechas de<strong> APOSENTO.<\/strong><\/a><\/p>\n<p>Este mes de septiembre sale un nuevo libro dedicado a <a href=\"https:\/\/www.facebook.com\/Scorpions\" target=\"_blank\" rel=\"noopener nofollow\"><strong>SCORPIONS<\/strong><\/a> y a su disco \u201cPure Instinct\u201d titulado \u201cPure Intinct \u2013 Une \u00e9pop\u00e9e cr\u00e9pusculaire\u201d.<\/p>\n<p>Ha sido escrito por el franc\u00e9s Guillaume Gaguet, y como su t\u00edtulo indica, se centra en el disco publicado en 1996 y en las circunstancias que rodearon su creaci\u00f3n.<\/p>\n<p>Incluye entrevistas con miembros actuales y pasados, adem\u00e1s de colaboradores como productores, m\u00fasicos de estudio, fot\u00f3grafos o personas cercanas al grupo.<\/p>\n<p>M\u00e1s detalles en este <a href=\"https:\/\/deadlysting.myportfolio.com\/scorpions-pure-instinct\" target=\"_blank\" rel=\"noopener nofollow\">enlace<\/a>.<\/p>\n<p>El pasado 27 de febrero <a href=\"https:\/\/www.facebook.com\/Scorpions\" target=\"_blank\" rel=\"noopener nofollow\"><strong>SCORPIONS<\/strong><\/a> reeditaron su <a href=\"https:\/\/www.rafabasa.com\/2026\/02\/02\/scorpions-anette-olzon-teksuo\/#SCORPIONS\" rel=\"nofollow noopener\" target=\"_blank\">disco de debut<\/a> \u201cLonesome Crow\u201d con motivo de su sexag\u00e9simo aniversario.<\/p>\n<p>Su <a href=\"https:\/\/www.rafabasa.com\/2025\/07\/30\/scorpions-led-zeppelin-ugly-kid-joe-stryper-a-z\/#SCORPIONS\" rel=\"nofollow noopener\" target=\"_blank\">nuevo directo<\/a> \u201cComing Home Live\u201d apareci\u00f3 el 14 de noviembre.<\/p>\n<p>En este <a href=\"https:\/\/www.rafabasa.com\/2025\/07\/07\/scorpions-moonspell-victory-liantes-metaleros\/#SCORPIONS3\" rel=\"nofollow noopener\" target=\"_blank\">bloque<\/a> pod\u00e9is ver un tr\u00e1iler para la pr\u00f3xima <a href=\"https:\/\/www.rafabasa.com\/2025\/06\/29\/scorpions-till-lindemann-move-your-fucking-brain-extreme-fest\/#SCORPIONS\" rel=\"nofollow noopener\" target=\"_blank\">pel\u00edcula biogr\u00e1fica<\/a> de <a href=\"https:\/\/www.facebook.com\/Scorpions\" target=\"_blank\" rel=\"noopener nofollow\"><strong>SCORPIONS<\/strong><\/a> \u201cWind Of Change: The Movie\u201d.<\/p>\n<p>\u00a0<\/p>\n<p><a href=\"https:\/\/dark-moor.com\/\" target=\"_blank\" rel=\"noopener nofollow\"><strong>DARK MOOR<\/strong><\/a> han publicado el siguiente comunicado:<\/p>\n<p>\u201c\u00a1Hola a todos! Quer\u00edamos aprovechar este momento para dar las gracias a todas las personas que durante estos \u00faltimos meses nos hab\u00e9is enviado vuestra candidatura para convertiros en la nueva voz de DARK MOOR.<\/p>\n<p>Sinceramente, hemos recibido much\u00edsimas m\u00e1s propuestas de las que esper\u00e1bamos, tanto desde Espa\u00f1a como desde muchos otros pa\u00edses, y queremos agradeceros el tiempo, el trabajo y, sobre todo, la ilusi\u00f3n que hab\u00e9is puesto en cada audici\u00f3n.<\/p>\n<p>Sabemos perfectamente lo que supone preparar una grabaci\u00f3n, elegir las canciones, grabarlas y enviarlas esperando una respuesta, as\u00ed que estamos intentando escuchar y valorar cada candidatura con el tiempo y el respeto que merece.<\/p>\n<p>Estamos entrando en una etapa muy importante para Dark Moor y queremos tomar esta decisi\u00f3n con calma, porque no estamos buscando solamente una gran voz, sino a la persona adecuada para escribir con nosotros el pr\u00f3ximo cap\u00edtulo de la banda.<\/p>\n<p>Y para quienes todav\u00eda est\u00e9n pensando en participar: seguiremos recibiendo candidaturas hasta el pr\u00f3ximo 30 de septiembre a este correo <a href=\"https:\/\/www.rafabasa.com\/2026\/09\/02\/scorpions-dark-moor-aposento\/mailto:darkmoorband@gmail.com\" rel=\"nofollow noopener\" target=\"_blank\">darkmoorband@gmail.com<\/a>.<\/p>\n<p>As\u00ed que, si crees que tu voz puede formar parte del futuro de Dark Moor, todav\u00eda est\u00e1s a tiempo.<\/p>\n<p>A\u00fan no podemos contaros mucho m\u00e1s\u2026 pero s\u00ed podemos deciros que muy pronto habr\u00e1 noticias.<\/p>\n<p>Gracias de verdad por vuestro apoyo, por vuestra paciencia y por querer formar parte de la historia de DARK MOOR.<\/p>\n<p>El pr\u00f3ximo cap\u00edtulo est\u00e1 cada vez m\u00e1s cerca\u2026\u201d<\/p>\n<p>Nuestra \u00faltima entrevista con el guitarrista Enrik Garc\u00eda en este <a href=\"https:\/\/www.rafabasa.com\/2026\/07\/21\/dark-moor-breve-entrevista-con-enrik-garcia-antes-de-leyendas-del-rock\/\" rel=\"nofollow noopener\" target=\"_blank\">enlace<\/a>.<\/p>\n<p>El \u00faltimo trabajo de <strong>DARK MOOR<\/strong> \u201cOrigins\u201d vio la luz en 2018.<\/p>\n<p>La banda ha estrenado <a href=\"https:\/\/www.rafabasa.com\/2026\/03\/13\/dark-moor-estrenan-nuevo-video\/\" rel=\"nofollow noopener\" target=\"_blank\">varios singles<\/a> a lo largo de 2025 y 2026.<\/p>\n<p><img fetchpriority=\"high\" decoding=\"async\" src=\"https:\/\/www.europesays.com\/es\/wp-content\/uploads\/2026\/09\/DarkMoor_Enrik2.jpg\" alt=\"DARK_MOOR\" width=\"333\" height=\"500\"\/><\/p>\n<p>\u00a0<\/p>\n<p><strong>APOSENTO<\/strong> han anunciado las siguientes fechas:<\/p>\n<ul>\n<li>D\u00eda 13 de noviembre \u00b7 Sala Spectrum \u00b7 MURCIA<\/li>\n<li>D\u00eda 14 de noviembre \u00b7 Sala Zul\u00fa Klub \u00b7 Aldaia \u2013 VALENCIA<\/li>\n<\/ul>\n<p>El \u00faltimo disco de <strong>APOSENTO<\/strong> \u201cNo Safe Haven\u201d sali\u00f3 el 2 de julio de 2024.<\/p>\n<p>M\u00e1s detalles en esta <a href=\"https:\/\/www.rafabasa.com\/2024\/04\/18\/obituary-vicious-rumors-aposento\/#APOSENTO\" target=\"_blank\" rel=\"noopener nofollow\">noticia<\/a>.<\/p>\n<p>\u00a0<\/p>\n<p align=\"center\">Sigue el \u00a0<a href=\"https:\/\/whatsapp.com\/channel\/0029VaCprxVBA1f555USvT2O\" target=\"_blank\" rel=\"nofollow noopener\">Canal de RAFABASA.COM en WhatsApp<\/a>, donde encontrar\u00e1s todas nuestras novedades al instante<\/p>\n<p>\u00a0<\/p>\n<p>\u00a0<\/p>\n<p>&#13;<\/p>\n<tr>&#13;<\/p>\n<td width=\"50%\"><a href=\"https:\/\/carontestudio.com\/agencia-marketing-musical\/?utm_source=referal&amp;utm_medium=banner1&amp;utm_capaign=rafabasa\" target=\"_blank\" rel=\"noopener nofollow\"><img loading=\"lazy\" decoding=\"async\" src=\"https:\/\/www.europesays.com\/es\/wp-content\/uploads\/2026\/09\/1788387200_78_banner_caronte_jon1_09_26.gif\" alt=\"CARONTE\" width=\"216\" height=\"305\"\/><\/a><\/td>\n<p>&#13;<\/p>\n<td width=\"50%\"><a href=\"https:\/\/www.ginetarockfest.es\/\" target=\"_blank\" rel=\"noopener nofollow\"><img loading=\"lazy\" decoding=\"async\" src=\"https:\/\/www.europesays.com\/es\/wp-content\/uploads\/2026\/09\/1788387202_849_banner_gineta_rock12_08_26.jpg\" alt=\"GINETA ROCK 2026\" width=\"216\" height=\"270\"\/><\/a><\/td>\n<p>&#13;<br \/>\n  <\/tr>\n<p>&#13;<\/p>\n","protected":false},"excerpt":{"rendered":"\u00a0 Nuevo libro de SCORPIONS \u2013 Comunicado de DARK MOOR \u2013 Fechas de APOSENTO. Este mes de septiembre&hellip;\n","protected":false},"author":2,"featured_media":744695,"comment_status":"","ping_status":"","sticky":false,"template":"","format":"standard","meta":{"footnotes":""},"categories":[170],"tags":[132115,48422,146,147,25,24,184,185,58482,23],"class_list":["post-744694","post","type-post","status-publish","format-standard","has-post-thumbnail","category-musica","tag-aposento","tag-dark-moor","tag-entertainment","tag-entretenimiento","tag-es","tag-espana","tag-music","tag-musica","tag-scorpions","tag-spain"],"share_on_mastodon":{"url":"https:\/\/pubeurope.com\/@es\/117203751596083470","error":""},"_links":{"self":[{"href":"https:\/\/www.europesays.com\/es\/wp-json\/wp\/v2\/posts\/744694","targetHints":{"allow":["GET"]}}],"collection":[{"href":"https:\/\/www.europesays.com\/es\/wp-json\/wp\/v2\/posts"}],"about":[{"href":"https:\/\/www.europesays.com\/es\/wp-json\/wp\/v2\/types\/post"}],"author":[{"embeddable":true,"href":"https:\/\/www.europesays.com\/es\/wp-json\/wp\/v2\/users\/2"}],"replies":[{"embeddable":true,"href":"https:\/\/www.europesays.com\/es\/wp-json\/wp\/v2\/comments?post=744694"}],"version-history":[{"count":0,"href":"https:\/\/www.europesays.com\/es\/wp-json\/wp\/v2\/posts\/744694\/revisions"}],"wp:featuredmedia":[{"embeddable":true,"href":"https:\/\/www.europesays.com\/es\/wp-json\/wp\/v2\/media\/744695"}],"wp:attachment":[{"href":"https:\/\/www.europesays.com\/es\/wp-json\/wp\/v2\/media?parent=744694"}],"wp:term":[{"taxonomy":"category","embeddable":true,"href":"https:\/\/www.europesays.com\/es\/wp-json\/wp\/v2\/categories?post=744694"},{"taxonomy":"post_tag","embeddable":true,"href":"https:\/\/www.europesays.com\/es\/wp-json\/wp\/v2\/tags?post=744694"}],"curies":[{"name":"wp","href":"https:\/\/api.w.org\/{rel}","templated":true}]}}