{"id":744698,"date":"2026-09-02T22:15:16","date_gmt":"2026-09-02T22:15:16","guid":{"rendered":"https:\/\/www.europesays.com\/es\/744698\/"},"modified":"2026-09-02T22:15:16","modified_gmt":"2026-09-02T22:15:16","slug":"la-confesion-de-lautaro-los-rumores-sobre-el-barca-eran-ciertos","status":"publish","type":"post","link":"https:\/\/www.europesays.com\/es\/744698\/","title":{"rendered":"La confesi\u00f3n de Lautaro: \u00abLos rumores sobre el Bar\u00e7a eran ciertos\u00bb"},"content":{"rendered":"<p class=\"ft-text\">Por fin <strong>Lautaro Mart\u00ednez rompi\u00f3 el silencio y coment\u00f3 todo lo sucedido a su alrededor en la recta final del mercado futbol\u00edstico<\/strong>. Aprovechando la celebraci\u00f3n de la Gran Gala del Calcio, el delantero argentino atendi\u00f3 a los micr\u00f3fonos de Sky Italia y se pronunci\u00f3 sobre su posible salida del Inter y el inter\u00e9s del Bar\u00e7a.<\/p>\n<p class=\"ft-text\"><strong>El nombre de Lautaro Mart\u00ednez cogi\u00f3 mucha fuerza en el mercado despu\u00e9s que en los \u00faltimos d\u00edas la directiva del Atl\u00e9tico Madrid reiter\u00f3 por activa y por pasiva que Juli\u00e1n \u00c1lvarez bajo ning\u00fan concepto saldr\u00eda del club colchonero para recalar en club azulgrana esta temporada<\/strong>. Ni la insistencia del Bar\u00e7a ni la actitud del propio futbolista reclamando una v\u00eda negociadora lograron que la directiva del Atl\u00e9tico reconsiderara su postura: Juli\u00e1n \u00c1lvarez no estaba en el mercado para el Bar\u00e7a.<\/p>\n<p class=\"ft-text\">Ante este escenario, <strong>el nombre de Lautaro Mart\u00ednez surgi\u00f3 como gran alternativa a la hora de incorporar un delantero de primer nivel mundial.<\/strong> Desde el Inter se neg\u00f3 cualquier tipo de oferta azulgrana y tambi\u00e9n descart\u00f3 abrir negociaciones para explorar un posible traspaso millonario.<\/p>\n<p class=\"ft-text\">Pero en la gala del f\u00fatbol italiano, por primera vez habl\u00f3 el gran protagonista. Lautaro no tuvo reparos en reconocer que s\u00ed hubo contactos con el Bar\u00e7a. \u00abRecibir estas ofertas siempre es un halago porque uno trabajo siempre para mantenerse en lo m\u00e1s alto del f\u00fatbol. <strong>Los rumores eran ciertos\u00bb.<\/strong><\/p>\n<p class=\"ft-text\"><a class=\"ft-link ft-link--decoration\" href=\"https:\/\/www.sport.es\/es\/noticias\/barca\/presidente-inter-marotta-cierra-puerta-133571440\" rel=\"nofollow noopener\" target=\"_blank\">El Bar\u00e7a se interes\u00f3 por el fichaje de Lautaro, aunque tambi\u00e9n es cierto que la puerta siempre estuvo cerrada, al igual que con Juli\u00e1n \u00c1lvarez<\/a>. \u00abSiempre he dicho que quiero quedarme en el Inter, junto a mis compa\u00f1eros y a nuestra afici\u00f3n. Mientras ellos me quieran, me quedar\u00e9 en este club\u00bb.<\/p>\n<p class=\"ft-text\">Lautaro, sin embargo, esboz\u00f3 una sonrisa al recordar que en el mundo del f\u00fatbol todo es posible. <strong>\u00abTodos sabemos que en el mundo del f\u00fatbol, cuando ya no sirves, te echan<\/strong>. Estar en el Inter es un orgullo, soy feliz. Quiero quedarme aqu\u00ed y luchar cada d\u00eda por seguir creciendo y peleando por los grandes t\u00edtulos con el Inter\u00bb, puntualiz\u00f3<\/p>\n","protected":false},"excerpt":{"rendered":"Por fin Lautaro Mart\u00ednez rompi\u00f3 el silencio y coment\u00f3 todo lo sucedido a su alrededor en la recta&hellip;\n","protected":false},"author":2,"featured_media":744699,"comment_status":"","ping_status":"","sticky":false,"template":"","format":"standard","meta":{"footnotes":""},"categories":[93],"tags":[2296,24235,168,25,24,107970,41968,11491,23,167],"class_list":["post-744698","post","type-post","status-publish","format-standard","has-post-thumbnail","category-deportes","tag-barca","tag-confesion","tag-deportes","tag-es","tag-espana","tag-lautaro","tag-lautaro-martinez","tag-rumores","tag-spain","tag-sports"],"share_on_mastodon":{"url":"https:\/\/pubeurope.com\/@es\/117203758536233875","error":""},"_links":{"self":[{"href":"https:\/\/www.europesays.com\/es\/wp-json\/wp\/v2\/posts\/744698","targetHints":{"allow":["GET"]}}],"collection":[{"href":"https:\/\/www.europesays.com\/es\/wp-json\/wp\/v2\/posts"}],"about":[{"href":"https:\/\/www.europesays.com\/es\/wp-json\/wp\/v2\/types\/post"}],"author":[{"embeddable":true,"href":"https:\/\/www.europesays.com\/es\/wp-json\/wp\/v2\/users\/2"}],"replies":[{"embeddable":true,"href":"https:\/\/www.europesays.com\/es\/wp-json\/wp\/v2\/comments?post=744698"}],"version-history":[{"count":0,"href":"https:\/\/www.europesays.com\/es\/wp-json\/wp\/v2\/posts\/744698\/revisions"}],"wp:featuredmedia":[{"embeddable":true,"href":"https:\/\/www.europesays.com\/es\/wp-json\/wp\/v2\/media\/744699"}],"wp:attachment":[{"href":"https:\/\/www.europesays.com\/es\/wp-json\/wp\/v2\/media?parent=744698"}],"wp:term":[{"taxonomy":"category","embeddable":true,"href":"https:\/\/www.europesays.com\/es\/wp-json\/wp\/v2\/categories?post=744698"},{"taxonomy":"post_tag","embeddable":true,"href":"https:\/\/www.europesays.com\/es\/wp-json\/wp\/v2\/tags?post=744698"}],"curies":[{"name":"wp","href":"https:\/\/api.w.org\/{rel}","templated":true}]}}