{"id":744712,"date":"2026-09-02T22:22:09","date_gmt":"2026-09-02T22:22:09","guid":{"rendered":"https:\/\/www.europesays.com\/es\/744712\/"},"modified":"2026-09-02T22:22:09","modified_gmt":"2026-09-02T22:22:09","slug":"miles-de-personas-secundan-en-canarias-las-concentraciones-en-apoyo-a-ceuta","status":"publish","type":"post","link":"https:\/\/www.europesays.com\/es\/744712\/","title":{"rendered":"Miles de personas secundan en Canarias las concentraciones en apoyo a Ceuta"},"content":{"rendered":"<p class=\"article-text\">\n        <strong>Canarias<\/strong> alberga media decena de las m\u00e1s de<strong> 260 manifestaciones<\/strong> en apoyo a <strong>Ceuta<\/strong> convocadas por la <strong>Federaci\u00f3n Espa\u00f1ola de Municipios y Provincias<\/strong> (FEMP).\n    <\/p>\n<p>    <a href=\"https:\/\/www.eldiario.es\/politica\/policia-analiza-imagenes-redes-sociales-apuntar-posible-participacion-agentes-marroquies-asalto-ceuta_1_13482964.html\" data-mrf-recirculation=\"saber-mas\" data-dl-event=\"saber-mas\" rel=\"nofollow noopener\" target=\"_blank\"><\/p>\n<p class=\"know-more__title\">La Polic\u00eda analiza im\u00e1genes de redes sociales para apuntar a la posible participaci\u00f3n de agentes marroqu\u00edes en la entrada a Ceuta<\/p>\n<p>            <img decoding=\"async\" class=\"lazy\" loading=\"lazy\" data-src=\"https:\/\/static.eldiario.es\/clip\/e512918d-7f4f-4a81-83cc-1507f79ce531_16-9-aspect-ratio_default_0.jpg\" src=\"data:image\/svg+xml,%3Csvg xmlns=\" http:=\"\" viewbox=\"0 0 880 495\" alt=\"La Polic\u00eda analiza im\u00e1genes de redes sociales para apuntar a la posible participaci\u00f3n de agentes marroqu\u00edes en la entrada a Ceuta\"\/><\/p>\n<p>                        <\/a><\/p>\n<p class=\"article-text\">\n        En un clima afectado por el anuncio de <a href=\"https:\/\/www.eldiario.es\/canariasahora\/tenerifeahora\/sociedad\/contramanifestacion-tenerife-frente-racismo-ceuta-respuesta-convocatoria-260-municipios_1_13480457.html\" target=\"_blank\" data-mrf-recirculation=\"links-noticia\" class=\"link\" rel=\"nofollow noopener\">contramanifestaciones<\/a> <strong>a favor de los derechos de las personas migrantes<\/strong> y con la oposici\u00f3n a la convocatoria de la FEMP por parte de la<strong> Federaci\u00f3n Canaria de Municipios<\/strong>, que la ha tildado de \u201cpartidista\u201d, hasta seis municipios isle\u00f1os se suman a la protesta.\n    <\/p>\n<p class=\"article-text\">\n        En medio de un cruce de resproches pol\u00edticos y con contramanifestaciones en favor de los derechos migrantes, la jornada trancurri\u00f3 sin incidentes rese\u00f1ables que entra\u00f1aran gravedad\n    <\/p>\n<p>    Gran Canaria<\/p>\n<p class=\"article-text\">\n        En la isla de <strong>Gran Canaria<\/strong>, <strong>tres municipios<\/strong> alojaron las concentraciones en apoyo a Ceuta: <strong>Las Palmas de Gran Canaria<\/strong>, aunque <a href=\"https:\/\/www.eldiario.es\/canariasahora\/politica\/alcaldesa-las-palmas-gran-canaria-apoyo-ceuta_1_13480755.html\" target=\"_blank\" data-mrf-recirculation=\"links-noticia\" class=\"link\" rel=\"nofollow noopener\">con el rechazo de la alcaldesa, Carolina Darias<\/a>; <strong>el municipio de Telde; <\/strong>y el de Mog\u00e1n, donde hace tan solo dos meses estuvo el Papa Le\u00f3n XIV destacando el muelle de Arguinegu\u00edn como s\u00edmbolo de la solidaridad con el migrante.\n    <\/p>\n<p class=\"article-text\">\n        En la capital, m\u00e1s de 7.000 personas se han manifestado este mi\u00e9rcoles en apoyo a Ceuta frente a la sede institucional del Ayuntamiento capitalino y con gritos en favor de los ceut\u00edes y con<strong> c\u00e1nticos en contra del presidente del Gobierno, Pedro S\u00e1nchez<\/strong>.\n    <\/p>\n<p class=\"article-text\">\n        A pocos metros de la manifestaci\u00f3n prevista frente al Ayuntamiento y a la misma hora, cientos de personas quisieron dejar claro que la defensa de la Ciudad Aut\u00f3noma de Ceuta y a sus vecinos, en una situaci\u00f3n de extrema gravedad, no est\u00e1 re\u00f1ida con la defensa de las vidas de las personas migrantes y de los Derechos Humanos.\n    <\/p>\n<p class=\"article-text\">\n        \u201cCada vez que alguien dice que somos una invasi\u00f3n, nos est\u00e1 deshumanizando\u201d, dice por el meg\u00e1fono David. La concentraci\u00f3n, organizada por colectivos antirracistas, asociaciones de apoyo a las personas migrantes y organizaciones sociales de Gran Canaria, bajo el lema \u201c\u00bfCu\u00e1ndo van a cuidar nuestras vidas? Cuidarnos tambi\u00e9n es resistencia\u201d, han querido matizar que todas las vidas importan.\n    <\/p>\n<p>    Tenerife <\/p>\n<p class=\"article-text\">\n        En Santa Cruz de Tenerife, tanto frente del Ayuntamiento como de la sede insular del Cabildo, en total, unas 3.000 personas, seg\u00fan las cifras facilitadas por Delegaci\u00f3n del Gobierno, se han concentrado, la mayor\u00eda portando banderas de Espa\u00f1a y algunas de Ceuta.\n    <\/p>\n<p class=\"article-text\">\n        Los principales c\u00e1nticos en la manifestaci\u00f3n tinerfe\u00f1a han sido: \u201cEl pueblo unido jam\u00e1s ser\u00e1 vencido\u201d, \u201cCeuta no se vende, Ceuta se defiende\u201d, \u201cYo soy espa\u00f1ol, espa\u00f1ol\u201d. En la capital tinerfe\u00f1a tanto el Ayuntamiento como el Cabildo tinerfe\u00f1o, donde gobiernan Coalici\u00f3n Canaria y Partido Popular, se hab\u00edan sumado a la convocatoria de la FEMP y acogieron concentraciones a las puertas de sus instituciones.\n    <\/p>\n<p>    <a href=\"https:\/\/www.eldiario.es\/politica\/miles-ciudadanos-salen-calle-apoyo-ceuta-gestion-gobierno-sanchez-traidor_1_13482914.html\" data-mrf-recirculation=\"saber-mas-abajo\" data-dl-event=\"saber-mas-abajo\" rel=\"nofollow noopener\" target=\"_blank\"><\/p>\n<p class=\"know-more__title\">Miles de ciudadanos salen a la calle en apoyo a Ceuta y contra la gesti\u00f3n del Gobierno: \u201c\u00a1S\u00e1nchez, traidor!\u201d<\/p>\n<p>            <img decoding=\"async\" class=\"lazy\" loading=\"lazy\" data-src=\"https:\/\/static.eldiario.es\/clip\/28c384fe-b911-4886-92ea-fbe1da1fc350_16-9-aspect-ratio_default_0_x312y310.jpg\" src=\"data:image\/svg+xml,%3Csvg xmlns=\" http:=\"\" viewbox=\"0 0 880 495\" alt=\"Miles de ciudadanos salen a la calle en apoyo a Ceuta y contra la gesti\u00f3n del Gobierno: &quot;\u00a1S\u00e1nchez, traidor!&quot;\"\/><\/p>\n<p>                        <\/a><\/p>\n<p>    Lanzarote <\/p>\n<p class=\"article-text\">\n        En la capital de Lanzarote, Arrecife, unas dos mil, muchas de ellas envueltas en las banderas de Espa\u00f1a, se concentraron frente al Ayuntamiento coreando c\u00e1nticos a favor de la Ciudad Aut\u00f3noma y con un manifiesto le\u00eddo por el alcalde, <strong> <\/strong>Yonathan de Le\u00f3n (PP), en una marcha en la que tambi\u00e9n se pudo ver al senador <a href=\"https:\/\/www.eldiario.es\/canariasahora\/tribunales\/fiscalia-mantiene-supremo-senador-pedro-sangines-cc-mintio-forma-consciente-voluntad_1_13063416.html\" target=\"_blank\" data-mrf-recirculation=\"links-noticia\" class=\"link\" rel=\"nofollow noopener\">Pedro San Gin\u00e9s (CC)<\/a>. En la difusi\u00f3n de la convocatoria estuvo la asociaci\u00f3n ultra Hazte O\u00edr, que asegur\u00f3 en un comunicado que no se trataba de una protesta con tintes pol\u00edticos<a href=\"https:\/\/www.eldiario.es\/canariasahora\/politica\/hazte-oir-llama-majoreros-conejeros-pincha-protesta-pedro-sanchez-mareta_1_13434103.html\" target=\"_blank\" data-mrf-recirculation=\"links-noticia\" class=\"link\" rel=\"nofollow noopener\"> a pesar anteriores convocatoria de acciones destinadas a atacar directamente al presidente del Gobierno<\/a>.\n    <\/p>\n","protected":false},"excerpt":{"rendered":"Canarias alberga media decena de las m\u00e1s de 260 manifestaciones en apoyo a Ceuta convocadas por la Federaci\u00f3n&hellip;\n","protected":false},"author":2,"featured_media":744713,"comment_status":"","ping_status":"","sticky":false,"template":"","format":"standard","meta":{"footnotes":""},"categories":[5],"tags":[6635,17,18,1896,4486,26678,25,24,13,14,11,19,20,5559,9,10,15,16,3477,67711,23,12,21,22],"class_list":["post-744712","post","type-post","status-publish","format-standard","has-post-thumbnail","category-titulares","tag-apoyo","tag-breaking-news","tag-breakingnews","tag-canarias","tag-ceuta","tag-concentraciones","tag-es","tag-espana","tag-featured-news","tag-featurednews","tag-headlines","tag-latest-news","tag-latestnews","tag-miles","tag-news","tag-noticias","tag-noticias-destacadas","tag-noticiasdestacadas","tag-personas","tag-secundan","tag-spain","tag-titulares","tag-ultimas-noticias","tag-ultimasnoticias"],"share_on_mastodon":{"url":"https:\/\/pubeurope.com\/@es\/117203785802116676","error":""},"_links":{"self":[{"href":"https:\/\/www.europesays.com\/es\/wp-json\/wp\/v2\/posts\/744712","targetHints":{"allow":["GET"]}}],"collection":[{"href":"https:\/\/www.europesays.com\/es\/wp-json\/wp\/v2\/posts"}],"about":[{"href":"https:\/\/www.europesays.com\/es\/wp-json\/wp\/v2\/types\/post"}],"author":[{"embeddable":true,"href":"https:\/\/www.europesays.com\/es\/wp-json\/wp\/v2\/users\/2"}],"replies":[{"embeddable":true,"href":"https:\/\/www.europesays.com\/es\/wp-json\/wp\/v2\/comments?post=744712"}],"version-history":[{"count":0,"href":"https:\/\/www.europesays.com\/es\/wp-json\/wp\/v2\/posts\/744712\/revisions"}],"wp:featuredmedia":[{"embeddable":true,"href":"https:\/\/www.europesays.com\/es\/wp-json\/wp\/v2\/media\/744713"}],"wp:attachment":[{"href":"https:\/\/www.europesays.com\/es\/wp-json\/wp\/v2\/media?parent=744712"}],"wp:term":[{"taxonomy":"category","embeddable":true,"href":"https:\/\/www.europesays.com\/es\/wp-json\/wp\/v2\/categories?post=744712"},{"taxonomy":"post_tag","embeddable":true,"href":"https:\/\/www.europesays.com\/es\/wp-json\/wp\/v2\/tags?post=744712"}],"curies":[{"name":"wp","href":"https:\/\/api.w.org\/{rel}","templated":true}]}}