{"id":744744,"date":"2026-09-02T22:54:17","date_gmt":"2026-09-02T22:54:17","guid":{"rendered":"https:\/\/www.europesays.com\/es\/744744\/"},"modified":"2026-09-02T22:54:17","modified_gmt":"2026-09-02T22:54:17","slug":"kawhi-y-los-clippers-sancionados","status":"publish","type":"post","link":"https:\/\/www.europesays.com\/es\/744744\/","title":{"rendered":"Kawhi y los Clippers, sancionados"},"content":{"rendered":"<p class=\"\">Se acab\u00f3 el sainete al mismo tiempo que se confirm\u00f3 un esc\u00e1ndalo de dimensiones \u00e9picas, tremebundas. <b>La NBA ha sancionado a los Clippers por los trapicheos que han buscado para lucrar a Kawhi Leonard<\/b> durante las \u00faltimas temporadas fuera de los contratos deportivos. La mejor liga del mundo establece que este comportamiento es ilegal y, a pesar de que se ha tardado en solucionar el problema y del poder que tiene Steve Ballmer, ese hombre podrido de dinero y cofundador de Microsoft y due\u00f1o de la entidad, han decidido imponer un duro castigo. Se acaban as\u00ed meses de especulaciones en los que no se sab\u00eda cu\u00e1nto iba a durar la investigaci\u00f3n, <a href=\"https:\/\/as.com\/baloncesto\/nba\/los-clippers-hicieron-trampa-con-kawhi-f202608-n\/\" target=\"_self\" rel=\"nofollow noopener\" title=\"https:\/\/as.com\/baloncesto\/nba\/los-clippers-hicieron-trampa-con-kawhi-f202608-n\/\"><b>con rumores de que incluso se iba a extender hasta 2027, algo que finalmente no se ha dado<\/b><\/a>. Las conclusiones finales del caso han sido esclarecidas por se bas\u00f3 en informaci\u00f3n desarrollada a trav\u00e9s de una pesquisa independiente realizada por la firma de abogados Wachtell, Lipton, Rosen &amp; Katz.<\/p>\n<p class=\"\">Como consecuencia de la declaraci\u00f3n de culpabilidad, los Clippers <b>perder\u00e1n cinco selecciones de primera ronda, una en cada uno de los drafts de 2029, 2030, 2031, 2032 y 2033<\/b>. Adem\u00e1s, los angelinos reciben una multa de 30 millones de d\u00f3lares y su mencionado, Steve Ballmer, estar\u00e1 suspendido de todas las actividades de la competici\u00f3n y del equipo durante un a\u00f1o \u201cpor intentar, a sabiendas, ayudar a Kawhi Leonard a obtener oportunidades de ingresos fuera de las pistas, por aprobar un acuerdo comercial Kawhi . Leonard y por no crear condiciones bajo las cuales su organizaci\u00f3n cumpliera con las reglas de elusi\u00f3n de la NBA\u201d. Las sanciones se extienden a la presidenta de operaciones comerciales de los Clippers, Gillian Zucker, sin sueldo durante un a\u00f1o; y al presidente de operaciones, Lawrence Frank, en su caso durante seis meses. <b>El castigo es hist\u00f3rico y permite romper esas barreras que establec\u00edan como intocables a directivos multimillonarios como Ballmer<\/b>, que fue el que sustituy\u00f3 al taca\u00f1o de Donald Sterling hace m\u00e1s de una d\u00e9cada tras otro esc\u00e1ndalo, en ese caso por comentarios racistas inadmisibles que acabaron con el propietario. Los Clippers, por cierto, han defendido su inocencia en un comunicado, avisando de que van a contraatacar. <\/p>\n<p class=\"\">Adam Silver, comisionado de la competici\u00f3n, ha realizado un comunicado en el que ha dicho que \u201c<b>el sistema de negociaci\u00f3n colectiva de la NBA para determinar la compensaci\u00f3n de los jugadores <\/b>es un componente fundamental de la competencia de baloncesto que la liga supervisa para el beneficio de los equipos, los jugadores y, en \u00faltima instancia, los fan\u00e1ticos. Estoy profundamente decepcionado por las flagrantes violaciones de nuestras reglas y por las fallas institucionales y de liderazgo de los Clippers que llevaron a esta mala conducta. La severidad de las sanciones refleja la gravedad de las violaciones\u201d. Kawhi Leonard, por su parte, tambi\u00e9n ha comentado la resoluci\u00f3n: \u201c<b>la integridad y el respeto por este deporte son fundamentales para quien soy<\/b>. Acepto la plena responsabilidad por los errores de juicio de personas dentro de mi c\u00edrculo \u00edntimo y lamento la distracci\u00f3n que esta situaci\u00f3n ha causado a los aficionados y a mi familia. Firm\u00e9 mi contrato con los Clippers, as\u00ed como los acuerdos en cuesti\u00f3n, de buena fe, completamente comprometido a cumplir con mis obligaciones y sin conocimiento de ninguna intenci\u00f3n por parte de nadie de eludir el tope salarial. <b>Durante 15 a\u00f1os, mi prioridad ha sido darlo todo por mi familia, el deporte y aquellos con quienes comparto la cancha<\/b>. Al regresar a Toronto, estoy enfocado en lo que puedo controlar, en cerrar este cap\u00edtulo y en avanzar con una pizarra limpia\u201d.<\/p>\n<p>Noticias relacionadas<\/p>\n<p class=\"\">Porque s\u00ed, Kawhi regresa definitivamente a los Raptors, a los que llev\u00f3 al \u00fanico anillo de su historia en 2019, ganando por el camino su segundo MVP de las Finales tras el conquistado en 2014 con los Spurs. El jugador simplemente es condenado a pagar una multa de 700.000 d\u00f3lares, pero nada m\u00e1s. <a href=\"https:\/\/as.com\/baloncesto\/nba\/escandalo-en-la-nba-se-congela-el-traspaso-de-kawhi-leonard-f202607-n\/\" target=\"_self\" rel=\"nofollow noopener\" title=\"https:\/\/as.com\/baloncesto\/nba\/escandalo-en-la-nba-se-congela-el-traspaso-de-kawhi-leonard-f202607-n\/\"><b>La franquicia de Toronto fren\u00f3 su adquisici\u00f3n cuando supo que pod\u00eda <\/b><b>comerse<\/b><b>, al menos, una parte del castigo<\/b><\/a> si finalmente se convert\u00edan en culpables, pero tras lo ocurrido y sabiendo que la NBA no va a dejar a la estrella sin jugar, se hacen con sus servicios. Siempre con un car\u00e1cter extra\u00f1o y con un entorno bastante sombr\u00edo, el alero lleg\u00f3 a los Clippers justo despu\u00e9s del campeonato en Canad\u00e1, donde se encontr\u00f3 con Ballmer. El directivo, con una fortuna que le convierte en uno de los hombres m\u00e1s ricos del mundo, so\u00f1aba con darle un t\u00edtulo a la entidad, pero para ello se bas\u00f3 en t\u00e9cnicas que finalmente han conllevado graves consecuencias. <b>Kawhi Leonard promedi\u00f3 el a\u00f1o pasado casi 28 puntos, 6,4 rebotes y 3,6 asistencias<\/b>, y tiene ahora una segunda oportunidad de hacer bien las cosas (en la pista y fuera de ella) en los Raptors. Su paso por Los \u00c1ngeles ya es pasado. Y su legado, un esc\u00e1ndalo hist\u00f3rico.<\/p>\n<p class=\"\"><b>\u00a1Lleva el deporte contigo! <\/b>Descarga la App de AS para recibir alertas al instante y configura en <b>MiZona <\/b>qu\u00e9 quieres leer, sigue a tus equipos y consulta sus partidos. <a href=\"https:\/\/trackingcodes.prisamedia.com\/as.html?utm_campaign=cierre_articulo&amp;utm_source=web\" target=\"_blank\" rel=\"nofollow noopener\" title=\"https:\/\/trackingcodes.prisamedia.com\/as.html?utm_campaign=cierre_articulo&amp;utm_source=web\"><b>Desc\u00e1rgala aqu\u00ed.<\/b><\/a><b> <\/b>\u00bfAdem\u00e1s buscas licenciar contenido? Haz clic <a href=\"https:\/\/profesional.elpais.com\/soluciones-sindicacion?utm_medium=interno&amp;utm_source=crosslinking&amp;utm_campaign=sindicacion_as_pie_articulos\" target=\"_blank\" rel=\"nofollow noopener\" title=\"https:\/\/profesional.elpais.com\/soluciones-sindicacion?utm_medium=interno&amp;utm_source=crosslinking&amp;utm_campaign=sindicacion_as_pie_articulos\">aqu\u00ed<\/a><\/p>\n","protected":false},"excerpt":{"rendered":"Se acab\u00f3 el sainete al mismo tiempo que se confirm\u00f3 un esc\u00e1ndalo de dimensiones \u00e9picas, tremebundas. La NBA&hellip;\n","protected":false},"author":2,"featured_media":744745,"comment_status":"","ping_status":"","sticky":false,"template":"","format":"standard","meta":{"footnotes":""},"categories":[269],"tags":[299,298,168,25,24,23,167],"class_list":["post-744744","post","type-post","status-publish","format-standard","has-post-thumbnail","category-baloncesto","tag-baloncesto","tag-basketball","tag-deportes","tag-es","tag-espana","tag-spain","tag-sports"],"share_on_mastodon":{"url":"https:\/\/pubeurope.com\/@es\/117203911881408463","error":""},"_links":{"self":[{"href":"https:\/\/www.europesays.com\/es\/wp-json\/wp\/v2\/posts\/744744","targetHints":{"allow":["GET"]}}],"collection":[{"href":"https:\/\/www.europesays.com\/es\/wp-json\/wp\/v2\/posts"}],"about":[{"href":"https:\/\/www.europesays.com\/es\/wp-json\/wp\/v2\/types\/post"}],"author":[{"embeddable":true,"href":"https:\/\/www.europesays.com\/es\/wp-json\/wp\/v2\/users\/2"}],"replies":[{"embeddable":true,"href":"https:\/\/www.europesays.com\/es\/wp-json\/wp\/v2\/comments?post=744744"}],"version-history":[{"count":0,"href":"https:\/\/www.europesays.com\/es\/wp-json\/wp\/v2\/posts\/744744\/revisions"}],"wp:featuredmedia":[{"embeddable":true,"href":"https:\/\/www.europesays.com\/es\/wp-json\/wp\/v2\/media\/744745"}],"wp:attachment":[{"href":"https:\/\/www.europesays.com\/es\/wp-json\/wp\/v2\/media?parent=744744"}],"wp:term":[{"taxonomy":"category","embeddable":true,"href":"https:\/\/www.europesays.com\/es\/wp-json\/wp\/v2\/categories?post=744744"},{"taxonomy":"post_tag","embeddable":true,"href":"https:\/\/www.europesays.com\/es\/wp-json\/wp\/v2\/tags?post=744744"}],"curies":[{"name":"wp","href":"https:\/\/api.w.org\/{rel}","templated":true}]}}