{"id":744756,"date":"2026-09-02T23:03:15","date_gmt":"2026-09-02T23:03:15","guid":{"rendered":"https:\/\/www.europesays.com\/es\/744756\/"},"modified":"2026-09-02T23:03:15","modified_gmt":"2026-09-02T23:03:15","slug":"el-director-de-la-oms-alerta-sobre-el-brote-de-ebola-existen-cadenas-de-transmision-que-desconocemos","status":"publish","type":"post","link":"https:\/\/www.europesays.com\/es\/744756\/","title":{"rendered":"El director de la OMS alerta sobre el brote de \u00e9bola: \u00abExisten cadenas de transmisi\u00f3n que desconocemos\u00bb"},"content":{"rendered":"<p style=\"\">El director general de la Organizaci\u00f3n Mundial de la Salud (OMS), Tedros Adhanom Ghebreyesus, ha advertido este 2 de septiembre que la respuesta al \u00e9bola  &#8230; debe ampliarse de manera urgente en la Rep\u00fablica Democr\u00e1tica del Congo, debido a que el rastreo y seguimiento de las cadenas de contagio sigue siendo un desaf\u00edo cr\u00edtico. \u00abHasta que no se encuentren y se rompan todas las cadenas de transmisi\u00f3n, la epidemia continuar\u00e1 y seguir\u00e1 representando una amenaza para la Rep\u00fablica Democr\u00e1tica del Congo, sus vecinos y la regi\u00f3n en su conjunto\u00bb, explica en declaraciones recogidas por la agencia Reuters.<\/p>\n<p class=\"v-d-p\" style=\"\">Los datos oficiales indican que el n\u00famero de muertos por este brote ya ha superado los 3.000. La epidemia, causada por la especie Bundibugyo del \u00e9bola, se ha consolidado como la m\u00e1s grande y mort\u00edfera en la historia de la RDC, tras superar el brote registrado entre 2018 y 2020. A nivel global, esta crisis sanitaria actualmente solo es superada por la hist\u00f3rica epidemia de \u00c1frica Occidental de 2014-2016.<\/p>\n<ul class=\"v-cmp-rld__u\">\n<li class=\"v-cmp-rld__l\">\n<p><a class=\"v-a-lnk\" href=\"http:\/\/www.lasprovincias.es\/sociedad\/muertes-dia-oms-emite-nuevas-recomendaciones-intentar-20260825135503-ntrc.html#vtm_modulosEngag=noticiasrelacionadas-cmp-uno:sociedad:noticia:1\" data-voc-vtm-id=\"in-text-traffic\" rel=\"nofollow noopener\" target=\"_blank\"><br \/>\n<img decoding=\"async\" loading=\"lazy\" src=\"https:\/\/www.europesays.com\/es\/wp-content\/uploads\/2026\/09\/1516268686-U28417360226bUn-366x256@RC.jpg\" class=\"v-a-img\" width=\"258\" height=\"180\" alt=\"La OMS emite nuevas recomendaciones para frenar el brote de \u00e9bola, que deja 35 muertes al d\u00eda\"\/><br \/>\n<\/a><\/p>\n<\/li>\n<\/ul>\n<p class=\"v-d-p\" style=\"\">La mayor alarma de las autoridades radica en que muchas muertes se est\u00e1n produciendo en personas que no figuran en las listas de contactos conocidos. Seg\u00fan Ghebreyesus, esto confirma que \u00abexisten cadenas de transmisi\u00f3n que desconocemos\u00bb, una situaci\u00f3n que se ve agravada porque muchos de los fallecidos a\u00fan son sepultados mediante entierros inseguros que contin\u00faan alimentando la propagaci\u00f3n del virus.<\/p>\n<p class=\"v-d-p\" style=\"\">Ante este complejo escenario, el Comit\u00e9 de la OMS felicit\u00f3 a Uganda por controlar r\u00e1pidamente la transmisi\u00f3n sin registrar nuevos casos desde el 16 de julio de 2026. Sin embargo, mostr\u00f3 su grave preocupaci\u00f3n por el r\u00e1pido crecimiento de la epidemia en la RDC. Controlar la transmisi\u00f3n requerir\u00e1 financiar urgentemente el plan de respuesta del gobierno congole\u00f1o, presupuestado en 1.300 millones de d\u00f3lares, as\u00ed como asegurar un compromiso pol\u00edtico de alto nivel para facilitar el acceso humanitario seguro en zonas afectadas por conflictos armados e inseguridad.<\/p>\n<p>Qu\u00e9 es el \u00e9bola, cu\u00e1les son sus s\u00edntomas y c\u00f3mo se trata<\/p>\n<p class=\"v-d-p\" style=\"\"><strong>La enfermedad<\/strong>: El \u00e9bola es una patolog\u00eda grave y frecuentemente mortal en seres humanos y otros primates, con una tasa media de letalidad que ronda el 50%. El virus se hospeda de forma natural en los murci\u00e9lagos frug\u00edvoros y se transmite a las personas a trav\u00e9s de animales salvajes, propag\u00e1ndose luego entre humanos por el contacto directo con sangre, secreciones, \u00f3rganos o fluidos corporales infectados.<\/p>\n<p class=\"v-d-p\" style=\"\"><strong>S\u00edntomas<\/strong>: El periodo de incubaci\u00f3n var\u00eda de 2 a 21 d\u00edas y la transmisi\u00f3n solo es posible una vez que aparecen los s\u00edntomas. Estos suelen manifestarse de forma repentina con fiebre, fatiga, dolores musculares, de cabeza y de garganta, seguidos por v\u00f3mitos, diarrea, erupciones cut\u00e1neas y fallos renales o hep\u00e1ticos. En casos menos frecuentes se producen hemorragias.<\/p>\n<p class=\"v-d-p\" style=\"\"><strong>Tratamiento y prevenci\u00f3n<\/strong>: La supervivencia mejora sustancialmente con una rehidrataci\u00f3n temprana (oral o intravenosa) y el tratamiento de los s\u00edntomas espec\u00edficos. La OMS recomienda el uso de los anticuerpos monoclonales mAb114 o REGN-EB3 para la enfermedad por el virus del \u00c9bola. Asimismo, existen vacunas aprobadas como Ervebo\u00ae, que se recomienda espec\u00edficamente como respuesta ante los brotes.<\/p>\n","protected":false},"excerpt":{"rendered":"El director general de la Organizaci\u00f3n Mundial de la Salud (OMS), Tedros Adhanom Ghebreyesus, ha advertido este 2&hellip;\n","protected":false},"author":2,"featured_media":744757,"comment_status":"","ping_status":"","sticky":false,"template":"","format":"standard","meta":{"footnotes":""},"categories":[92],"tags":[3830,11335,15644,132118,411,34141,25,24,8786,165,3572,166,57,23,3599],"class_list":["post-744756","post","type-post","status-publish","format-standard","has-post-thumbnail","category-salud","tag-alerta","tag-brote","tag-cadenas","tag-desconocemos","tag-director","tag-ebola","tag-es","tag-espana","tag-existen","tag-health","tag-oms","tag-salud","tag-sobre","tag-spain","tag-transmision"],"share_on_mastodon":{"url":"https:\/\/pubeurope.com\/@es\/117203948279329529","error":""},"_links":{"self":[{"href":"https:\/\/www.europesays.com\/es\/wp-json\/wp\/v2\/posts\/744756","targetHints":{"allow":["GET"]}}],"collection":[{"href":"https:\/\/www.europesays.com\/es\/wp-json\/wp\/v2\/posts"}],"about":[{"href":"https:\/\/www.europesays.com\/es\/wp-json\/wp\/v2\/types\/post"}],"author":[{"embeddable":true,"href":"https:\/\/www.europesays.com\/es\/wp-json\/wp\/v2\/users\/2"}],"replies":[{"embeddable":true,"href":"https:\/\/www.europesays.com\/es\/wp-json\/wp\/v2\/comments?post=744756"}],"version-history":[{"count":0,"href":"https:\/\/www.europesays.com\/es\/wp-json\/wp\/v2\/posts\/744756\/revisions"}],"wp:featuredmedia":[{"embeddable":true,"href":"https:\/\/www.europesays.com\/es\/wp-json\/wp\/v2\/media\/744757"}],"wp:attachment":[{"href":"https:\/\/www.europesays.com\/es\/wp-json\/wp\/v2\/media?parent=744756"}],"wp:term":[{"taxonomy":"category","embeddable":true,"href":"https:\/\/www.europesays.com\/es\/wp-json\/wp\/v2\/categories?post=744756"},{"taxonomy":"post_tag","embeddable":true,"href":"https:\/\/www.europesays.com\/es\/wp-json\/wp\/v2\/tags?post=744756"}],"curies":[{"name":"wp","href":"https:\/\/api.w.org\/{rel}","templated":true}]}}