{"id":744764,"date":"2026-09-02T23:07:20","date_gmt":"2026-09-02T23:07:20","guid":{"rendered":"https:\/\/www.europesays.com\/es\/744764\/"},"modified":"2026-09-02T23:07:20","modified_gmt":"2026-09-02T23:07:20","slug":"el-jurado-del-juicio-por-asesinato-de-lindsay-clancy-afirma-que-sigue-sin-llegar-a-un-veredicto","status":"publish","type":"post","link":"https:\/\/www.europesays.com\/es\/744764\/","title":{"rendered":"El jurado del juicio por asesinato de Lindsay Clancy afirma que sigue sin llegar a un veredicto"},"content":{"rendered":"<p style=\"\">Los miembros del jurado del juicio por asesinato contra Lindsay Clancy han informado este mi\u00e9rcoles de que<strong> segu\u00edan sin llegar a un acuerdo<\/strong> sobre si condenar a la mujer de Massachusetts (<a href=\"https:\/\/www.abc.es\/noticias\/estados-unidos\/\" title=\"\" data-voc-vtm-id=\"in-text-traffic\" data-mrf-link=\"www.abc.es\" rel=\"nofollow noopener\" target=\"_blank\">Estados Unidos<\/a>) por matar a sus tres hijos en su domicilio  &#8230; en 2023, lo que ha llevado al juez a ordenarles por segunda vez que siguieran deliberando.<\/p>\n<p class=\"v-d-p\" style=\"\">El juez William Sullivan, de Plymouth (Massachusetts), ha dado instrucciones especiales \u2014a veces denominadas \u00abinstrucci\u00f3n dinamita\u00bb\u2014 para animar a los 12 miembros del jurado a <strong>reexaminar sus posturas e intentar llegar a una decisi\u00f3n un\u00e1nime<\/strong>. El juicio se encuentra en su sexta semana y en su quinto d\u00eda de deliberaciones.<\/p>\n<p class=\"v-d-p\" style=\"\">El martes por la ma\u00f1ana, <strong>el jurado envi\u00f3 una nota similar <\/strong>en la que indicaba que no era capaz de llegar a una decisi\u00f3n un\u00e1nime. Sullivan les hab\u00eda ordenado que siguieran deliberando, pero terminaron el d\u00eda sin alcanzar un veredicto y regresaron el mi\u00e9rcoles para continuar examinando el caso.<\/p>\n<ul class=\"v-cmp-rld__u\">\n<li class=\"v-cmp-rld__l\">\n<p><a class=\"v-a-lnk\" href=\"http:\/\/www.abc.es\/opinion\/juan-soto-ivars-ninos-mato-lindsay-clancy-20260824153757-nt.html#vtm_modulosEngag=noticiasrelacionadas-cmp-uno:internacional:noticia:1\" data-voc-vtm-id=\"in-text-traffic\" rel=\"nofollow noopener\" target=\"_blank\"><br \/>\n<img decoding=\"async\" loading=\"lazy\" src=\"https:\/\/www.europesays.com\/es\/wp-content\/uploads\/2026\/09\/800x500-proteccion-ninos.gif\" class=\"v-a-img\" width=\"258\" height=\"180\" alt=\"Los ni\u00f1os que mat\u00f3 Lindsay Clancy\"\/><br \/>\n<\/a><\/p>\n<\/li>\n<\/ul>\n<p class=\"v-d-p\" style=\"\">Nadie discute que Clancy, de 36 a\u00f1os, estrangul\u00f3 hasta la muerte a sus tres hijos en 2023 con bandas el\u00e1sticas de ejercicio en el s\u00f3tano de su casa, situada en Duxbury, un suburbio de <a href=\"https:\/\/www.abc.es\/noticias\/boston\/\" title=\"\" data-voc-vtm-id=\"in-text-traffic\" data-mrf-link=\"www.abc.es\" rel=\"nofollow noopener\" target=\"_blank\">Boston<\/a>. A continuaci\u00f3n, se infligi\u00f3 cortes con un cuchillo y salt\u00f3 desde una ventana del segundo piso en<strong> un intento de quitarse la vida <\/strong>que la dej\u00f3 en silla de ruedas.<\/p>\n<p class=\"v-d-p\" style=\"\">Su abogado, Kevin Reddington, intent\u00f3 convencer al jurado a lo largo del juicio de que deb\u00eda ser declarada <strong>inocente por demencia<\/strong> y argument\u00f3 que era una madre cari\u00f1osa que se encontraba en medio de un episodio psic\u00f3tico cuando mat\u00f3 a Cora, de 5 a\u00f1os; a Dawson, de 3, y a Callan, de 8 meses, el 24 de enero de 2023.<\/p>\n<p>\nLa salud mental en el posparto\n<\/p>\n<p class=\"v-d-p\" style=\"\">El juicio televisado ha reavivado los debates, que llevaban tiempo latentes, sobre<strong> c\u00f3mo se aborda la salud mental en el posparto <\/strong>de las mujeres en EE.UU. y c\u00f3mo el sistema judicial del pa\u00eds trata los casos en los que las madres matan a sus hijos.<\/p>\n<p class=\"v-d-p\" style=\"\">El mi\u00e9rcoles, antes de hacer entrar al jurado, Sullivan advirti\u00f3 a todos los que segu\u00edan el juicio de que las leyes y una orden judicial proh\u00edben a las personas interferir<strong> con los testigos o los miembros del jurado<\/strong>.<\/p>\n<p class=\"v-d-p\" style=\"\">Clancy, exenfermera de parto, se enfrenta a <strong>cadena perpetua<\/strong> sin posibilidad de libertad condicional si es declarada culpable de asesinato en primer grado. Si es considerada inocente por demencia, podr\u00eda ser internada en un hospital psiqui\u00e1trico estatal para ser evaluada.<\/p>\n","protected":false},"excerpt":{"rendered":"Los miembros del jurado del juicio por asesinato contra Lindsay Clancy han informado este mi\u00e9rcoles de que segu\u00edan&hellip;\n","protected":false},"author":2,"featured_media":744765,"comment_status":"","ping_status":"","sticky":false,"template":"","format":"standard","meta":{"footnotes":""},"categories":[42],"tags":[17511,10771,17,18,94680,13,14,11,61,62,63,64,5541,15761,19,20,129653,660,9,10,15,16,1262,12,21,22,32717,65,66,67],"class_list":["post-744764","post","type-post","status-publish","format-standard","has-post-thumbnail","category-internacional","tag-afirma","tag-asesinato","tag-breaking-news","tag-breakingnews","tag-clancy","tag-featured-news","tag-featurednews","tag-headlines","tag-internacional","tag-international","tag-international-news","tag-internationalnews","tag-juicio","tag-jurado","tag-latest-news","tag-latestnews","tag-lindsay","tag-llegar","tag-news","tag-noticias","tag-noticias-destacadas","tag-noticiasdestacadas","tag-sigue","tag-titulares","tag-ultimas-noticias","tag-ultimasnoticias","tag-veredicto","tag-world","tag-world-news","tag-worldnews"],"share_on_mastodon":{"url":"https:\/\/pubeurope.com\/@es\/117203963558432736","error":""},"_links":{"self":[{"href":"https:\/\/www.europesays.com\/es\/wp-json\/wp\/v2\/posts\/744764","targetHints":{"allow":["GET"]}}],"collection":[{"href":"https:\/\/www.europesays.com\/es\/wp-json\/wp\/v2\/posts"}],"about":[{"href":"https:\/\/www.europesays.com\/es\/wp-json\/wp\/v2\/types\/post"}],"author":[{"embeddable":true,"href":"https:\/\/www.europesays.com\/es\/wp-json\/wp\/v2\/users\/2"}],"replies":[{"embeddable":true,"href":"https:\/\/www.europesays.com\/es\/wp-json\/wp\/v2\/comments?post=744764"}],"version-history":[{"count":0,"href":"https:\/\/www.europesays.com\/es\/wp-json\/wp\/v2\/posts\/744764\/revisions"}],"wp:featuredmedia":[{"embeddable":true,"href":"https:\/\/www.europesays.com\/es\/wp-json\/wp\/v2\/media\/744765"}],"wp:attachment":[{"href":"https:\/\/www.europesays.com\/es\/wp-json\/wp\/v2\/media?parent=744764"}],"wp:term":[{"taxonomy":"category","embeddable":true,"href":"https:\/\/www.europesays.com\/es\/wp-json\/wp\/v2\/categories?post=744764"},{"taxonomy":"post_tag","embeddable":true,"href":"https:\/\/www.europesays.com\/es\/wp-json\/wp\/v2\/tags?post=744764"}],"curies":[{"name":"wp","href":"https:\/\/api.w.org\/{rel}","templated":true}]}}