{"id":744766,"date":"2026-09-02T23:08:15","date_gmt":"2026-09-02T23:08:15","guid":{"rendered":"https:\/\/www.europesays.com\/es\/744766\/"},"modified":"2026-09-02T23:08:15","modified_gmt":"2026-09-02T23:08:15","slug":"miles-de-personas-se-concentran-en-ceuta-y-el-resto-de-espana-para-exigir-una-solucion","status":"publish","type":"post","link":"https:\/\/www.europesays.com\/es\/744766\/","title":{"rendered":"Miles de personas se concentran en Ceuta y el resto de Espa\u00f1a para exigir una soluci\u00f3n"},"content":{"rendered":"<p><img decoding=\"async\" class=\"v-ath__i\" loading=\"lazy\" src=\"https:\/\/www.europesays.com\/es\/wp-content\/uploads\/2026\/09\/1788390495_767_autor-5497-foto-3.jpeg\" alt=\"Agencia Europa Press\"\/><\/p>\n<p>02\/09\/2026 a las 22:47h.<\/p>\n<p class=\"v-d-p\" style=\"\">Miles de personas se han concentrado este mi\u00e9rcoles en Ceuta y el resto de Espa\u00f1a para exigir una soluci\u00f3n a la crisis. Miles de ceut\u00edes  &#8230; se han echado a la calle para reivindicar la defensa de Ceuta y lanzar un mensaje contundente: \u00abCeuta no se vende\u00bb.El uso y difusi\u00f3n de los brutos remitidos conllevar\u00e1 obligatoriamente el pixelado de las caras de los agentes de Fuerzas y Cuerpos de Seguridad del Estado, as\u00ed como los menores. Igualmente se deber\u00e1 pixelar a los testigos en juicios y a los acusados no condenados por sentencia firme que no sean personas p\u00fablicas, seg\u00fan la normativa estatal. Europa Press no se hace responsable de un uso distinto al aqu\u00ed indicado.Asimismo, en caso de que los v\u00eddeos o alg\u00fan fragmento de estos sean publicados en canales de Youtube u otras plataformas similares, Europa Press no se hace responsable de las medidas o reclamaciones que terceros pudieran llevar a cabo en funci\u00f3n de los derechos de autor o propiedad intelectual de las im\u00e1genes.<\/p>\n","protected":false},"excerpt":{"rendered":"02\/09\/2026 a las 22:47h. Miles de personas se han concentrado este mi\u00e9rcoles en Ceuta y el resto de&hellip;\n","protected":false},"author":2,"featured_media":744767,"comment_status":"","ping_status":"","sticky":false,"template":"","format":"standard","meta":{"footnotes":""},"categories":[8],"tags":[17,18,4486,8073,25,2586,24,18689,13,14,11,19,20,5559,9,10,15,16,2078,3477,10342,132119,23,12,21,22],"class_list":["post-744766","post","type-post","status-publish","format-standard","has-post-thumbnail","category-espana","tag-breaking-news","tag-breakingnews","tag-ceuta","tag-concentran","tag-es","tag-espaa","tag-espana","tag-exigir","tag-featured-news","tag-featurednews","tag-headlines","tag-latest-news","tag-latestnews","tag-miles","tag-news","tag-noticias","tag-noticias-destacadas","tag-noticiasdestacadas","tag-para","tag-personas","tag-resto","tag-solucin","tag-spain","tag-titulares","tag-ultimas-noticias","tag-ultimasnoticias"],"share_on_mastodon":{"url":"https:\/\/pubeurope.com\/@es\/117203967843144197","error":""},"_links":{"self":[{"href":"https:\/\/www.europesays.com\/es\/wp-json\/wp\/v2\/posts\/744766","targetHints":{"allow":["GET"]}}],"collection":[{"href":"https:\/\/www.europesays.com\/es\/wp-json\/wp\/v2\/posts"}],"about":[{"href":"https:\/\/www.europesays.com\/es\/wp-json\/wp\/v2\/types\/post"}],"author":[{"embeddable":true,"href":"https:\/\/www.europesays.com\/es\/wp-json\/wp\/v2\/users\/2"}],"replies":[{"embeddable":true,"href":"https:\/\/www.europesays.com\/es\/wp-json\/wp\/v2\/comments?post=744766"}],"version-history":[{"count":0,"href":"https:\/\/www.europesays.com\/es\/wp-json\/wp\/v2\/posts\/744766\/revisions"}],"wp:featuredmedia":[{"embeddable":true,"href":"https:\/\/www.europesays.com\/es\/wp-json\/wp\/v2\/media\/744767"}],"wp:attachment":[{"href":"https:\/\/www.europesays.com\/es\/wp-json\/wp\/v2\/media?parent=744766"}],"wp:term":[{"taxonomy":"category","embeddable":true,"href":"https:\/\/www.europesays.com\/es\/wp-json\/wp\/v2\/categories?post=744766"},{"taxonomy":"post_tag","embeddable":true,"href":"https:\/\/www.europesays.com\/es\/wp-json\/wp\/v2\/tags?post=744766"}],"curies":[{"name":"wp","href":"https:\/\/api.w.org\/{rel}","templated":true}]}}