{"id":744778,"date":"2026-09-02T23:27:17","date_gmt":"2026-09-02T23:27:17","guid":{"rendered":"https:\/\/www.europesays.com\/es\/744778\/"},"modified":"2026-09-02T23:27:17","modified_gmt":"2026-09-02T23:27:17","slug":"la-nueva-pelicula-de-street-fighter-lanza-este-trailer-oficial","status":"publish","type":"post","link":"https:\/\/www.europesays.com\/es\/744778\/","title":{"rendered":"La nueva pel\u00edcula de Street Fighter lanza este tr\u00e1iler oficial"},"content":{"rendered":"<p>Hay nnoticias, pues <a href=\"https:\/\/www.nintenderos.com\/2023\/03\/street-fighter-protagoniza-este-anuncio-de-gotas-para-los-ojos-japones\/\" rel=\"nofollow noopener\" target=\"_blank\">Street Fighter<\/a>\u00a0tiene novedades de\u00a0<strong>su pel\u00edcula<\/strong>. Esta vez ha sorprendido\u00a0<strong>especialmente a los fans<\/strong>\u00a0por lo esperado que es este proyecto. Hace un tiempo recibimos\u00a0<a href=\"https:\/\/www.nintenderos.com\/2023\/07\/anunciada-esta-espectacular-figura-de-chun-li-de-street-fighter\/\" rel=\"nofollow noopener\" target=\"_blank\">la figura de Chun-Li<\/a>\u00a0y luego\u00a0<a href=\"https:\/\/www.nintenderos.com\/2024\/06\/alucina-con-la-nueva-figura-oficial-street-fighter-de-cammy-reserva-y-mas-detalles\/\" rel=\"nofollow noopener\" target=\"_blank\">la de Cammy<\/a>, pero la actualidad se centra ahora en la pel\u00edcula futura.<\/p>\n<p>Los fans de la famosa\u00a0<a href=\"https:\/\/www.nintenderos.com\/2024\/06\/alucina-con-la-nueva-figura-oficial-street-fighter-de-cammy-reserva-y-mas-detalles\/\" rel=\"nofollow noopener\" target=\"_blank\">franquicia de lucha y artes marciales<\/a>\u00a0tienen\u00a0<strong>novedades confirmadas<\/strong>. Tras algunos\u00a0<a href=\"https:\/\/www.nintenderos.com\/2025\/09\/la-pelicula-de-street-fighter-confirma-a-jason-momoa-y-otros-actores-en-su-reparto\/\" rel=\"nofollow noopener\" target=\"_blank\">detalles iniciales de la cinta<\/a>, ahora Paramount Pictures y Legendary han presentado un nuevo tr\u00e1iler de Street Fighter, la pr\u00f3xima adaptaci\u00f3n cinematogr\u00e1fica de la popular saga de lucha, que apuesta por recrear fielmente a sus personajes, vestimentas y movimientos, adem\u00e1s de abrazar el tono absurdo de los videojuegos. Aunque algunas interpretaciones, como la de David Dastmalchian como M. Bison, han generado dudas, el resultado general ha despertado bastante expectaci\u00f3n.<\/p>\n<p>Pod\u00e9is verlo abajo:<\/p>\n<p>            <a class=\"c-post-inline-related__card\" href=\"https:\/\/www.nintenderos.com\/2026\/08\/anunciada-oficialmente-la-nueva-pelicula-pokemon-pokemon-wild-card-inspirada-en-el-jcc\/\" rel=\"related nofollow noopener\" target=\"_blank\"><\/p>\n<p>                <img decoding=\"async\" class=\"c-post-inline-related__thumb-img\" loading=\"lazy\" width=\"100\" height=\"100\" src=\"https:\/\/www.europesays.com\/es\/wp-content\/uploads\/2026\/09\/tcgmchamp26-160x160.jpg\" alt=\"Anunciada oficialmente la nueva pel\u00edcula Pok\u00e9mon: Pok\u00e9mon Wild Card, inspirada en el JCC\"\/><\/p>\n<p>            Anunciada oficialmente la nueva pel\u00edcula Pok\u00e9mon: Pok\u00e9mon Wild Card, inspirada en el JCC<br \/>\n        <\/a><br \/>\n            <a class=\"c-post-inline-related__card\" href=\"https:\/\/www.nintenderos.com\/2026\/08\/comia-12-huevos-al-dia-callina-liang-chun-li-en-la-nueva-pelicula-de-street-fighter-explica-como-se-preparo-para-el-papel\/\" rel=\"related nofollow noopener\" target=\"_blank\"><\/p>\n<p>                <img decoding=\"async\" class=\"c-post-inline-related__thumb-img\" loading=\"lazy\" width=\"100\" height=\"100\" src=\"https:\/\/www.europesays.com\/es\/wp-content\/uploads\/2026\/09\/large-4-Cropped-160x160.jpg\" alt=\"\u00abCom\u00eda 12 huevos al d\u00eda\u00bb: Callina Liang, Chun-Li en la nueva pel\u00edcula de Street Fighter, explica c\u00f3mo se prepar\u00f3 para el papel\"\/><\/p>\n<p>            \u00abCom\u00eda 12 huevos al d\u00eda\u00bb: Callina Liang, Chun-Li en la nueva pel\u00edcula de Street Fighter, explica c\u00f3mo se prepar\u00f3 para el papel<br \/>\n        <\/a><\/p>\n<p><img class=\"c-video-facade__thumb\" src=\"https:\/\/www.europesays.com\/es\/wp-content\/uploads\/2026\/09\/1788391635_725_hqdefault.jpg\" alt=\"\" loading=\"lazy\" decoding=\"async\" width=\"480\" height=\"360\"\/><br \/>\n<img class=\"c-video-facade__thumb\" src=\"https:\/\/www.europesays.com\/es\/wp-content\/uploads\/2026\/09\/1788391636_316_hqdefault.jpg\" alt=\"\" loading=\"lazy\" decoding=\"async\" width=\"480\" height=\"360\"\/><\/p>\n<p>Recordad que la cinta ofrece un reparto que combina talento emergente y figuras destacadas como Rayna Valladingham, Callina Liang y Hirooki Goto. La pel\u00edcula llegar\u00e1 a los cines el\u00a0<strong data-start=\"485\" data-end=\"510\">16 de octubre de 2026<\/strong>.<\/p>\n<p>\u00bfQu\u00e9 os ha parecido esta\u00a0<strong>noticia de Street Fighter<\/strong>? No dud\u00e9is en compartir vuestra opini\u00f3n en los comentarios. Y recordad que en la web tambi\u00e9n pod\u00e9is repasar\u00a0<a href=\"https:\/\/www.nintenderos.com\/2022\/07\/street-fighter-2-y-lo-que-significo-para-nintendo-en-los-90\/\" rel=\"nofollow noopener\" target=\"_blank\">lo que signific\u00f3 esta franquicia para los videojuegos<\/a>.<\/p>\n<p><a class=\"external\" href=\"https:\/\/www.nintendolife.com\/news\/2026\/08\/chun-lis-actor-ate-12-eggs-a-day-to-prepare-for-the-street-fighter-movie\" rel=\"nofollow noopener\" target=\"_blank\">V\u00eda<\/a><\/p>\n<p class=\"c-gfollow-inline__title\">M\u00e1rcanos como fuente en Google<\/p>\n<p class=\"c-gfollow-inline__sub\">Ent\u00e9rate de las \u00faltimas noticias y ofertas de Nintendo antes que nadie<\/p>\n<p>        S\u00edguenos en Google<\/p>\n<p>    <a class=\"c-post-author__avatar\" href=\"https:\/\/www.nintenderos.com\/author\/albertomilln\/\" rel=\"nofollow noopener\" target=\"_blank\"><br \/>\n        <img loading=\"lazy\" alt=\"\" src=\"https:\/\/www.europesays.com\/es\/wp-content\/uploads\/2026\/09\/1788391637_341_614af94849378-bpfull.png\"  class=\"avatar avatar-96 photo c-post-author__avatar-img\" height=\"96\" width=\"96\" decoding=\"async\"\/>    <\/a><\/p>\n<p>            <a href=\"https:\/\/www.nintenderos.com\/author\/albertomilln\/\" rel=\"nofollow noopener\" target=\"_blank\">Alberto Mill\u00e1n<\/a><\/p>\n<p class=\"c-post-author__charge\">Director<\/p>\n<p class=\"c-post-author__bio\">A\u00fan jugando a Breath of the Wild. Puedes seguirme en Twitter o Instagram en los iconos de arriba.<\/p>\n","protected":false},"excerpt":{"rendered":"Hay nnoticias, pues Street Fighter\u00a0tiene novedades de\u00a0su pel\u00edcula. Esta vez ha sorprendido\u00a0especialmente a los fans\u00a0por lo esperado que&hellip;\n","protected":false},"author":2,"featured_media":744779,"comment_status":"","ping_status":"","sticky":false,"template":"","format":"standard","meta":{"footnotes":""},"categories":[169],"tags":[177,146,147,25,24,176,175,23,34476],"class_list":["post-744778","post","type-post","status-publish","format-standard","has-post-thumbnail","category-cine","tag-cine","tag-entertainment","tag-entretenimiento","tag-es","tag-espana","tag-film","tag-movies","tag-spain","tag-street-fighter"],"share_on_mastodon":{"url":"https:\/\/pubeurope.com\/@es\/117204042582433682","error":""},"_links":{"self":[{"href":"https:\/\/www.europesays.com\/es\/wp-json\/wp\/v2\/posts\/744778","targetHints":{"allow":["GET"]}}],"collection":[{"href":"https:\/\/www.europesays.com\/es\/wp-json\/wp\/v2\/posts"}],"about":[{"href":"https:\/\/www.europesays.com\/es\/wp-json\/wp\/v2\/types\/post"}],"author":[{"embeddable":true,"href":"https:\/\/www.europesays.com\/es\/wp-json\/wp\/v2\/users\/2"}],"replies":[{"embeddable":true,"href":"https:\/\/www.europesays.com\/es\/wp-json\/wp\/v2\/comments?post=744778"}],"version-history":[{"count":0,"href":"https:\/\/www.europesays.com\/es\/wp-json\/wp\/v2\/posts\/744778\/revisions"}],"wp:featuredmedia":[{"embeddable":true,"href":"https:\/\/www.europesays.com\/es\/wp-json\/wp\/v2\/media\/744779"}],"wp:attachment":[{"href":"https:\/\/www.europesays.com\/es\/wp-json\/wp\/v2\/media?parent=744778"}],"wp:term":[{"taxonomy":"category","embeddable":true,"href":"https:\/\/www.europesays.com\/es\/wp-json\/wp\/v2\/categories?post=744778"},{"taxonomy":"post_tag","embeddable":true,"href":"https:\/\/www.europesays.com\/es\/wp-json\/wp\/v2\/tags?post=744778"}],"curies":[{"name":"wp","href":"https:\/\/api.w.org\/{rel}","templated":true}]}}