{"id":744780,"date":"2026-09-02T23:28:11","date_gmt":"2026-09-02T23:28:11","guid":{"rendered":"https:\/\/www.europesays.com\/es\/744780\/"},"modified":"2026-09-02T23:28:11","modified_gmt":"2026-09-02T23:28:11","slug":"rafa-jodar-cae-en-la-primera-ronda-del-us-open-tenis-deportes","status":"publish","type":"post","link":"https:\/\/www.europesays.com\/es\/744780\/","title":{"rendered":"Rafa J\u00f3dar cae en la primera ronda del US Open | Tenis | Deportes"},"content":{"rendered":"<p class=\"\">Rafa J\u00f3dar se clava una y otra vez ante su banquillo, brazos en jarra. Una y otra vez mira hacia ah\u00ed cabreado, en busca de auxilio y de respuestas que no llegan porque es uno de esos d\u00edas torcidos en los que a un tenista nada le sale y termina al fin cayendo en la simple y llana desesperaci\u00f3n. Grita a su raqueta: \u00a1Nooooo! Est\u00e1 hart\u00e1ndose a correr, pero de poco vale. Da igual c\u00f3mo le pegue y hacia donde, en qu\u00e9 direcci\u00f3n. El chino Yunchaokete Bu, 124\u00ba del mundo, pilota a su antojo el partido en la pista 17 y descuenta con decisi\u00f3n los juegos hasta que se consuma la campanada: no hay remedio alguno, no hay remontada. Tan solo frustraci\u00f3n y m\u00e1s frustraci\u00f3n por una sola parte, as\u00ed que el madrile\u00f1o cae (6-2, 6-1 y 6-1, en 1h 47m) y se despide en la primera ronda del US Open.<\/p>\n<p>M\u00e1s informaci\u00f3n<\/p>\n<p class=\"\">Sorprende la derrota, que suena a tropez\u00f3n. No lo hubiera sido hace muy poco, teniendo en cuenta la juventud del madrile\u00f1o, pero s\u00ed ahora que J\u00f3dar (19 a\u00f1os) ha elevado sobremanera el list\u00f3n al haber logrado encaramarse a la zona noble del circuito. Ven\u00eda adem\u00e1s de firmar resultados esperanzadores en los torneos previos: final en Washington, semifinales en Montreal y una derrota en los octavos de Cincinnati que pintaba m\u00e1s bien oportuna, por eso de que no llegase a Nueva York con el dep\u00f3sito justo. Lejos de presentarse con br\u00edo, su aterrizaje en la competici\u00f3n fue irreconocible y enfrente se top\u00f3 con un rival con nombre de susto que actu\u00f3 con la m\u00e1xima determinaci\u00f3n. <\/p>\n<p class=\"\">Los tenistas detectan de inmediato cuando el de enfrente no tiene el d\u00eda. Y no era el de J\u00f3dar, destemplado desde el inicio y extra\u00f1amente desbordado. Desfigurado. Esta vez, ni potencia ni piernas ni heroicidades. Ni rastro del competidor insaciable de estos meses, el chico que m\u00e1s que merecidamente \u2014hasta hace dos d\u00edas era un universitario\u2014 se ha ganado el respeto del circuito y los elogios de las figuras. No era J\u00f3dar, o desde luego no lo parec\u00eda. Replegado todo el rato, su tenis pierde el brillo que desprende cuando \u00e9l lleva la iniciativa. Dise\u00f1ado para atacar y ser dominador, el espa\u00f1ol sufre si no consigue adue\u00f1arse del tim\u00f3n de los partidos y Bu, un repescado que todav\u00eda no hab\u00eda firmado ninguna victoria en un Grand Slam, hizo lo que ten\u00eda que hacer: ir con todo. No dudar.<\/p>\n<p class=\"\">As\u00ed son los misterios del tenis. Un completo desconocido tumbando a la revelaci\u00f3n del a\u00f1o y otro volantazo de una edici\u00f3n que en la primera ronda tambi\u00e9n ha perdido a Novak Djokovic. Si sorprendi\u00f3 la derrota contra Shintaro Mochizuki en Wimbledon, todav\u00eda m\u00e1s esta ante Bu, sustituto de \u00faltima hora en el cuadro de Thanassi Kokkinakis y que esta temporada no hab\u00eda firmado ninguna victoria en el circuito de la ATP. Nada le sali\u00f3 a J\u00f3dar, cuyo desacierto se refleja en los fr\u00edos n\u00fameros: 31 errores, solo un 52% de saques dentro y un exiguo 32% de puntos con los segundos servicios.<\/p>\n<p class=\"\">\u201cSimplemente, \u00e9l ha jugado mejor que yo. Esa es la raz\u00f3n por la que \u00e9l gan\u00f3\u201d, respond\u00eda cortante en la sala de conferencias. Descartaba tambi\u00e9n que cualquier problema f\u00edsico hubiera podido perjudicarle y lamentaba el estr\u00e9s mental acumulado de un d\u00eda a otro. Te\u00f3ricamente, J\u00f3dar deber\u00eda haber debutado la jornada anterior, pero las precipitaciones lo impidieron. \u201cSab\u00eda que no iba a ser f\u00e1cil. Pero es lo que hay, no podemos controlar la lluvia\u201d, agregaba. Tambi\u00e9n descartaba el cansancio por la acumulaci\u00f3n de partidos \u2014\u201cno, no estoy cansado\u201d \u2014 y se mosqueaba cuando un reportero norteamericano le desliz\u00f3 si le afecta lo que pueda decirse de \u00e9l en las redes sociales: \u201c\u00bfCu\u00e1l es la pregunta? No tiene sentido\u2026\u201d.<\/p>\n","protected":false},"excerpt":{"rendered":"Rafa J\u00f3dar se clava una y otra vez ante su banquillo, brazos en jarra. Una y otra vez&hellip;\n","protected":false},"author":2,"featured_media":744781,"comment_status":"","ping_status":"","sticky":false,"template":"","format":"standard","meta":{"footnotes":""},"categories":[93],"tags":[17145,545,1540,168,25,24,629,14215,896,23,167,327,11759,541],"class_list":["post-744780","post","type-post","status-publish","format-standard","has-post-thumbnail","category-deportes","tag-atp-tour","tag-carlos-alcaraz","tag-competiciones","tag-deportes","tag-es","tag-espana","tag-estados-unidos","tag-grand-slam","tag-nueva-york","tag-spain","tag-sports","tag-tenis","tag-tenistas","tag-us-open"],"share_on_mastodon":{"url":"https:\/\/pubeurope.com\/@es\/117204045736229301","error":""},"_links":{"self":[{"href":"https:\/\/www.europesays.com\/es\/wp-json\/wp\/v2\/posts\/744780","targetHints":{"allow":["GET"]}}],"collection":[{"href":"https:\/\/www.europesays.com\/es\/wp-json\/wp\/v2\/posts"}],"about":[{"href":"https:\/\/www.europesays.com\/es\/wp-json\/wp\/v2\/types\/post"}],"author":[{"embeddable":true,"href":"https:\/\/www.europesays.com\/es\/wp-json\/wp\/v2\/users\/2"}],"replies":[{"embeddable":true,"href":"https:\/\/www.europesays.com\/es\/wp-json\/wp\/v2\/comments?post=744780"}],"version-history":[{"count":0,"href":"https:\/\/www.europesays.com\/es\/wp-json\/wp\/v2\/posts\/744780\/revisions"}],"wp:featuredmedia":[{"embeddable":true,"href":"https:\/\/www.europesays.com\/es\/wp-json\/wp\/v2\/media\/744781"}],"wp:attachment":[{"href":"https:\/\/www.europesays.com\/es\/wp-json\/wp\/v2\/media?parent=744780"}],"wp:term":[{"taxonomy":"category","embeddable":true,"href":"https:\/\/www.europesays.com\/es\/wp-json\/wp\/v2\/categories?post=744780"},{"taxonomy":"post_tag","embeddable":true,"href":"https:\/\/www.europesays.com\/es\/wp-json\/wp\/v2\/tags?post=744780"}],"curies":[{"name":"wp","href":"https:\/\/api.w.org\/{rel}","templated":true}]}}