{"id":744792,"date":"2026-09-02T23:34:08","date_gmt":"2026-09-02T23:34:08","guid":{"rendered":"https:\/\/www.europesays.com\/es\/744792\/"},"modified":"2026-09-02T23:34:08","modified_gmt":"2026-09-02T23:34:08","slug":"las-razones-por-las-que-espana-ha-salido-a-la-calle-en-contra-del-gobierno-y-en-defensa-de-ceuta","status":"publish","type":"post","link":"https:\/\/www.europesays.com\/es\/744792\/","title":{"rendered":"Las razones por las que Espa\u00f1a ha salido a la calle en contra del Gobierno y en defensa de Ceuta"},"content":{"rendered":"<p class=\"L6-news-detail__text\"><a title=\"Miles de personas en toda Espa\u00f1a han salido a la calle en apoyo a Ceuta\" href=\"https:\/\/www.lasexta.com\/noticias\/nacional\/miles-personas-toda-espana-salen-calle-apoyo-ceuta-gritos-ceuta-vende-defiende-criticas-gobierno-insultos-sanchez_202609026a988cb53bfe5d1eff40fa6e.html\" target=\"_blank\" rel=\"nofollow noopener\"><b>Miles de personas en toda Espa\u00f1a han salido a la calle en apoyo a Ceuta<\/b><\/a>, cuya poblaci\u00f3n exige soluciones urgentes al Gobierno para terminar con la crisis que se vive en la ciudad desde la <a title=\"entrada masiva de migrantes los d\u00edas 30 y 31 de julio\" href=\"https:\/\/www.lasexta.com\/noticias\/nacional\/cenif-presenta-redes-sociales-como-imprescindibles-entrada-masiva-ceuta-mensajes-distintas-fases_202609026a986a9c2d7d3022177c279e.html\" target=\"_blank\" rel=\"nofollow noopener\"><b>entrada masiva de migrantes los d\u00edas 30 y 31 de julio<\/b><\/a>. Los ceut\u00edes denuncian que <b>se sienten \u00ababandonados\u00bb <\/b>y est\u00e1n hartos tras m\u00e1s de un mes sin poder vivir con normalidad y con el <a title=\"inicio de curso a la vuelta de la esquina\" href=\"https:\/\/www.lasexta.com\/noticias\/nacional\/desamparo-infancia-ceuta-casi-1000-menores-migrantes-aun-duermen-calle-inicio-curso-presenta-militarizado_202609016a9727df4941316b1e73f34d.html\" target=\"_blank\" rel=\"nofollow noopener\"><b>inicio de curso a la vuelta de la esquina<\/b><\/a>.<\/p>\n<p class=\"L6-news-detail__text\">\u00abEstoy indignado. Este Gobierno nos ha abandonado. Las mentiras empiezan a salir\u00bb, ha criticado uno de los manifestantes de la ciudad aut\u00f3noma, en referencia al <a title=\"informe del CENIF, que sostiene que Marruecos est\u00e1 detr\u00e1s de esta crisis\" href=\"https:\/\/www.lasexta.com\/noticias\/nacional\/informe-cenif-apunta-que-entrada-masiva-ceuta-tenia-objetivo-colapsar-sistema-cuestionar-cni_202609026a9858232d7d3022177c1530.html\" target=\"_blank\" rel=\"nofollow noopener\"><b>informe del CENIF, que sostiene que Marruecos est\u00e1 detr\u00e1s de esta crisis<\/b><\/a>.<\/p>\n<p class=\"L6-news-detail__text\">Una mujer ha pedido \u00abseguridad y normalidad en mis calles y en mi casa\u00bb. Otro hombre, ha asegurado que <b>\u00absomos nosotros los que nos tenemos que defender\u00bb<\/b> porque \u00abno nos defiende nadie\u00bb; mientras que una ceut\u00ed ha asegurado que \u00abnos han invadido y nos han destrozado la vida\u00bb.<\/p>\n<p class=\"L6-news-detail__text\">\u00abNo hemos tenido verano, no hemos tenido feria\u00bb, ha lamentado. \u00abMe da pena de verlo. Nos est\u00e1 haciendo la vida imposible, aunque entre ellos <b>hay mucha gente buena<\/b> tambi\u00e9n. Es una pena\u00bb, ha comentado una de las manifestantes.<\/p>\n<p class=\"L6-news-detail__text\">Otra ha contado que \u00abnuestros hijos no pueden salir, las ni\u00f1as no pueden salir&#8230;\u00bb. Mientras que un hombre ha reivindicado que en Ceuta \u00abno somos racistas\u00bb, recordando que <b>\u00abaqu\u00ed vivimos cuatro culturas\u00bb<\/b>.<\/p>\n<p class=\"L6-news-detail__text\">\u00abHemos perdido todo, nuestra vida ha cambiado totalmente. <b>Psicol\u00f3gicamente estamos mal\u00bb<\/b>, ha avisado otra. Una mujer ha dado las gracias \u00aba todo el pueblo espa\u00f1ol por ayudar a Ceuta\u00bb y \u00aba la prensa\u00bb.<\/p>\n<p class=\"L6-news-detail__text\">All\u00ed, el presidente de la ciudad aut\u00f3noma, <a title=\"Juan Jes\u00fas Vivas\" href=\"https:\/\/www.lasexta.com\/noticias\/nacional\/vivas-advierte-que-ceuta-aguanta-mas-esta-peligro-pero-sigue-pie-pueblo-que-vende-rinde_202609026a9811cd4941316b1e74caa0.html\" target=\"_blank\" rel=\"nofollow noopener\"><b>Juan Jes\u00fas Vivas<\/b><\/a>, ha exclamado que \u00abCeuta se defiende con todos los ceut\u00edes unidos. Vivan donde vivan, piensen como piensen, y recen como recen\u00bb.<\/p>\n<p class=\"L6-news-detail__text\">Adem\u00e1s de ser arropado por miles de ciudadanos, Vivas tambi\u00e9n ha estado <b>acompa\u00f1ado del diputado socialista Melchor Le\u00f3n<\/b>, muy cr\u00edtico con el Gobierno.<\/p>\n<p>\u00abEl mundo quiere el despu\u00e9s de S\u00e1nchez\u00bb<\/p>\n<p class=\"L6-news-detail__text\">Los ciudadanos no han sido los \u00fanicos en protestar contra el Gobierno. A la concentraci\u00f3n de Madrid han acudido los l\u00edderes del PP y de Vox, donde han llegado a exigir la dimisi\u00f3n del Ejecutivo.<\/p>\n<p class=\"L6-news-detail__text\">El presidente del PP, <b>Alberto N\u00fa\u00f1ez Feij\u00f3o<\/b>, ha afirmado que \u00abuna ciudad espa\u00f1ola ha sido invadida, ocupada\u00bb. \u00abLamentablemente, lo ha sido con el conocimiento del Gobierno de Espa\u00f1a\u00bb.<\/p>\n<p class=\"L6-news-detail__text\">La diputada Cayetana <b>\u00c1lvarez de Toledo <\/b>ha asegurado que \u00abPedro S\u00e1nchez pretende vender la naci\u00f3n y el Estado\u00bb, apuntando que \u00abla naci\u00f3n est\u00e1 en la calle y el Estado se defiende\u00bb. \u00abSon demasiados los d\u00edas que marcan un antes y un despu\u00e9s. Lo que todo el mundo quiere es <b>que llegue ya el despu\u00e9s de S\u00e1nchez\u00bb<\/b>, ha expresado el diputado, <b>Rafael Hernando<\/b>.<\/p>\n<p class=\"L6-news-detail__text\">La presidenta madrile\u00f1a, <b>Isabel D\u00edaz Ayuso<\/b>, ha instado al Ejecutivo a \u00abdimitir urgentemente\u00bb y le ha acusado de haber \u00ababandonado a Espa\u00f1a entera ante los ojos del mundo\u00bb.<\/p>\n<p class=\"L6-news-detail__text\">El presidente de Vox, <b>Santiago Abascal<\/b>, ha espetado desde Cibeles que \u00abestamos en manos de un Gobierno lacayo que act\u00faa al servicio de un Gobierno extranjero y eso es un peligro\u00bb.<\/p>\n<p class=\"L6-news-detail__text\"><a title=\"*A\u00f1ade laSexta como tu medio de referencia en Google y no te pierdas toda la actualidad y el mejor contenido\" href=\"https:\/\/www.google.com\/preferences\/source?q=lasexta.com\" target=\"_blank\" rel=\"nofollow noopener\"><b>*A\u00f1ade laSexta como tu medio de referencia en Google y no te pierdas toda la actualidad y el mejor contenido<\/b><\/a><\/p>\n<p class=\"L6-support-news-video__title\">El Gobierno, con los \u00absensores averiados\u00bb<\/p>\n<p> <a href=\"https:\/\/www.lasexta.com\/noticias\/nacional\/guardans-manifestaciones-ceuta-sigo-entender-que-psoe-dejado-calle-derecha-defender-espana_202609026a9890bc4941316b1e755eea.html\" class=\"L6-news__link\" rel=\"nofollow noopener\" target=\"_blank\">Guardans, sobre las manifestaciones por Ceuta: \u00abSigo sin entender por qu\u00e9 el PSOE ha dejado la calle a la derecha para defender a Espa\u00f1a\u00bb<\/p>\n<p class=\"recirculation-video-desc\">Ignasi Guardans considera que hay una \u00abseparaci\u00f3n de sensibilidad y de tono entre el total del pa\u00eds y Moncloa\u00bb y afirma no entender \u00abpor qu\u00e9 el PSOE no est\u00e1\u00bb en las manifestaciones de apoyo a Ceuta.<\/p>\n<p> <\/a><\/p>\n","protected":false},"excerpt":{"rendered":"Miles de personas en toda Espa\u00f1a han salido a la calle en apoyo a Ceuta, cuya poblaci\u00f3n exige&hellip;\n","protected":false},"author":2,"featured_media":744793,"comment_status":"","ping_status":"","sticky":false,"template":"","format":"standard","meta":{"footnotes":""},"categories":[8],"tags":[17,18,4486,2125,25,24,13,14,11,19,20,16735,9,10,15,110362,16,6066,23,12,21,22,624],"class_list":["post-744792","post","type-post","status-publish","format-standard","has-post-thumbnail","category-espana","tag-breaking-news","tag-breakingnews","tag-ceuta","tag-directo","tag-es","tag-espana","tag-featured-news","tag-featurednews","tag-headlines","tag-latest-news","tag-latestnews","tag-manifestaciones","tag-news","tag-noticias","tag-noticias-destacadas","tag-noticias-ultima-hora","tag-noticiasdestacadas","tag-partido-popular-pp","tag-spain","tag-titulares","tag-ultimas-noticias","tag-ultimasnoticias","tag-vox"],"share_on_mastodon":{"url":"https:\/\/pubeurope.com\/@es\/117204068899250005","error":""},"_links":{"self":[{"href":"https:\/\/www.europesays.com\/es\/wp-json\/wp\/v2\/posts\/744792","targetHints":{"allow":["GET"]}}],"collection":[{"href":"https:\/\/www.europesays.com\/es\/wp-json\/wp\/v2\/posts"}],"about":[{"href":"https:\/\/www.europesays.com\/es\/wp-json\/wp\/v2\/types\/post"}],"author":[{"embeddable":true,"href":"https:\/\/www.europesays.com\/es\/wp-json\/wp\/v2\/users\/2"}],"replies":[{"embeddable":true,"href":"https:\/\/www.europesays.com\/es\/wp-json\/wp\/v2\/comments?post=744792"}],"version-history":[{"count":0,"href":"https:\/\/www.europesays.com\/es\/wp-json\/wp\/v2\/posts\/744792\/revisions"}],"wp:featuredmedia":[{"embeddable":true,"href":"https:\/\/www.europesays.com\/es\/wp-json\/wp\/v2\/media\/744793"}],"wp:attachment":[{"href":"https:\/\/www.europesays.com\/es\/wp-json\/wp\/v2\/media?parent=744792"}],"wp:term":[{"taxonomy":"category","embeddable":true,"href":"https:\/\/www.europesays.com\/es\/wp-json\/wp\/v2\/categories?post=744792"},{"taxonomy":"post_tag","embeddable":true,"href":"https:\/\/www.europesays.com\/es\/wp-json\/wp\/v2\/tags?post=744792"}],"curies":[{"name":"wp","href":"https:\/\/api.w.org\/{rel}","templated":true}]}}