{"id":744798,"date":"2026-09-02T23:43:13","date_gmt":"2026-09-02T23:43:13","guid":{"rendered":"https:\/\/www.europesays.com\/es\/744798\/"},"modified":"2026-09-02T23:43:13","modified_gmt":"2026-09-02T23:43:13","slug":"la-liga-endesa-26-27-se-vera-en-tres-nuevas-autonomicas","status":"publish","type":"post","link":"https:\/\/www.europesays.com\/es\/744798\/","title":{"rendered":"La Liga Endesa 26\/27 se ver\u00e1 en tres nuevas auton\u00f3micas"},"content":{"rendered":"<p>TVG, Arag\u00f3n TV y EITB se sumas a las catalanas<\/p>\n<p>La pr\u00f3xima temporada de la Liga Endesa podr\u00e1 verse en abierto en tres nuevas Comunidades Aut\u00f3nomas. <\/p>\n<p>Despu\u00e9s de que la campa\u00f1a 25\/26 pudiese verse en Catalu\u00f1a a trav\u00e9s de TV3 y 3Cat, TVG (Galicia), Arag\u00f3n TV y EITB (Pa\u00eds Vasco) se sumar\u00e1n a las retransmisiones los domingos por la ma\u00f1ana.<\/p>\n<p>As\u00ed lo ha hecho oficial la <a href=\"https:\/\/www.acb.com\/es\/liga\/noticias\/la-liga-endesa-amplia-su-alcance-y-se-vera-tambien-en-abierto-en-tvg-aragon-tv-y-eitb-145896\" rel=\"nofollow noopener\" target=\"_blank\">Liga Endesa<\/a>:<\/p>\n<p>\u00abLa acb ha llegado a un acuerdo con la TVG, Arag\u00f3n TV y EITB para unirse a las retransmisiones de la Liga Endesa en las temporadas 2026-27 y 2027-28.<\/p>\n<p>Las televisiones auton\u00f3micas de Galicia, Arag\u00f3n y Pa\u00eds Vasco volver\u00e1n a retransmitir acb once a\u00f1os despu\u00e9s y se unen a TV3\/3Cat en Catalu\u00f1a para configurar una cita habitual en abierto los domingos por la ma\u00f1ana.<\/p>\n<p>TVG: Un partido por jornada en una temporada hist\u00f3rica en Galicia<\/p>\n<p>La Liga Endesa se ver\u00e1 todas las jornadas en abierto en TVG y AGalega, en una campa\u00f1a que se presenta hist\u00f3rica para el baloncesto gallego con la participaci\u00f3n de Leyma Coru\u00f1a, Monbus Obradoiro y R\u00edo Breog\u00e1n en la Liga Endesa.<\/p>\n<p>TVG debutar\u00e1 en la primera jornada el pr\u00f3ximo domingo 27 de septiembre a las 12:00h con el R\u00edo Breog\u00e1n \u2013 Asisa Joventut, y en las tres primeras semanas visitar\u00e1 ya a los tres conjuntos gallegos. En la sexta jornada, el 1 de noviembre, se vivir\u00e1 el primer derbi, Monbus Obradoiro \u2013 R\u00edo Breog\u00e1n.<\/p>\n<p>La Liga Endesa tambi\u00e9n llega a Arag\u00f3n TV y EITB<\/p>\n<p>Arag\u00f3n TV y EITB tendr\u00e1n citas habituales con la Liga Endesa las dos pr\u00f3ximas temporadas, con 10 partidos cada una por campa\u00f1a.<\/p>\n<p>Las retransmisiones en Arag\u00f3n TV y Arag\u00f3n Play comenzar\u00e1n en la primera jornada con La Laguna Tenerife \u2013 Casademont Zaragoza (27 de septiembre, 13:00h) y tendr\u00e1n como protagonista al equipo ma\u00f1o, representante de la comunidad en la acb.<\/p>\n<p>EITB llevar\u00e1 el mejor baloncesto a su universo Kirolak. En su caso, Kosner Baskonia y Surne Bilbao se repartir\u00e1n el protagonismo de los 10 encuentros, con el Leyma Coru\u00f1a \u2013 Surne Bilbao de la segunda jornada (domingo 4 de octubre, 12:00h) como primera cita en ETB1 y kirolakeitb.eus. El primer derbi llegar\u00e1 el 22 de noviembre a las 12:00h con un Surne Bilbao \u2013 Kosner Baskonia\u00bb.<\/p>\n<p>D\u00f3nde ver la Liga Endesa 26\/27<\/p>\n<p>La Liga Endesa podr\u00e1 verse de forma completa en DAZN con el Plan Baloncesto, pero se a\u00f1aden nuevas opciones para poder ver la competici\u00f3n que ya se fueron anunciando durante la pasada campa\u00f1a.<\/p>\n<p>\u00a0Adem\u00e1s, tambi\u00e9n est\u00e1n disponibles a trav\u00e9s de DAZN en Movistar Plus+, con dos partidos en la oferta para todos sus clientes y el resto para el paquete deportes o baloncesto, as\u00ed como en Orange TV y Vodafone TV. Las retransmisiones tambi\u00e9n son accesibles mediante contrataci\u00f3n en otros operadores OTT y de telefon\u00eda.<\/p>\n<p>Esta difusi\u00f3n se complementa con las retransmisiones en abierto de un partido por jornada en TV3\/3Cat y TVG, y de 10 partidos por temporada en Arag\u00f3n TV y EITB.<\/p>\n<p class=\"has-text-align-right\">acb Photo<\/p>\n<p style=\"font-size:15px\">Convierte Gigantes en tu <strong>fuente de noticias de baloncesto<\/strong>. A\u00f1ade desde aqu\u00ed a <strong>Gigantes del Basket<\/strong> a Google para que te lo muestre m\u00e1s.<\/p>\n<p>\t\t\t\t\t\t<a href=\"https:\/\/www.gigantes.com\/tienda\/hemeroteca\/guia-de-la-liga-endesa-2026-27-no-1-572-sep-2026\/\" target=\"_blank\" rel=\"noopener nofollow\"><br \/>\n\t\t\t\t\t\t\t<img decoding=\"async\" src=\"https:\/\/www.europesays.com\/es\/wp-content\/uploads\/2026\/09\/1788392593_742_1548-liga-endesa-planets-baja-scaled.jpg\" alt=\"Revista Gigantes\"\/><br \/>\n\t\t\t\t\t\t<\/a><\/p>\n<p class=\"magazine-description\">Reserva ya tu Gu\u00eda de la Liga Endesa en papel: an\u00e1lisis equipo a equipo, plantillas y calendario de la competici\u00f3n<\/p>\n<p>\t\t\t\t\t<a href=\"https:\/\/www.gigantes.com\/tienda\/hemeroteca\/guia-de-la-liga-endesa-2026-27-no-1-572-sep-2026\/\" class=\"btn-primary\" target=\"_blank\" rel=\"noopener nofollow\">Comprar<\/a><\/p>\n","protected":false},"excerpt":{"rendered":"TVG, Arag\u00f3n TV y EITB se sumas a las catalanas La pr\u00f3xima temporada de la Liga Endesa podr\u00e1&hellip;\n","protected":false},"author":2,"featured_media":744799,"comment_status":"","ping_status":"","sticky":false,"template":"","format":"standard","meta":{"footnotes":""},"categories":[269],"tags":[299,298,168,25,24,23,167],"class_list":["post-744798","post","type-post","status-publish","format-standard","has-post-thumbnail","category-baloncesto","tag-baloncesto","tag-basketball","tag-deportes","tag-es","tag-espana","tag-spain","tag-sports"],"share_on_mastodon":{"url":"https:\/\/pubeurope.com\/@es\/117204105559211261","error":""},"_links":{"self":[{"href":"https:\/\/www.europesays.com\/es\/wp-json\/wp\/v2\/posts\/744798","targetHints":{"allow":["GET"]}}],"collection":[{"href":"https:\/\/www.europesays.com\/es\/wp-json\/wp\/v2\/posts"}],"about":[{"href":"https:\/\/www.europesays.com\/es\/wp-json\/wp\/v2\/types\/post"}],"author":[{"embeddable":true,"href":"https:\/\/www.europesays.com\/es\/wp-json\/wp\/v2\/users\/2"}],"replies":[{"embeddable":true,"href":"https:\/\/www.europesays.com\/es\/wp-json\/wp\/v2\/comments?post=744798"}],"version-history":[{"count":0,"href":"https:\/\/www.europesays.com\/es\/wp-json\/wp\/v2\/posts\/744798\/revisions"}],"wp:featuredmedia":[{"embeddable":true,"href":"https:\/\/www.europesays.com\/es\/wp-json\/wp\/v2\/media\/744799"}],"wp:attachment":[{"href":"https:\/\/www.europesays.com\/es\/wp-json\/wp\/v2\/media?parent=744798"}],"wp:term":[{"taxonomy":"category","embeddable":true,"href":"https:\/\/www.europesays.com\/es\/wp-json\/wp\/v2\/categories?post=744798"},{"taxonomy":"post_tag","embeddable":true,"href":"https:\/\/www.europesays.com\/es\/wp-json\/wp\/v2\/tags?post=744798"}],"curies":[{"name":"wp","href":"https:\/\/api.w.org\/{rel}","templated":true}]}}