{"id":744802,"date":"2026-09-02T23:46:13","date_gmt":"2026-09-02T23:46:13","guid":{"rendered":"https:\/\/www.europesays.com\/es\/744802\/"},"modified":"2026-09-02T23:46:13","modified_gmt":"2026-09-02T23:46:13","slug":"quien-manda-en-una-plaza-la-arquitectura-con-la-que-las-protestas-cambian-la-ciudad","status":"publish","type":"post","link":"https:\/\/www.europesays.com\/es\/744802\/","title":{"rendered":"Qui\u00e9n manda en una plaza: la arquitectura con la que las protestas cambian la ciudad"},"content":{"rendered":"<p class=\"article-text\">\n        Las barricadas levantadas en Par\u00eds en 1848 fueron una reescritura instant\u00e1nea de la sintaxis urbana: donde hab\u00eda circulaci\u00f3n apareci\u00f3 la frontera y en aquellos lugares en los que la ciudad promet\u00eda continuidad, la interrupci\u00f3n adquiri\u00f3 forma de resistencia colectiva. M\u00e1s de siglo y medio despu\u00e9s, en la primavera de 2011, la Puerta del Sol de Madrid se convirti\u00f3 en sal\u00f3n, comedor, dormitorio y \u00e1gora de una ciudadan\u00eda que decidi\u00f3 habitar de otro modo el coraz\u00f3n simb\u00f3lico de la capital.\n    <\/p>\n<p class=\"article-text\">\n        En Ottawa, durante el invierno de 2022, una hilera de camiones transform\u00f3 el asfalto en infraestructura de bloqueo a trav\u00e9s de una arquitectura m\u00f3vil convertida deliberadamente en inm\u00f3vil. En Brasilia, campamentos y ocupaciones alteraron el paisaje monumental de la Explanada de los Ministerios, concebida por Oscar Niemeyer y L\u00facio Costa como una de las grandes escenograf\u00edas modernas del poder. Y en Buenos Aires, desde 1977, las Madres de Plaza de Mayo se manifiestan bajo un giro repetido alrededor de la Pir\u00e1mide de Mayo que es un gesto coreogr\u00e1fico de resistencia, una liturgia caminada que reclama la plaza como territorio de memoria. En todos los casos, rese\u00f1ables localizaciones de la ciudad se transforman en espacios de protesta dando visibilidad a las necesidades de sus ciudadanos.\n    <\/p>\n","protected":false},"excerpt":{"rendered":"Las barricadas levantadas en Par\u00eds en 1848 fueron una reescritura instant\u00e1nea de la sintaxis urbana: donde hab\u00eda circulaci\u00f3n&hellip;\n","protected":false},"author":2,"featured_media":744803,"comment_status":"","ping_status":"","sticky":false,"template":"","format":"standard","meta":{"footnotes":""},"categories":[173],"tags":[801,229,233,231,230,5580,777,232,234,146,147,25,24,11787,1386,2315,23],"class_list":["post-744802","post","type-post","status-publish","format-standard","has-post-thumbnail","category-arte-y-diseno","tag-arquitectura","tag-arte","tag-arte-y-diseno","tag-arts","tag-arts-and-design","tag-cambian","tag-ciudad","tag-design","tag-diseno","tag-entertainment","tag-entretenimiento","tag-es","tag-espana","tag-manda","tag-plaza","tag-protestas","tag-spain"],"share_on_mastodon":{"url":"","error":""},"_links":{"self":[{"href":"https:\/\/www.europesays.com\/es\/wp-json\/wp\/v2\/posts\/744802","targetHints":{"allow":["GET"]}}],"collection":[{"href":"https:\/\/www.europesays.com\/es\/wp-json\/wp\/v2\/posts"}],"about":[{"href":"https:\/\/www.europesays.com\/es\/wp-json\/wp\/v2\/types\/post"}],"author":[{"embeddable":true,"href":"https:\/\/www.europesays.com\/es\/wp-json\/wp\/v2\/users\/2"}],"replies":[{"embeddable":true,"href":"https:\/\/www.europesays.com\/es\/wp-json\/wp\/v2\/comments?post=744802"}],"version-history":[{"count":0,"href":"https:\/\/www.europesays.com\/es\/wp-json\/wp\/v2\/posts\/744802\/revisions"}],"wp:featuredmedia":[{"embeddable":true,"href":"https:\/\/www.europesays.com\/es\/wp-json\/wp\/v2\/media\/744803"}],"wp:attachment":[{"href":"https:\/\/www.europesays.com\/es\/wp-json\/wp\/v2\/media?parent=744802"}],"wp:term":[{"taxonomy":"category","embeddable":true,"href":"https:\/\/www.europesays.com\/es\/wp-json\/wp\/v2\/categories?post=744802"},{"taxonomy":"post_tag","embeddable":true,"href":"https:\/\/www.europesays.com\/es\/wp-json\/wp\/v2\/tags?post=744802"}],"curies":[{"name":"wp","href":"https:\/\/api.w.org\/{rel}","templated":true}]}}