{"id":744822,"date":"2026-09-02T23:58:14","date_gmt":"2026-09-02T23:58:14","guid":{"rendered":"https:\/\/www.europesays.com\/es\/744822\/"},"modified":"2026-09-02T23:58:14","modified_gmt":"2026-09-02T23:58:14","slug":"cuatro-manifestantes-detenidos-y-varios-policias-heridos-en-los-altercados-con-grupos-ultras-frente-al-congreso","status":"publish","type":"post","link":"https:\/\/www.europesays.com\/es\/744822\/","title":{"rendered":"Cuatro manifestantes detenidos y varios polic\u00edas heridos en los altercados con grupos ultras frente al Congreso"},"content":{"rendered":"<p>                <img decoding=\"async\" class=\"lazy\" loading=\"lazy\" data-src=\"https:\/\/static.eldiario.es\/clip\/9bff328e-4bc4-41a4-a902-fc337eee1485_16-9-aspect-ratio_default_0.jpg\" src=\"data:image\/svg+xml,%3Csvg xmlns=\" http:=\"\" viewbox=\"0 0 16 9\" alt=\"Una persona con la bandera franquista en la protesta frente al Congreso.\"\/><\/p>\n<p class=\"article-text\">\n        La polic\u00eda ha dispersado con pelotas de goma a los manifestantes que estaban en la puerta de el Congreso de los Diputados. Seg\u00fan EFE, hay cuatro detenidos y cuatro agentes han resultado heridos.\n    <\/p>\n<p class=\"article-text\">\n        Aunque la concentraci\u00f3n ha comenzado de forma pac\u00edfica, sobre las 21.20 horas ha comenzado a subir la tensi\u00f3n entre los asistentes, quienes han dirigido consignas y c\u00e1nticos contra la polic\u00eda. Cientos de manifestantes han comenzado a increpar a los agentes desplegados en la zona.\n    <\/p>\n<p class=\"article-text\">\n        La tensi\u00f3n ha comenzado a crecer y un grupo de asistentes ha comenzado a lanzar objetos a los agentes, quienes han contestado dispersando a la masa de gente con gases lacrim\u00f3genos y pelotas de goma.\n    <\/p>\n<p class=\"article-text\">\n        Con informaci\u00f3n de <strong>Europa Press<\/strong>.\n    <\/p>\n","protected":false},"excerpt":{"rendered":"La polic\u00eda ha dispersado con pelotas de goma a los manifestantes que estaban en la puerta de el&hellip;\n","protected":false},"author":2,"featured_media":744823,"comment_status":"","ping_status":"","sticky":false,"template":"","format":"standard","meta":{"footnotes":""},"categories":[5],"tags":[517,17,18,4486,4170,2125,25,24,13,14,11,1458,19,20,9,10,15,16,952,23,12,1885,21,22],"class_list":["post-744822","post","type-post","status-publish","format-standard","has-post-thumbnail","category-titulares","tag-actualidad","tag-breaking-news","tag-breakingnews","tag-ceuta","tag-crisis","tag-directo","tag-es","tag-espana","tag-featured-news","tag-featurednews","tag-headlines","tag-hora","tag-latest-news","tag-latestnews","tag-news","tag-noticias","tag-noticias-destacadas","tag-noticiasdestacadas","tag-politica","tag-spain","tag-titulares","tag-ultima","tag-ultimas-noticias","tag-ultimasnoticias"],"share_on_mastodon":{"url":"https:\/\/pubeurope.com\/@es\/117204163404016331","error":""},"_links":{"self":[{"href":"https:\/\/www.europesays.com\/es\/wp-json\/wp\/v2\/posts\/744822","targetHints":{"allow":["GET"]}}],"collection":[{"href":"https:\/\/www.europesays.com\/es\/wp-json\/wp\/v2\/posts"}],"about":[{"href":"https:\/\/www.europesays.com\/es\/wp-json\/wp\/v2\/types\/post"}],"author":[{"embeddable":true,"href":"https:\/\/www.europesays.com\/es\/wp-json\/wp\/v2\/users\/2"}],"replies":[{"embeddable":true,"href":"https:\/\/www.europesays.com\/es\/wp-json\/wp\/v2\/comments?post=744822"}],"version-history":[{"count":0,"href":"https:\/\/www.europesays.com\/es\/wp-json\/wp\/v2\/posts\/744822\/revisions"}],"wp:featuredmedia":[{"embeddable":true,"href":"https:\/\/www.europesays.com\/es\/wp-json\/wp\/v2\/media\/744823"}],"wp:attachment":[{"href":"https:\/\/www.europesays.com\/es\/wp-json\/wp\/v2\/media?parent=744822"}],"wp:term":[{"taxonomy":"category","embeddable":true,"href":"https:\/\/www.europesays.com\/es\/wp-json\/wp\/v2\/categories?post=744822"},{"taxonomy":"post_tag","embeddable":true,"href":"https:\/\/www.europesays.com\/es\/wp-json\/wp\/v2\/tags?post=744822"}],"curies":[{"name":"wp","href":"https:\/\/api.w.org\/{rel}","templated":true}]}}