{"id":744824,"date":"2026-09-03T00:04:13","date_gmt":"2026-09-03T00:04:13","guid":{"rendered":"https:\/\/www.europesays.com\/es\/744824\/"},"modified":"2026-09-03T00:04:13","modified_gmt":"2026-09-03T00:04:13","slug":"brennan-suma-la-tercera-en-lorca","status":"publish","type":"post","link":"https:\/\/www.europesays.com\/es\/744824\/","title":{"rendered":"Brennan suma la tercera en Lorca"},"content":{"rendered":"<p><strong>Sin rival en las llegadas masivas, Matthew Brennan (Visma-Lease a Bike) ha impuesto de nuevo su velocidad \u2013y la superioridad de su equipo\u2013 para lograr su tercer triunfo en La Vuelta 26 en la 11\u00aa etapa, disputada entre las ciudades murcianas de Cartagena y Lorca. El brit\u00e1nico, con solamente 21 a\u00f1os, se convierte as\u00ed en el primer debutante en una Gran Vuelta en sumar tres victorias de etapa desde que Tadej Pogacar hiciera lo propio en La Vuelta de 2019. En esta ocasi\u00f3n, Brennan ha hecho bueno el trabajo de su equipo para batir al franc\u00e9s Bryan Coquard (Cofidis) y al belga Jordi Meeus (Red Bull-Bora-Hansgrohe) tras una jornada marcada por el control de los equipos Cofidis y Visma-Lease a Bike en busca de una nueva llegada masiva, y de un nerviosismo ante la amenaza del viento que ha dejado en an\u00e9cdota los dos intentos de fuga del d\u00eda. En una jornada sin cambios en la general, Enric Mas (Movistar Team) se mantiene al frente de la clasificaci\u00f3n general antes de la tercera llegada en alto de la edici\u00f3n en la cima almeriense de Calar Alto.<\/strong><\/p>\n<p>166 ciclistas han tomado la salida desde la ciudad murciana de Cartagena, con la baja sensible de un cuatro veces ganador de etapa como Mads Pedersen (Lidl-Trek). La etapa promet\u00eda un guion habitual de etapa de sprint, con una fuga formada en el primer ataque del d\u00eda, con Domen Novak (UAE Team Emirates-XRG), Ethan Hayter (Soudal Quick-Step), Alessandro Covi (Team Jayco AlUla) y Sinuh\u00e9 Fern\u00e1ndez (Burgos-Burpellet-BH). <\/p>\n<p>Los cuatro corredores han rodado en cabeza de carrera unos sesenta kil\u00f3metros, hasta ser neutralizados a 90 kil\u00f3metros de la l\u00ednea de meta. Y es que la amenaza de los abanicos ha acabado de encender un pelot\u00f3n que ya rodaba enfilado por el trabajo de Cofidis y Visma-Lease a Bike, los equipos m\u00e1s interesados en una llegada masiva. Durante una decena de kil\u00f3metros, el pelot\u00f3n ha rodado partido en dos a causa de un corte, pero sin ning\u00fan corredor relevante en la persecuci\u00f3n, se ha vuelto a imponer el ritmo de los equipos de Bryan Coquard y Matthew Brennan, ambos ganadores de etapa en el sprint.<\/p>\n<p>Con la nueva situaci\u00f3n de carrera, de nuevo Ethan Hayter (Soudal Quick-Step), esta vez junto al americano Lawrence Warbasse (Tudor), se han lanzado al ataque a 74 kil\u00f3metros de la l\u00ednea de meta. Juntos han pasado por el sprint intermedio de Totana (km 111,9), donde Wout van Aert (Visma-Lease a Bike) ha comandado el pelot\u00f3n para seguir sumando puntos en la lucha por el maillot verde, hasta que han sido neutralizados a cinco kil\u00f3metros de la cima del Alto de Aledo (3\u00aa categor\u00eda, km 121,8), que se coronaba a 32 kil\u00f3metros de la meta.<\/p>\n<p>El mismo Wout van Aert, adem\u00e1s de controlar ataques de sospechosos habituales como el irland\u00e9s Ed Dunbar (Pinarello-Q36.5), tambi\u00e9n ha cambiado el ritmo para coronar en cabeza el puerto, empatando en el tercer puesto de la clasificaci\u00f3n de la monta\u00f1a. Despu\u00e9s del descenso, Visma-Lease a Bike ha sido capaz de reordenar su treno de lanzamiento, contando con el apoyo de equipos como Uno-X Mobility en la preparaci\u00f3n del sprint. Y justamente el propio Van Aert ha vuelto a ser clave en la colocaci\u00f3n de su compa\u00f1ero Matthew Brennan camino a su tercera victoria de etapa, liderando el pelot\u00f3n en la curva que marcaba el \u00faltimo kil\u00f3metro en el sprint de Lorca, que ha vuelto a ser imperial para el equipo neerland\u00e9s, superior en n\u00fameros y en calidad.<\/p>\n<p>                <a href=\"https:\/\/www.europesays.com\/es\/wp-content\/uploads\/2026\/09\/64e78.jpeg\" class=\"js-jzoom\" role=\"button\" data-modal-type=\"image\" data-modal-class=\"modal__box--gutter is-modal-white\" data-modal-width=\"1200\" data-modal-height=\"auto\" data-xtclick=\"article::image::zoom\" data-clicktype=\"A\"><br \/>\n                    <img loading=\"lazy\" decoding=\"async\" class=\"figure__image img--responsive lazyItem js-lazy\" bad-src=\"data:image\/svg+xml,%3Csvg xmlns=&quot;http:\/\/www.w3.org\/2000\/svg&quot; viewBox=&quot;0 0 1200 534&quot;%3E%3C\/svg%3E\" width=\"1200\" height=\"534\" src=\"https:\/\/www.europesays.com\/es\/wp-content\/uploads\/2026\/09\/64e78.jpeg|https:\/\/img.aso.fr\/core_app\/img-cycling-vue-jpg\/20260902lv11-a-s-o-cxcling-antonio-baixauli-bx8-1398\/29518\/0:0,2000:890-2400-0-70\/83ca9\" alt=\"02\/09\/2026 - La Vuelta 2026 - Stage 11 - Cartagena &gt; Lorca (151,3 Km) - James Matthew BRENNAN (TEAM VISMA - LEASE A BIKE)\"\/><\/p>\n<p>                    <\/a><br \/>\n                                02\/09\/2026 &#8211; La Vuelta 2026 &#8211; Stage 11 &#8211; Cartagena &gt; Lorca (151,3 Km) &#8211; James Matthew BRENNAN (TEAM VISMA &#8211; LEASE A BIKE) \u00a9 Cxcling<\/p>\n","protected":false},"excerpt":{"rendered":"Sin rival en las llegadas masivas, Matthew Brennan (Visma-Lease a Bike) ha impuesto de nuevo su velocidad \u2013y&hellip;\n","protected":false},"author":2,"featured_media":744825,"comment_status":"","ping_status":"","sticky":false,"template":"","format":"standard","meta":{"footnotes":""},"categories":[273],"tags":[313,312,168,25,24,23,167],"class_list":["post-744824","post","type-post","status-publish","format-standard","has-post-thumbnail","category-ciclismo","tag-ciclismo","tag-cycling","tag-deportes","tag-es","tag-espana","tag-spain","tag-sports"],"share_on_mastodon":{"url":"https:\/\/pubeurope.com\/@es\/117204187931801807","error":""},"_links":{"self":[{"href":"https:\/\/www.europesays.com\/es\/wp-json\/wp\/v2\/posts\/744824","targetHints":{"allow":["GET"]}}],"collection":[{"href":"https:\/\/www.europesays.com\/es\/wp-json\/wp\/v2\/posts"}],"about":[{"href":"https:\/\/www.europesays.com\/es\/wp-json\/wp\/v2\/types\/post"}],"author":[{"embeddable":true,"href":"https:\/\/www.europesays.com\/es\/wp-json\/wp\/v2\/users\/2"}],"replies":[{"embeddable":true,"href":"https:\/\/www.europesays.com\/es\/wp-json\/wp\/v2\/comments?post=744824"}],"version-history":[{"count":0,"href":"https:\/\/www.europesays.com\/es\/wp-json\/wp\/v2\/posts\/744824\/revisions"}],"wp:featuredmedia":[{"embeddable":true,"href":"https:\/\/www.europesays.com\/es\/wp-json\/wp\/v2\/media\/744825"}],"wp:attachment":[{"href":"https:\/\/www.europesays.com\/es\/wp-json\/wp\/v2\/media?parent=744824"}],"wp:term":[{"taxonomy":"category","embeddable":true,"href":"https:\/\/www.europesays.com\/es\/wp-json\/wp\/v2\/categories?post=744824"},{"taxonomy":"post_tag","embeddable":true,"href":"https:\/\/www.europesays.com\/es\/wp-json\/wp\/v2\/tags?post=744824"}],"curies":[{"name":"wp","href":"https:\/\/api.w.org\/{rel}","templated":true}]}}