{"id":744828,"date":"2026-09-03T00:07:15","date_gmt":"2026-09-03T00:07:15","guid":{"rendered":"https:\/\/www.europesays.com\/es\/744828\/"},"modified":"2026-09-03T00:07:15","modified_gmt":"2026-09-03T00:07:15","slug":"casado-no-me-voy-molesto-he-hablado-con-el-barca-y-todos-tenemos-cosas-a-mejorar","status":"publish","type":"post","link":"https:\/\/www.europesays.com\/es\/744828\/","title":{"rendered":"Casad\u00f3: \u00abNo me voy molesto, he hablado con el Bar\u00e7a y todos tenemos cosas a mejorar\u00bb"},"content":{"rendered":"<p class=\"ft-text\"><a class=\"ft-link ft-link--decoration\" href=\"https:\/\/www.sport.es\/es\/noticias\/futbol\/primeras-palabras-marc-casado-nuevo-133868814\" rel=\"nofollow noopener\" target=\"_blank\">Marc Casad\u00f3 puso ayer punto y seguido a su etapa en Barcelona.<\/a> <strong>El centrocampista del Bar\u00e7a jugar\u00e1 esta temporada cedido en el Deportivo de La Coru\u00f1a<\/strong>, una operaci\u00f3n que se cerr\u00f3 durante el \u00faltimo d\u00eda de mercado despu\u00e9s de una negociaci\u00f3n marcada por la incertidumbre hasta pr\u00e1cticamente el \u00faltimo momento. Antes de poner rumbo a Galicia desde la terminal del aeropuerto de El Prat, el futbolista atendi\u00f3 brevemente a los medios y dej\u00f3 sus primeras impresiones sobre una nueva etapa en su carrera.<\/p>\n<p class=\"ft-text\">Casad\u00f3 se mostr\u00f3 ilusionado con el proyecto que le espera en A Coru\u00f1a y dej\u00f3 claro que su prioridad ha sido encontrar un destino que le permita recuperar protagonismo sobre el terreno de juego. <strong>\u00abEs un muy buen proyecto, tengo muchas ganas de empezar\u00bb<\/strong>, explic\u00f3 el canterano blaugrana antes de embarcar.<\/p>\n<p class=\"ft-text\">La decisi\u00f3n supone un cambio importante para un jugador que la pasada temporada tuvo ya poco protagonismo con el primer equipo del Bar\u00e7a, pero que este curso part\u00eda con una competencia muy elevada en el centro del campo: <strong>\u00abDejar de jugar en el Bar\u00e7a siempre es complicado\u00bb<\/strong>, reconoci\u00f3 Casad\u00f3, consciente de lo que implica abandonar temporalmente el club en el que se form\u00f3 y del que siempre ha mostrado un fuerte sentimiento.<\/p>\n<p>Operaci\u00f3n rel\u00e1mpago<\/p>\n<p class=\"ft-text\">La operaci\u00f3n se ha producido despu\u00e9s de un \u00faltimo d\u00eda de mercado especialmente intenso. SPORT avanz\u00f3 en exclusiva la ofensiva del Deportivo por el centrocampista y, posteriormente, pudo confirmar que el futbolista hab\u00eda dado el visto bueno definitivo al proyecto blanquiazul. <strong>El conjunto gallego termin\u00f3 imponi\u00e9ndose a otras alternativas que hab\u00edan ganado fuerza durante las \u00faltimas horas<\/strong>, entre ellas la v\u00eda turca, que lleg\u00f3 a plantear una salida mediante traspaso.<\/p>\n<p class=\"ft-text\">El <strong>Bar\u00e7a, por su parte, hab\u00eda estudiado diferentes escenarios para Casad\u00f3 durante todo el verano. <\/strong>El centrocampista era uno de los jugadores con m\u00e1s mercado de la plantilla y hab\u00edan aparecido propuestas de Inglaterra, Turqu\u00eda y Arabia Saud\u00ed, adem\u00e1s del inter\u00e9s del RB Leipzig, una opci\u00f3n que termin\u00f3 descartada.<\/p>\n<p class=\"ft-text\">Finalmente, <strong>Casad\u00f3 ha priorizado el proyecto deportivo del Deportivo y la posibilidad de disponer de minutos y responsabilidad en A Coru\u00f1a<\/strong>. La f\u00f3rmula elegida es una cesi\u00f3n, por lo que el futbolista seguir\u00e1 vinculado al Bar\u00e7a y regresar\u00e1 al club al t\u00e9rmino de la temporada.<\/p>\n<p class=\"ft-text\">Antes de marcharse, adem\u00e1s, Casad\u00f3 dej\u00f3 un mensaje de conciliaci\u00f3n al ser preguntado por su relaci\u00f3n con el Bar\u00e7a y las conversaciones mantenidas para decidir su futuro: <strong>\u00abNo me voy molesto. He hablado con el club y todos tenemos cosas a mejorar\u00bb<\/strong>, apunt\u00f3.<\/p>\n<p class=\"ft-text\">Ahora comienza una nueva etapa para el centrocampista de Sant Pere de Vilamajor. <strong>Casad\u00f3 pone rumbo a A Coru\u00f1a con el objetivo de volver a sentirse importante y acumular los minutos que no ten\u00eda garantizados en Barcelona<\/strong>, mientras el Bar\u00e7a seguir\u00e1 de cerca su evoluci\u00f3n durante una temporada que puede resultar determinante para su futuro como blaugrana.<\/p>\n","protected":false},"excerpt":{"rendered":"Marc Casad\u00f3 puso ayer punto y seguido a su etapa en Barcelona. El centrocampista del Bar\u00e7a jugar\u00e1 esta&hellip;\n","protected":false},"author":2,"featured_media":744829,"comment_status":"","ping_status":"","sticky":false,"template":"","format":"standard","meta":{"footnotes":""},"categories":[268],"tags":[2296,12691,168,25,24,280,282,64105,19109,20218,26903,281,23,167],"class_list":["post-744828","post","type-post","status-publish","format-standard","has-post-thumbnail","category-futbol","tag-barca","tag-casado","tag-deportes","tag-es","tag-espana","tag-football","tag-futbol","tag-hablado","tag-he","tag-marc-casado","tag-molesto","tag-soccer","tag-spain","tag-sports"],"share_on_mastodon":{"url":"https:\/\/pubeurope.com\/@es\/117204198851983230","error":""},"_links":{"self":[{"href":"https:\/\/www.europesays.com\/es\/wp-json\/wp\/v2\/posts\/744828","targetHints":{"allow":["GET"]}}],"collection":[{"href":"https:\/\/www.europesays.com\/es\/wp-json\/wp\/v2\/posts"}],"about":[{"href":"https:\/\/www.europesays.com\/es\/wp-json\/wp\/v2\/types\/post"}],"author":[{"embeddable":true,"href":"https:\/\/www.europesays.com\/es\/wp-json\/wp\/v2\/users\/2"}],"replies":[{"embeddable":true,"href":"https:\/\/www.europesays.com\/es\/wp-json\/wp\/v2\/comments?post=744828"}],"version-history":[{"count":0,"href":"https:\/\/www.europesays.com\/es\/wp-json\/wp\/v2\/posts\/744828\/revisions"}],"wp:featuredmedia":[{"embeddable":true,"href":"https:\/\/www.europesays.com\/es\/wp-json\/wp\/v2\/media\/744829"}],"wp:attachment":[{"href":"https:\/\/www.europesays.com\/es\/wp-json\/wp\/v2\/media?parent=744828"}],"wp:term":[{"taxonomy":"category","embeddable":true,"href":"https:\/\/www.europesays.com\/es\/wp-json\/wp\/v2\/categories?post=744828"},{"taxonomy":"post_tag","embeddable":true,"href":"https:\/\/www.europesays.com\/es\/wp-json\/wp\/v2\/tags?post=744828"}],"curies":[{"name":"wp","href":"https:\/\/api.w.org\/{rel}","templated":true}]}}