{"id":744846,"date":"2026-09-03T00:24:13","date_gmt":"2026-09-03T00:24:13","guid":{"rendered":"https:\/\/www.europesays.com\/es\/744846\/"},"modified":"2026-09-03T00:24:13","modified_gmt":"2026-09-03T00:24:13","slug":"oviedo-desborda-las-plazas-con-las-concentraciones-en-apoyo-a-ceuta","status":"publish","type":"post","link":"https:\/\/www.europesays.com\/es\/744846\/","title":{"rendered":"Oviedo desborda las plazas con las concentraciones en apoyo a Ceuta"},"content":{"rendered":"<p style=\"\">La Plaza del Ayuntamiento de Oviedo se convirti\u00f3 en la tarde de ayer en otro de los altavoces y escenario de una concentraci\u00f3n en apoyo  &#8230; al pueblo de <a href=\"https:\/\/www.elcomercio.es\/asturias\/asturias-levanta-apoyo-ceuta-20260902204926-nt.html\" title=\"\" data-voc-vtm-id=\"in-text-traffic\" data-mrf-link=\"www.elcomercio.es\" rel=\"nofollow noopener\" target=\"_blank\">Ceuta<\/a>. El acto, convocado a las 20.00 horas por la Federaci\u00f3n Espa\u00f1ola de Municipios y Provincias (FEMP), buscaba trasladar la solidaridad de la capital asturiana ante la crisis migratoria y la situaci\u00f3n de excepcionalidad que atraviesa la ciudad aut\u00f3noma. Fue uno de los puntos donde se logr\u00f3 una mayor concentraci\u00f3n de personas. Fuentes oficiales cifraron en m\u00e1s de 6.000 los asistentes en la plaza del Ayuntamiento. Paralelamente, se contabiliz\u00f3 otro medio millar de personas en las inmediaciones y la plaza de la Escandalera. Los accesos a la plaza del ayuntamiento de Oviedo quedaron completamente colapsados a causa de la multitud de personas.<\/p>\n<p class=\"v-d-p\" style=\"\">La movilizaci\u00f3n cont\u00f3 con la presencia del alcalde, Alfredo Canteli, quien, tras escuchar el manifiesto y el himno de Ceuta, asegur\u00f3 que sent\u00eda \u00abemoci\u00f3n viendo esto. Este es el Oviedo que quiero\u00bb. Canteli, que en un primer momento hab\u00eda descartado su asistencia para acudir al preg\u00f3n de las fiestas del Centro Asturiano, finalmente rectific\u00f3 su agenda para estar presente en el acto. El alcalde tambi\u00e9n se\u00f1al\u00f3 en su comparecencia que \u00abeste es un Oviedo que defiende a nuestra gente y, en este caso, a Ceuta y sus vecinos\u00bb.<\/p>\n<p class=\"v-d-p\" style=\"\">Entre los asistentes tambi\u00e9n se encontraban otros representantes del Partido Popular y de Vox.<\/p>\n","protected":false},"excerpt":{"rendered":"La Plaza del Ayuntamiento de Oviedo se convirti\u00f3 en la tarde de ayer en otro de los altavoces&hellip;\n","protected":false},"author":2,"featured_media":744847,"comment_status":"","ping_status":"","sticky":false,"template":"","format":"standard","meta":{"footnotes":""},"categories":[8],"tags":[6635,17,18,4486,26678,26647,25,24,13,14,11,19,20,9,10,15,16,1796,19941,23,12,21,22],"class_list":["post-744846","post","type-post","status-publish","format-standard","has-post-thumbnail","category-espana","tag-apoyo","tag-breaking-news","tag-breakingnews","tag-ceuta","tag-concentraciones","tag-desborda","tag-es","tag-espana","tag-featured-news","tag-featurednews","tag-headlines","tag-latest-news","tag-latestnews","tag-news","tag-noticias","tag-noticias-destacadas","tag-noticiasdestacadas","tag-oviedo","tag-plazas","tag-spain","tag-titulares","tag-ultimas-noticias","tag-ultimasnoticias"],"share_on_mastodon":{"url":"https:\/\/pubeurope.com\/@es\/117204265640492744","error":""},"_links":{"self":[{"href":"https:\/\/www.europesays.com\/es\/wp-json\/wp\/v2\/posts\/744846","targetHints":{"allow":["GET"]}}],"collection":[{"href":"https:\/\/www.europesays.com\/es\/wp-json\/wp\/v2\/posts"}],"about":[{"href":"https:\/\/www.europesays.com\/es\/wp-json\/wp\/v2\/types\/post"}],"author":[{"embeddable":true,"href":"https:\/\/www.europesays.com\/es\/wp-json\/wp\/v2\/users\/2"}],"replies":[{"embeddable":true,"href":"https:\/\/www.europesays.com\/es\/wp-json\/wp\/v2\/comments?post=744846"}],"version-history":[{"count":0,"href":"https:\/\/www.europesays.com\/es\/wp-json\/wp\/v2\/posts\/744846\/revisions"}],"wp:featuredmedia":[{"embeddable":true,"href":"https:\/\/www.europesays.com\/es\/wp-json\/wp\/v2\/media\/744847"}],"wp:attachment":[{"href":"https:\/\/www.europesays.com\/es\/wp-json\/wp\/v2\/media?parent=744846"}],"wp:term":[{"taxonomy":"category","embeddable":true,"href":"https:\/\/www.europesays.com\/es\/wp-json\/wp\/v2\/categories?post=744846"},{"taxonomy":"post_tag","embeddable":true,"href":"https:\/\/www.europesays.com\/es\/wp-json\/wp\/v2\/tags?post=744846"}],"curies":[{"name":"wp","href":"https:\/\/api.w.org\/{rel}","templated":true}]}}