{"id":744854,"date":"2026-09-03T00:34:18","date_gmt":"2026-09-03T00:34:18","guid":{"rendered":"https:\/\/www.europesays.com\/es\/744854\/"},"modified":"2026-09-03T00:34:18","modified_gmt":"2026-09-03T00:34:18","slug":"rodrigo-marina-seguira-en-el-betis","status":"publish","type":"post","link":"https:\/\/www.europesays.com\/es\/744854\/","title":{"rendered":"Rodrigo Marina seguir\u00e1 en el Betis"},"content":{"rendered":"<p><img decoding=\"async\" class=\"v-ath__i\" loading=\"lazy\" src=\"https:\/\/www.europesays.com\/es\/wp-content\/uploads\/2026\/09\/1788395658_961_autor-3503-foto-5.png\" alt=\"Mateo Gonz\u00e1lez\"\/><\/p>\n<p>01\/09\/2026<\/p>\n<p>Actualizado a las 17:50h.<\/p>\n<p class=\"v-d-p\" style=\"\"><strong>Rodrigo Marina<\/strong> continuar\u00e1 en el Real Betis esta temporada. El delantero extreme\u00f1o es uno de los goleadores del filial verdiblanco y ha estado este mercado pendiente de las ofertas que han surgido de clubes espa\u00f1oles y extranjeros para hacerse con sus servicios pero finalmente  &#8230; continuar\u00e1 en Heli\u00f3polis, tal y como avanza Mundo Betis. Marina, de 20 a\u00f1os, tiene contrato en vigor con los verdiblancos hasta junio de 2028.<\/p>\n<p class=\"v-d-p\" style=\"\">Marina tuvo un acuerdo con Avellino italiano para ser traspasado por alrededor de 1,5 millones hace semanas pero la operaci\u00f3n no sali\u00f3 adelante al no conseguir ese equipo generar hueco para su llegada. Luego surgi\u00f3 el inter\u00e9s del filial del Barcelona para tenerlo como cedido.<\/p>\n<p class=\"v-d-p\" style=\"\">Ahora el delantero tiene una oferta de renovaci\u00f3n del Betis por dos temporadas y comenzar\u00e1 este curso con el Betis Deportivo, con el que marc\u00f3 en uno de los \u00faltimos amistosos de pretemporada.<\/p>\n","protected":false},"excerpt":{"rendered":"01\/09\/2026 Actualizado a las 17:50h. Rodrigo Marina continuar\u00e1 en el Real Betis esta temporada. El delantero extreme\u00f1o es&hellip;\n","protected":false},"author":2,"featured_media":744855,"comment_status":"","ping_status":"","sticky":false,"template":"","format":"standard","meta":{"footnotes":""},"categories":[268],"tags":[291,168,25,24,280,282,4911,7106,2431,281,23,167],"class_list":["post-744854","post","type-post","status-publish","format-standard","has-post-thumbnail","category-futbol","tag-betis","tag-deportes","tag-es","tag-espana","tag-football","tag-futbol","tag-marina","tag-rodrigo","tag-seguira","tag-soccer","tag-spain","tag-sports"],"share_on_mastodon":{"url":"https:\/\/pubeurope.com\/@es\/117204306070081292","error":""},"_links":{"self":[{"href":"https:\/\/www.europesays.com\/es\/wp-json\/wp\/v2\/posts\/744854","targetHints":{"allow":["GET"]}}],"collection":[{"href":"https:\/\/www.europesays.com\/es\/wp-json\/wp\/v2\/posts"}],"about":[{"href":"https:\/\/www.europesays.com\/es\/wp-json\/wp\/v2\/types\/post"}],"author":[{"embeddable":true,"href":"https:\/\/www.europesays.com\/es\/wp-json\/wp\/v2\/users\/2"}],"replies":[{"embeddable":true,"href":"https:\/\/www.europesays.com\/es\/wp-json\/wp\/v2\/comments?post=744854"}],"version-history":[{"count":0,"href":"https:\/\/www.europesays.com\/es\/wp-json\/wp\/v2\/posts\/744854\/revisions"}],"wp:featuredmedia":[{"embeddable":true,"href":"https:\/\/www.europesays.com\/es\/wp-json\/wp\/v2\/media\/744855"}],"wp:attachment":[{"href":"https:\/\/www.europesays.com\/es\/wp-json\/wp\/v2\/media?parent=744854"}],"wp:term":[{"taxonomy":"category","embeddable":true,"href":"https:\/\/www.europesays.com\/es\/wp-json\/wp\/v2\/categories?post=744854"},{"taxonomy":"post_tag","embeddable":true,"href":"https:\/\/www.europesays.com\/es\/wp-json\/wp\/v2\/tags?post=744854"}],"curies":[{"name":"wp","href":"https:\/\/api.w.org\/{rel}","templated":true}]}}