{"id":744858,"date":"2026-09-03T00:40:35","date_gmt":"2026-09-03T00:40:35","guid":{"rendered":"https:\/\/www.europesays.com\/es\/744858\/"},"modified":"2026-09-03T00:40:35","modified_gmt":"2026-09-03T00:40:35","slug":"harry-potter-y-la-piedra-filosofal-vuelve-al-cine-25-anos-despues-estos-son-los-cines-de-sevilla-donde-puedes-verla","status":"publish","type":"post","link":"https:\/\/www.europesays.com\/es\/744858\/","title":{"rendered":"&#8216;Harry Potter y la piedra filosofal&#8217; vuelve al cine 25 a\u00f1os despu\u00e9s: estos son los cines de Sevilla donde puedes verla"},"content":{"rendered":"<p style=\"\">Hay pel\u00edculas que han marcado <strong>nuestra infancia<\/strong> y que han quedado en <strong>la memoria de toda una generaci\u00f3n<\/strong>. Obras cinematogr\u00e1ficas que, aunque pasen los a\u00f1os, nunca pasan de moda. Son esas pel\u00edculas que, cada vez que sale en la televisi\u00f3n, al final te  &#8230; quedas vi\u00e9ndola con tu bol de palomitas. Y s\u00ed, estamos hablando de <strong>&#8216;Harry Potter y la piedra filosofal&#8217;<\/strong>. <\/p>\n<p class=\"v-d-p\" style=\"\"><strong>25 a\u00f1os despu\u00e9s de su estreno<\/strong>, el peque\u00f1o mago vuelve a las pantallas sevillanas para que los espectadores puedan regresar a <strong>Hogwarts<\/strong> y revivir el comienzo de una de las sagas m\u00e1s populares de la historia del cine.<\/p>\n<p class=\"v-d-p\" style=\"\"><strong>Para celebrar su 25\u00ba aniversario<\/strong>, la pel\u00edcula dirigida por <strong>Chris Columbus<\/strong> se proyecta en diferentes salas de cine de Sevilla. Su reestreno ser\u00e1 a partir del <strong>28 de agosto<\/strong> y seguro que se ver\u00e1n colas de gente que querr\u00e1 revivir c\u00f3mo es estar en Hogwarts y sentirse un verdadero mago. <strong>En esta primera entrega<\/strong> pudimos conocer a actores como <strong>Daniel Radcliffe, Emma Watson y Rupert Grint<\/strong>, tres j\u00f3venes que nunca pensaron que esta pel\u00edcula cambiar\u00eda sus vidas de forma m\u00e1gica al dar vida a <strong>Harry Potter, Hermione Granger y Ron Weasley.<\/strong><\/p>\n<p class=\"v-d-p\" style=\"\">Es imposible olvidar este universo de fantas\u00eda, donde las <strong>escaleras de la escuela<\/strong> en la que estudiaban no paraban de moverse de un lado a otro, las figuras plasmadas en los cuadros cobraban vida, el popular juego del <strong>Quidditch<\/strong> y las criaturas fant\u00e1sticas formaban parte del d\u00eda a d\u00eda. Y, sobre todo, estaba <strong>la amistad entre Harry, Ron y Hermione<\/strong>. Una combinaci\u00f3n que convirti\u00f3 la pel\u00edcula en uno de los grandes fen\u00f3menos cinematogr\u00e1ficos de comienzos de siglo.<\/p>\n<p>\nLos cines de Sevilla que resucitar\u00e1n a Harry Potter\n<\/p>\n<p class=\"v-d-p\" style=\"\"><strong>Los fan\u00e1ticos sevillanos<\/strong> de la saga podr\u00e1n revivir <strong>&#8216;Harry Potter y la piedra filosofal&#8217;<\/strong> en la gran pantalla. Gracias a las mejoras de las salas de cine, esta cita cinematogr\u00e1fica cobrar\u00e1 <strong>una mayor dimensi\u00f3n<\/strong> y permitir\u00e1 a los espectadores disfrutar de la pel\u00edcula como nunca antes.<\/p>\n<p class=\"v-d-p\" style=\"\">Los cines elegidos para proyectar esta primera entrega de la saga son:<\/p>\n<ul class=\"v-u v-u--t2\">\n<li class=\"v-u__l\">\n<p class=\"v-d-p\">\nCinesa Camas\n<\/p>\n<\/li>\n<li class=\"v-u__l\">\n<p class=\"v-d-p\">\nCines Los Arcos\n<\/p>\n<\/li>\n<li class=\"v-u__l\">\n<p class=\"v-d-p\">\nCines Nervi\u00f3n Plaza\n<\/p>\n<\/li>\n<li class=\"v-u__l\">\n<p class=\"v-d-p\">\nYelmo Lagoh\n<\/p>\n<\/li>\n<p> ul&gt;\n<\/ul>\n<p class=\"v-d-p\" style=\"\"><strong>Este evento es \u00fanico para los &#8216;muggles&#8217;<\/strong> que quieran revivir esta historia llena de magia, fantas\u00eda, amistad y aventura, adem\u00e1s de brindarles la oportunidad a las nuevas generaciones que a\u00fan no la conozcan de enamorarse de una saga que ser\u00e1 dif\u00edcil de repetir.<\/p>\n<p>\nEl 25 de diciembre se estrena la nueva serie de Harry Potter\n<\/p>\n<p class=\"v-d-p\" style=\"\"><strong>La vuelta de Harry Potter<\/strong> a los cines sirve como tentempi\u00e9 para los cin\u00e9filos antes del estreno de la nueva serie. <strong>HBO Max estrenar\u00e1 el pr\u00f3ximo 25 de diciembre una <strong>nueva<\/strong> adaptaci\u00f3n de los libros de Rowling<\/strong>.<\/p>\n<p class=\"v-d-p\" style=\"\">As\u00ed, mientras Hogwarts prepara su<strong> regreso a la peque\u00f1a pantalla<\/strong>, los espectadores sevillanos tienen la oportunidad de volver a escuchar en una sala de cine una de las frases m\u00e1s recordadas de la saga: <strong>\u00abEres un mago, Harry\u00bb.<\/strong><\/p>\n<p class=\"v-d-p\" style=\"\">Un cuarto de siglo despu\u00e9s, la magia vuelve a los cines y Sevilla tambi\u00e9n tiene su billete de regreso a Hogwarts.<\/p>\n","protected":false},"excerpt":{"rendered":"Hay pel\u00edculas que han marcado nuestra infancia y que han quedado en la memoria de toda una generaci\u00f3n.&hellip;\n","protected":false},"author":2,"featured_media":744859,"comment_status":"","ping_status":"","sticky":false,"template":"","format":"standard","meta":{"footnotes":""},"categories":[169],"tags":[988,177,9806,987,146,147,25,24,176,13656,12144,175,13655,12145,1411,1171,23,15551,739],"class_list":["post-744858","post","type-post","status-publish","format-standard","has-post-thumbnail","category-cine","tag-anos","tag-cine","tag-cines","tag-despues","tag-entertainment","tag-entretenimiento","tag-es","tag-espana","tag-film","tag-filosofal","tag-harry","tag-movies","tag-piedra","tag-potter","tag-puedes","tag-sevilla","tag-spain","tag-verla","tag-vuelve"],"share_on_mastodon":{"url":"https:\/\/pubeurope.com\/@es\/117204328776146218","error":""},"_links":{"self":[{"href":"https:\/\/www.europesays.com\/es\/wp-json\/wp\/v2\/posts\/744858","targetHints":{"allow":["GET"]}}],"collection":[{"href":"https:\/\/www.europesays.com\/es\/wp-json\/wp\/v2\/posts"}],"about":[{"href":"https:\/\/www.europesays.com\/es\/wp-json\/wp\/v2\/types\/post"}],"author":[{"embeddable":true,"href":"https:\/\/www.europesays.com\/es\/wp-json\/wp\/v2\/users\/2"}],"replies":[{"embeddable":true,"href":"https:\/\/www.europesays.com\/es\/wp-json\/wp\/v2\/comments?post=744858"}],"version-history":[{"count":0,"href":"https:\/\/www.europesays.com\/es\/wp-json\/wp\/v2\/posts\/744858\/revisions"}],"wp:featuredmedia":[{"embeddable":true,"href":"https:\/\/www.europesays.com\/es\/wp-json\/wp\/v2\/media\/744859"}],"wp:attachment":[{"href":"https:\/\/www.europesays.com\/es\/wp-json\/wp\/v2\/media?parent=744858"}],"wp:term":[{"taxonomy":"category","embeddable":true,"href":"https:\/\/www.europesays.com\/es\/wp-json\/wp\/v2\/categories?post=744858"},{"taxonomy":"post_tag","embeddable":true,"href":"https:\/\/www.europesays.com\/es\/wp-json\/wp\/v2\/tags?post=744858"}],"curies":[{"name":"wp","href":"https:\/\/api.w.org\/{rel}","templated":true}]}}