{"id":744886,"date":"2026-09-03T01:07:18","date_gmt":"2026-09-03T01:07:18","guid":{"rendered":"https:\/\/www.europesays.com\/es\/744886\/"},"modified":"2026-09-03T01:07:18","modified_gmt":"2026-09-03T01:07:18","slug":"un-equipo-de-la-ehu-descubre-nubes-en-forma-de-decagono-en-saturno","status":"publish","type":"post","link":"https:\/\/www.europesays.com\/es\/744886\/","title":{"rendered":"Un equipo de la EHU descubre nubes en forma de dec\u00e1gono en Saturno"},"content":{"rendered":"<p style=\"\">Saturno es el sexto planeta del Sistema Solar y el segundo m\u00e1s grande despu\u00e9s de J\u00fapiter, con un di\u00e1metro de m\u00e1s de 120.536 kil\u00f3metros,  &#8230; diez veces el de la Tierra. Su rasgo m\u00e1s conocido son sus anillos. Pero para los especialistas en astronom\u00eda, la atm\u00f3sfera de este coloso gaseoso es tambi\u00e9n un \u00e1rea de investigaci\u00f3n que no cesa de aportar novedades. La \u00faltima la aporta un equipo de la Universidad del Pa\u00eds Vasco (EHU), que ha encontrado nubes en forma de dec\u00e1gono en su polo sur, algo ins\u00f3lito en nuestra galaxia.<\/p>\n<p class=\"v-d-p\" style=\"\">\u00abNadie hab\u00eda previsto que pudieran formarse en las nubes de ning\u00fan planeta estructuras con una forma geom\u00e9trica tan bien definida, como es un pol\u00edgono de diez lados como el que reportamos. Todav\u00eda no entendemos c\u00f3mo se forma y por qu\u00e9 solo las vemos en Saturno\u00bb, explica a este peri\u00f3dico Agust\u00edn S\u00e1nchez Lavega, profesor em\u00e9rito en la Escuela de Ingenier\u00eda de Bilbao, que ha liderado un trabajo publicado en la revista &#8216;Science Advances&#8217;.<\/p>\n<p class=\"v-d-p\" style=\"\">A principios de la d\u00e9cada de los a\u00f1os ochenta del siglo pasado, las naves Voyager 1 y 2 -todav\u00eda siguen activas- encontraron en el polo norte de Saturno nubes con forma de hex\u00e1gono, es decir, con seis lados. Pese a que la distribuci\u00f3n de los vientos y la din\u00e1mica atmosf\u00e9rica son iguales, no se hab\u00edan hallado formas similares en el otro extremo del planeta. Fue en 2023 gracias al telescopio espacial Hubble cuando los astr\u00f3nomos encontraron por fin unas nubes todav\u00eda m\u00e1s sorprendentes. A esos seis lados le sumaban otros cuatro. Estas observaciones se confirmaron en 2024 y 2025 con im\u00e1genes obtenidas con telescopios situados en nuestro planeta.<\/p>\n<p class=\"v-d-p\" style=\"\">\u00abRealmente la naturaleza del fen\u00f3meno desaf\u00eda los modelos atmosf\u00e9ricos. No sabemos si tanto el hex\u00e1gono como el dec\u00e1gono son estructuras enraizadas en profundidad en la atm\u00f3sfera del planeta, bajo las capas de nubes superiores, o bien se trata de formaciones meteorol\u00f3gicas superficiales, que afectan solo a dichas nubes\u00bb, insisten en su sorpresa los especialistas de la EHU. <\/p>\n<p>\nEn busca de una explicaci\u00f3n\n<\/p>\n<p class=\"v-d-p\" style=\"\">Confirmado el hallazgo, queda ahora dar con una explicaci\u00f3n. \u00abLa ondulaci\u00f3n decagonal pudiera deberse a una inestabilidad de la corriente en chorro de vientos sobre la que vemos se asienta el dec\u00e1gono, cuando se producen cambios en los vientos. Otra posibilidad es que un \u00f3valo anticicl\u00f3nico -un v\u00f3rtice de unos 4.000 kil\u00f3metros de longitud- que se encuentra cerca de esa corriente de vientos los mueva en latitud y los haga oscilar. Es lo que hemos inicialmente explorado, pero todo est\u00e1 abierto. Lo bueno es que ahora tenemos dos, hex\u00e1gono y dec\u00e1gono, un pol\u00edgono en cada hemisferio y esto nos da posibilidades de comparar los resultados de los modelos\u00bb, apunta el profesor de la EHU.<\/p>\n<p class=\"v-d-p\" style=\"\">El de estas nubes con formas tan complejas no es el \u00fanico trabajo novedoso sobre Saturno publicado por el equipo de S\u00e1nchez Lavega. En 2019, encontraron un nuevo tipo de tormentas similares a las <a href=\"http:\/\/www.elcorreo.com\/sociedad\/ciencia\/gotas-frias-saturno-20191021175040-nt.html\" data-voc-vtm-id=\"in-text-traffic\" data-mrf-link=\"www.elcorreo.com\" rel=\"nofollow noopener\" target=\"_blank\">danas o gotas fr\u00edas<\/a> de la Tierra pero a una escala muy superior. Tanto que una de ellas se prolong\u00f3 durante siete meses. <\/p>\n","protected":false},"excerpt":{"rendered":"Saturno es el sexto planeta del Sistema Solar y el segundo m\u00e1s grande despu\u00e9s de J\u00fapiter, con un&hellip;\n","protected":false},"author":2,"featured_media":744887,"comment_status":"","ping_status":"","sticky":false,"template":"","format":"standard","meta":{"footnotes":""},"categories":[81],"tags":[119,123,124,132113,16443,83016,622,25,24,1142,22573,38037,117,121,122,23,118,120],"class_list":["post-744886","post","type-post","status-publish","format-standard","has-post-thumbnail","category-ciencia-y-tecnologia","tag-ciencia","tag-ciencia-y-tecnologia","tag-cienciaytecnologia","tag-decagono","tag-descubre","tag-ehu","tag-equipo","tag-es","tag-espana","tag-forma","tag-nubes","tag-saturno","tag-science","tag-science-and-technology","tag-scienceandtechnology","tag-spain","tag-technology","tag-tecnologia"],"share_on_mastodon":{"url":"https:\/\/pubeurope.com\/@es\/117204434706431791","error":""},"_links":{"self":[{"href":"https:\/\/www.europesays.com\/es\/wp-json\/wp\/v2\/posts\/744886","targetHints":{"allow":["GET"]}}],"collection":[{"href":"https:\/\/www.europesays.com\/es\/wp-json\/wp\/v2\/posts"}],"about":[{"href":"https:\/\/www.europesays.com\/es\/wp-json\/wp\/v2\/types\/post"}],"author":[{"embeddable":true,"href":"https:\/\/www.europesays.com\/es\/wp-json\/wp\/v2\/users\/2"}],"replies":[{"embeddable":true,"href":"https:\/\/www.europesays.com\/es\/wp-json\/wp\/v2\/comments?post=744886"}],"version-history":[{"count":0,"href":"https:\/\/www.europesays.com\/es\/wp-json\/wp\/v2\/posts\/744886\/revisions"}],"wp:featuredmedia":[{"embeddable":true,"href":"https:\/\/www.europesays.com\/es\/wp-json\/wp\/v2\/media\/744887"}],"wp:attachment":[{"href":"https:\/\/www.europesays.com\/es\/wp-json\/wp\/v2\/media?parent=744886"}],"wp:term":[{"taxonomy":"category","embeddable":true,"href":"https:\/\/www.europesays.com\/es\/wp-json\/wp\/v2\/categories?post=744886"},{"taxonomy":"post_tag","embeddable":true,"href":"https:\/\/www.europesays.com\/es\/wp-json\/wp\/v2\/tags?post=744886"}],"curies":[{"name":"wp","href":"https:\/\/api.w.org\/{rel}","templated":true}]}}