{"id":744910,"date":"2026-09-03T01:31:28","date_gmt":"2026-09-03T01:31:28","guid":{"rendered":"https:\/\/www.europesays.com\/es\/744910\/"},"modified":"2026-09-03T01:31:28","modified_gmt":"2026-09-03T01:31:28","slug":"uber-despedira-a-3-300-trabajadores-el-10-de-su-plantilla-global-expansion","status":"publish","type":"post","link":"https:\/\/www.europesays.com\/es\/744910\/","title":{"rendered":"Uber despedir\u00e1 a 3.300 trabajadores, el 10% de su plantilla global &#8211; Expansi\u00f3n"},"content":{"rendered":"<ol>\n<li><a href=\"https:\/\/news.google.com\/rss\/articles\/CBMimAFBVV95cUxNZHlHS3dDYjJnM0dtcXM2aGRGSkIwaFVMeUNCVXFXcWU3dTVYamRuWENCU1h6bWI4RDlZRWxIdHhKaUJIcXNVajdlZFVzQ2xvS0JhUTV3bndFLUx1d0M4MzFOc2NZYzRaVG9pdEl3LUxuQXdLNVZocFZKRU1vMWFTV3FQYWJHYy11Nmo3V3dGM0JFLU9sdVhZaQ?oc=5\" target=\"_blank\" rel=\"nofollow noopener\">Uber despedir\u00e1 a 3.300 trabajadores, el 10% de su plantilla global<\/a>&nbsp;&nbsp;Expansi\u00f3n<\/li>\n<li><a href=\"https:\/\/news.google.com\/rss\/articles\/CBMijwFBVV95cUxQUk91QzMzVmVRSm5ObHNDRUpQRXYxZ0NjYlZkM0FDeWtVTURtTFBmOEV0X25STnVSRUdfNEpqbk9jdG9yR1NSQ0pscmxMSVp4QWQyUzQxUWwxd1BGOHQwMUttNUt3dW5CVHRvaC16YUpmR0Qzc0hkT2FyLW1KeTdhcmVVcGpGZnZyUEZuMXFMYw?oc=5\" target=\"_blank\" rel=\"nofollow noopener\">Uber recortar\u00e1 3.300 empleos para simplificar su estructura jer\u00e1rquica<\/a>&nbsp;&nbsp;Yahoo<\/li>\n<li><a href=\"https:\/\/news.google.com\/rss\/articles\/CBMi0AFBVV95cUxPOVZYTnpEYzhEQkg5eTN3T1NldVpDM0hFQTdxN3hDbTZUazNoRFdwN2VnZktwRkJPVWlZRkpTbEgtNVVtTWNlSkVkczQyMVdEb2l1UWVlWG9iVTdUU0NSMF9zd3BlVDlxSDd6c1Z6Zkt6Z08zQ3ZkOF9PSzc2Rjh5aWxkU3Z3NHR0eXhvMFM5bndlMUFIZFBKaGt5TERFcW5Oc2lCYkpEX1V6SDBxbW5OcjQxUjZWalZUY3A3U3QwSEtlOTJXRXNMNVJKY2VWd0RM0gHWAUFVX3lxTE94RGJINDF2V1hwVll6Y0JMeGlsbUZCeWNXbV9wYlVfWFl6WkVrYWphRXp2bDdsVFV2c0NFaXVWYU1Cck9hckZEX2VITC1CX3VOWndyYldJbFRma1c3NFlzYUx1U3NHbTExelY2RklYZUlITzJFRk1DZ1UyMmFRdHlNNVlzWS0yV0NfeGJGNGdyREExd3dfcG50Wjk3R1NGQnlFUTBadkdUckxyU29DY1N3ZXVGdmY3a0ZrSWltdVN3ZHIxcGZRQmFUdkUyd28yTTJieHBUX2c?oc=5\" target=\"_blank\" rel=\"nofollow noopener\">Uber anuncia que despedir\u00e1 a 3.300 trabajadores a nivel mundial como parte de su reestructuraci\u00f3n<\/a>&nbsp;&nbsp;OkDiario<\/li>\n<li><a href=\"https:\/\/news.google.com\/rss\/articles\/CBMipwFBVV95cUxNSG9wMWVHNk5EOV8zUXkwNWtPRnRKbmtmVXJlTDQwVnR1cE43SlRtTlNFTXNjekdocWJKU0hFdGxjU0g5U0dDOXBNWTFHTTFzamlEaTM0dXA1d29RLThDX1BWN0VMcGxfelFXNVpRb0x5SnJwMkRvN2JBeUxFbmFvV2FMbF9NM2xWODZtVmZ2alhhQmpJbTVEQmxRTnlmVEFlVGRNWjV0dw?oc=5\" target=\"_blank\" rel=\"nofollow noopener\">Uber despedir\u00e1 a 3.300 trabajadores y reducir\u00e1 el n\u00famero de directivos en la empresa<\/a>&nbsp;&nbsp;El Confidencial<\/li>\n<li><a href=\"https:\/\/news.google.com\/rss\/articles\/CBMi3AFBVV95cUxPV1hncnhmWXgwM19ULXBJb051VFN1ZnVSWmRFMUVGOFgyYS1lRHJoTVROVkdLU2dBN1NEelRkTXB5RXhJSUlucmRIS1NBLTZuSnBydzNBVm54YnhWNkVWYlZHR0FObnlyYUtfbUltd1NMTjhESVd2c2o2bmlnSUFpaDZMWXctT241d2tEU1VCYUlRNzdKcjhiWHpkTXFSeXhKdVpQSWdGbTZXY0pkR0E2VWtDdWNFQldveUxnX1l1NG41RVVYcVllbHV4dVZ6VnNuNjlidkJXemJwQmJM0gHwAUFVX3lxTE5peE9RU045dkRvSWdMSXpCbGdOS3M2X3hPc2QwbDNTTWFvNmllbHZKcGl3ekU4UURLcFFEc1ZaRGhnTHNVUU9iWDZlOFZKdzVVdlN1QzFzTEpidjVXX2VqcFJxX0Q0NnNadXFmYzd0M25McU03R2diUzRsTTFSNVNFYnlraEFaa00ya2ZseWx4MGVwVHRwdjZkTTNIMDNyNHFRWmxOR1BJRjQ5V0M2TGRXMWg3eVh5RkdYUTl2Q0laZU1hMW92VExzS2x0S2pCUWZ1SWFTelByX3VNbjBIM3JxbHd4X0ZpeUM0VzZjN0dkYw?oc=5\" target=\"_blank\" rel=\"nofollow noopener\">Uber anuncia que recortar\u00e1 el 10 % de su plantilla global y despedir\u00e1 a unos 3.300 trabajadores<\/a>&nbsp;&nbsp;La Raz\u00f3n<\/li>\n<\/ol>\n","protected":false},"excerpt":{"rendered":"Uber despedir\u00e1 a 3.300 trabajadores, el 10% de su plantilla global&nbsp;&nbsp;Expansi\u00f3n Uber recortar\u00e1 3.300 empleos para simplificar su&hellip;\n","protected":false},"author":2,"featured_media":744911,"comment_status":"","ping_status":"","sticky":false,"template":"","format":"standard","meta":{"footnotes":""},"categories":[80],"tags":[82,44023,95,47946,94,25,24,23,120],"class_list":["post-744910","post","type-post","status-publish","format-standard","has-post-thumbnail","category-economia","tag-business","tag-companias","tag-economia","tag-economia-digital-companias","tag-economy","tag-es","tag-espana","tag-spain","tag-tecnologia"],"share_on_mastodon":{"url":"https:\/\/pubeurope.com\/@es\/117204529096228237","error":""},"_links":{"self":[{"href":"https:\/\/www.europesays.com\/es\/wp-json\/wp\/v2\/posts\/744910","targetHints":{"allow":["GET"]}}],"collection":[{"href":"https:\/\/www.europesays.com\/es\/wp-json\/wp\/v2\/posts"}],"about":[{"href":"https:\/\/www.europesays.com\/es\/wp-json\/wp\/v2\/types\/post"}],"author":[{"embeddable":true,"href":"https:\/\/www.europesays.com\/es\/wp-json\/wp\/v2\/users\/2"}],"replies":[{"embeddable":true,"href":"https:\/\/www.europesays.com\/es\/wp-json\/wp\/v2\/comments?post=744910"}],"version-history":[{"count":0,"href":"https:\/\/www.europesays.com\/es\/wp-json\/wp\/v2\/posts\/744910\/revisions"}],"wp:featuredmedia":[{"embeddable":true,"href":"https:\/\/www.europesays.com\/es\/wp-json\/wp\/v2\/media\/744911"}],"wp:attachment":[{"href":"https:\/\/www.europesays.com\/es\/wp-json\/wp\/v2\/media?parent=744910"}],"wp:term":[{"taxonomy":"category","embeddable":true,"href":"https:\/\/www.europesays.com\/es\/wp-json\/wp\/v2\/categories?post=744910"},{"taxonomy":"post_tag","embeddable":true,"href":"https:\/\/www.europesays.com\/es\/wp-json\/wp\/v2\/tags?post=744910"}],"curies":[{"name":"wp","href":"https:\/\/api.w.org\/{rel}","templated":true}]}}