{"id":744922,"date":"2026-09-03T01:48:21","date_gmt":"2026-09-03T01:48:21","guid":{"rendered":"https:\/\/www.europesays.com\/es\/744922\/"},"modified":"2026-09-03T01:48:21","modified_gmt":"2026-09-03T01:48:21","slug":"ana-rosa-quintana-celebra-5-000-programas-y-habla-de-su-futuro-quien-sabe-cuantas-mananas-quedan-por-contar","status":"publish","type":"post","link":"https:\/\/www.europesays.com\/es\/744922\/","title":{"rendered":"Ana Rosa Quintana celebra 5.000 programas y habla de su futuro: \u00abQui\u00e9n sabe cu\u00e1ntas ma\u00f1anas quedan por contar\u00bb"},"content":{"rendered":"<p class=\"paragraph\" id=\"paragraph_1\"><a data-forcefollow=\"false\" data-sponsored=\"false\" href=\"https:\/\/www.elespanol.com\/corazon\/bluper\/20260830\/carlos-herrera-ana-rosa-susanna-griso-franganillo-ceuta-convierte-nuevo-plato-temporada\/1003744367047_0.html?utm_cmp_rs=linksinline\" rel=\"nofollow noopener\" target=\"_blank\">Ana Rosa Quintana<\/a> ha sorprendido a los espectadores al anunciar que este martes, 1 de septiembre, su programa hab\u00eda alcanzado las <strong>5.000 emisiones<\/strong> en Telecinco<strong>.<\/strong><\/p>\n<p class=\"paragraph\" id=\"paragraph_2\">As\u00ed lo comunicaba al final de la segunda entrega del curso que empez\u00f3 este lunes con un <strong>especial que present\u00f3 en directo desde Ceuta<\/strong> para cubrir la crisis migratoria.<\/p>\n<p class=\"paragraph\" id=\"paragraph_3\">La presentadora de Telecinco ha dejado a un lado su tono cr\u00edtico para lanzar a la audiencia unas <strong>emotivas palabras.<\/strong><\/p>\n<p><img loading=\"lazy\" decoding=\"async\" alt=\"Los presentadores Silvia Intxaurrondo y Roberto Leal.\" height=\"240\" src=\"https:\/\/www.europesays.com\/es\/wp-content\/uploads\/2026\/09\/h:240&#038;h=Z8fczVVD.jpeg\" width=\"320\" data-lazy-status=\"processed\" data-lazy-info=\"remove loading item 1\"\/><\/p>\n<p class=\"paragraph\" id=\"paragraph_4\">\u00abMiles de horas delante de una c\u00e1mara, <strong>miles de historias, de entrevistas, de noticias<\/strong>, de risas y tambi\u00e9n momentos dif\u00edciles\u00bb, ha empezado diciendo.<\/p>\n<p class=\"paragraph\" id=\"paragraph_5\">\u00abSon<strong> 5.000 ma\u00f1anas entrando en las casas de millones de personas<\/strong> para contarles qu\u00e9 estaba pasando. Pero 5.000 programas son, sobre todo, <strong>5.000 veces levantarse y volver a empezar\u00bb.<\/strong><\/p>\n<p class=\"paragraph\" id=\"paragraph_6\">\u00abHay compa\u00f1eros que estuvieron al principio, otros que se incorporaron por el camino y <strong>otros que se fueron para siempre<\/strong> y que guardamos en nuestra memoria. Tenemos compa\u00f1eros que nacieron el mismo a\u00f1o en el que comenz\u00f3 este programa\u00bb, ha continuado.<\/p>\n<p class=\"paragraph\" id=\"paragraph_7\">Ana Rosa ha explicado que con este programa <strong>\u00abhan venido al mundo 65 beb\u00e9s\u00bb<\/strong> y que \u00abahora muchos de ellos est\u00e1n en la universidad\u00bb.<\/p>\n<p class=\"paragraph\" id=\"paragraph_8\">\u00abCuando empez\u00f3 este programa no exist\u00eda WhatsApp, ni pantallas t\u00e1ctiles, no exist\u00eda YouTube, no exist\u00eda el iPhone, ni Twitter, ni Facebook, Juan Pablo II segu\u00eda siendo Papa, George Bush era presidente de EEUU, Z<strong>apatero acababa de llegar a La Moncloa<\/strong> y el tsunami del \u00cdndico acababa de arrasar Asia\u00bb, ha enumerado.<\/p>\n<p class=\"paragraph\" id=\"paragraph_9\">Efectivamente, El programa de Ana Rosa se estren\u00f3 el <strong>10 de enero de 2005.<\/strong> Desde entonces, el programa se ha convertido en uno de los <strong>principales bastiones de la programaci\u00f3n de Telecinco<\/strong>.<\/p>\n<p class=\"paragraph\" id=\"paragraph_10\">\u00ab5.000 programas son tambi\u00e9n <strong>5.000 recuerdos<\/strong> de quienes estaban viendo la televisi\u00f3n mientras desayunaban, antes de ir a trabajar, mientras cuidaban de sus hijos, durante una enfermedad, en un momento feliz o simplemente mientras comenzaba un d\u00eda cualquiera\u00bb, ha proseguido.<\/p>\n<p class=\"paragraph\" id=\"paragraph_11\">Hay que recordar que Ana Rosa tambi\u00e9n caus\u00f3 baja cuando, a finales de 2021, <strong>anunci\u00f3 que ten\u00eda un c\u00e1ncer de mama.<\/strong> Volvi\u00f3 a su puesto de trabajo 342 d\u00edas despu\u00e9s.<\/p>\n<p><img decoding=\"async\" alt=\"Ana Rosa Quintana el d\u00eda de su estreno en Telecinco, el 10 de enero de 2005, con 'El programa de Ana Rosa'.\" data-imgm=\"true\" height=\"960\" loading=\"lazy\"  src=\"https:\/\/www.europesays.com\/es\/wp-content\/uploads\/2026\/09\/h:960&#038;h=QuXjHkkb.jpeg\"  width=\"1706\"\/><\/p>\n<p>                                                            Ana Rosa Quintana el d\u00eda de su estreno en Telecinco, el 10 de enero de 2005, con &#8216;El programa de Ana Rosa&#8217;.<\/p>\n<p>                    Telecinco<\/p>\n<p class=\"paragraph\" id=\"paragraph_12\">El otro par\u00e9ntesis en las ma\u00f1anas se produjo cuando la comunicadora madrile\u00f1a salt\u00f3 a las tardes de Telecinco durante 16 meses, desde 2023 hasta finales de enero de 2025, que fue cuando regres\u00f3 a su <strong>\u00abh\u00e1bitat natural\u00bb.<\/strong><\/p>\n<p class=\"paragraph\" id=\"paragraph_13\">\u00abHoy toca celebrar el privilegio de haber llegado hasta aqu\u00ed. Porque cumplir 5.000 programas no es solo haber durado. Esta es la ma\u00f1ana n\u00famero 5.000. Y despu\u00e9s de 5.000, <strong>qui\u00e9n sabe cu\u00e1ntas ma\u00f1anas quedan todav\u00eda por contar\u00bb<\/strong>, ha terminado.<\/p>\n<p class=\"paragraph\" id=\"paragraph_14\">Ana Rosa, que renov\u00f3 recientemente su contrato de larga duraci\u00f3n con Mediaset, asegur\u00f3 a <strong>EL ESPA\u00d1OL <\/strong>que <strong>a\u00fan no piensa en la jubilaci\u00f3n pese a tener 70 a\u00f1os.<\/strong><\/p>\n<p class=\"paragraph\" id=\"paragraph_15\"><strong>\u00abAhora mismo, no me puedo ir con todo lo que est\u00e1 pasando en el pa\u00eds\u00bb<\/strong>, aseguraba. \u00abLlegar\u00e1 el momento, pero no depende de m\u00ed, sino de la cadena, de la salud y de la audiencia\u00bb.<\/p>\n","protected":false},"excerpt":{"rendered":"Ana Rosa Quintana ha sorprendido a los espectadores al anunciar que este martes, 1 de septiembre, su programa&hellip;\n","protected":false},"author":2,"featured_media":744923,"comment_status":"","ping_status":"","sticky":false,"template":"","format":"standard","meta":{"footnotes":""},"categories":[171],"tags":[880,1535,146,147,25,24,23,692,807,214],"class_list":["post-744922","post","type-post","status-publish","format-standard","has-post-thumbnail","category-tv","tag-ana-rosa-quintana","tag-bluper","tag-entertainment","tag-entretenimiento","tag-es","tag-espana","tag-spain","tag-telecinco","tag-television","tag-tv"],"share_on_mastodon":{"url":"https:\/\/pubeurope.com\/@es\/117204596739713397","error":""},"_links":{"self":[{"href":"https:\/\/www.europesays.com\/es\/wp-json\/wp\/v2\/posts\/744922","targetHints":{"allow":["GET"]}}],"collection":[{"href":"https:\/\/www.europesays.com\/es\/wp-json\/wp\/v2\/posts"}],"about":[{"href":"https:\/\/www.europesays.com\/es\/wp-json\/wp\/v2\/types\/post"}],"author":[{"embeddable":true,"href":"https:\/\/www.europesays.com\/es\/wp-json\/wp\/v2\/users\/2"}],"replies":[{"embeddable":true,"href":"https:\/\/www.europesays.com\/es\/wp-json\/wp\/v2\/comments?post=744922"}],"version-history":[{"count":0,"href":"https:\/\/www.europesays.com\/es\/wp-json\/wp\/v2\/posts\/744922\/revisions"}],"wp:featuredmedia":[{"embeddable":true,"href":"https:\/\/www.europesays.com\/es\/wp-json\/wp\/v2\/media\/744923"}],"wp:attachment":[{"href":"https:\/\/www.europesays.com\/es\/wp-json\/wp\/v2\/media?parent=744922"}],"wp:term":[{"taxonomy":"category","embeddable":true,"href":"https:\/\/www.europesays.com\/es\/wp-json\/wp\/v2\/categories?post=744922"},{"taxonomy":"post_tag","embeddable":true,"href":"https:\/\/www.europesays.com\/es\/wp-json\/wp\/v2\/tags?post=744922"}],"curies":[{"name":"wp","href":"https:\/\/api.w.org\/{rel}","templated":true}]}}