{"id":744928,"date":"2026-09-03T01:53:21","date_gmt":"2026-09-03T01:53:21","guid":{"rendered":"https:\/\/www.europesays.com\/es\/744928\/"},"modified":"2026-09-03T01:53:21","modified_gmt":"2026-09-03T01:53:21","slug":"tres-libros-para-aprovechar-las-rebajas-de-taschen","status":"publish","type":"post","link":"https:\/\/www.europesays.com\/es\/744928\/","title":{"rendered":"Tres libros para aprovechar las rebajas de Taschen"},"content":{"rendered":"<p>Si eres de los que espera septiembre con ansias porque es tiempo de renovaci\u00f3n, nuevos planes y proyectos, te vamos a dar un motivo m\u00e1s para estar contento. Si, en cambio, eres de los que quer\u00eda posponer eso de volver a la rutina, mejor incluso, porque aqu\u00ed hay algo por lo que alegrarte: del 2 al 6 de septiembre llegan las rebajas de <a href=\"https:\/\/www.taschen.com\/es\/\" target=\"_blank\" rel=\"nofollow noopener\">Taschen<\/a>. El sello editorial no necesita presentaci\u00f3n: seguro que tienes varios vol\u00famenes en casa sobre arte, moda, arquitectura y dise\u00f1o, viajes, c\u00f3mics, cine o incluso esoterismo en las estanter\u00edas y mesas.<\/p>\n<p>Vayamos por pasos. Puede que las vacaciones hayan hecho un peque\u00f1o desfalco en la cuenta, pero, con t\u00edtulos seleccionados rebajados hasta el setenta por ciento en algunos casos, alguna joyita puede caer. Para empezar, si est\u00e1s en Madrid, debes saber que el mi\u00e9rcoles 2, la tienda de la calle Barquillo, dedica todo el d\u00eda a las rebajas en formato f\u00edsico. Si no puedes acercarte, hasta el 6 de septiembre hay tiempo de curiosear por la web.<\/p>\n<p>Hay muchos, much\u00edsimos t\u00edtulos a elegir, y de tem\u00e1ticas bien diferentes. Por eso, queremos echar una mano y traeros una selecci\u00f3n de tres libros imprescindibles en la biblioteca de cualquier amante de la moda, m\u00e1s concretamente, la fotograf\u00eda de moda. Aqu\u00ed van.<\/p>\n<p>Mujeres vistas por otra mujer. \u00a1Y menuda mujer! La fot\u00f3grafa francesa ha retratado desde rostros conocidos como Madonna, Kate Moss o Monica Bellucci hasta centenares de perfiles an\u00f3nimos mientras exploraba la complejidad de lo que implica ser mujer hoy en d\u00eda, en series que se han convertido en pilares de la fotograf\u00eda contempor\u00e1nea como Female Trouble (1989), Modern Lovers (1990), Chambre Close (1994), H\u00e9ro\u00efnes (2007) o Gender Studies (2014). En este volumen de m\u00e1s de cuatrocientas cincuenta p\u00e1ginas, Taschen recoge instant\u00e1neas de todas estas series, sumergi\u00e9ndonos en el impresionante trabajo de Bettina Rheims.<\/p>\n<p>La otra cara de la moneda. En Sir, Mario Testino recoge centenares de retratos sobre \u201cel poder de atracci\u00f3n de los hombres\u201d, y explora c\u00f3mo la representaci\u00f3n de la masculinidad ha evolucionado ligada a la moda en las \u00faltimas d\u00e9cadas: del dandi al metrosexual, del macho al caballero. Y lo hace a trav\u00e9s de muchos protagonistas an\u00f3nimos, pero tambi\u00e9n de rostros conocid\u00edsimos: Karl Lagerfeld, David Bowie, Josh Hartnett, Mick Jagger, Brad Pitt o Jude Law.<\/p>\n<p><b>Wolfgang Tillmans \u2013 four books<\/b><\/p>\n<p>Pocos fot\u00f3grafos han marcado un antes y un despu\u00e9s en la cultura visual como lo ha hecho Wolfgang Tillmans. Su trabajo se ha infiltrado en el mainstream a trav\u00e9s de covers como Blond, de Frank Ocean, o, m\u00e1s recientemente, Spanish Leather, de Guitarricadelafuente. Pero no solo. En los noventa supo retratar esa generaci\u00f3n que estaba creciendo, cada vez m\u00e1s desprejuiciada, en ambientes reivindicativos, como marchas a favor de los derechos LGBTQ+; en otros m\u00e1s festivos, como noches de desenfreno en raves y clubs; o en momentos m\u00e1s pausados, en medio de la ciudad y la naturaleza. Esa sensaci\u00f3n de posibilidad, de un futuro mejor y de una utop\u00eda comunitaria lo elev\u00f3 a lo m\u00e1s alto, donde sigue todav\u00eda. En este libro, Taschen recopila cuatro vol\u00famenes en uno: el primer libro del artista para la editorial, publicado en 1995, Burg (1998), truth study center (2005) y Neue Welt (2012).<\/p>\n","protected":false},"excerpt":{"rendered":"Si eres de los que espera septiembre con ansias porque es tiempo de renovaci\u00f3n, nuevos planes y proyectos,&hellip;\n","protected":false},"author":2,"featured_media":744929,"comment_status":"","ping_status":"","sticky":false,"template":"","format":"standard","meta":{"footnotes":""},"categories":[91],"tags":[132161,146,147,25,24,132160,132163,132164,132159,6376,132158,132162,23,60725,38057],"class_list":["post-744928","post","type-post","status-publish","format-standard","has-post-thumbnail","category-entretenimiento","tag-bettina-rheims","tag-entertainment","tag-entretenimiento","tag-es","tag-espana","tag-fotografia-de-moda","tag-four-books","tag-libros-de-arte","tag-libros-de-fotografia","tag-mario-testino","tag-rebajas-taschen","tag-sir","tag-spain","tag-taschen","tag-wolfgang-tillmans"],"share_on_mastodon":{"url":"https:\/\/pubeurope.com\/@es\/117204615697081025","error":""},"_links":{"self":[{"href":"https:\/\/www.europesays.com\/es\/wp-json\/wp\/v2\/posts\/744928","targetHints":{"allow":["GET"]}}],"collection":[{"href":"https:\/\/www.europesays.com\/es\/wp-json\/wp\/v2\/posts"}],"about":[{"href":"https:\/\/www.europesays.com\/es\/wp-json\/wp\/v2\/types\/post"}],"author":[{"embeddable":true,"href":"https:\/\/www.europesays.com\/es\/wp-json\/wp\/v2\/users\/2"}],"replies":[{"embeddable":true,"href":"https:\/\/www.europesays.com\/es\/wp-json\/wp\/v2\/comments?post=744928"}],"version-history":[{"count":0,"href":"https:\/\/www.europesays.com\/es\/wp-json\/wp\/v2\/posts\/744928\/revisions"}],"wp:featuredmedia":[{"embeddable":true,"href":"https:\/\/www.europesays.com\/es\/wp-json\/wp\/v2\/media\/744929"}],"wp:attachment":[{"href":"https:\/\/www.europesays.com\/es\/wp-json\/wp\/v2\/media?parent=744928"}],"wp:term":[{"taxonomy":"category","embeddable":true,"href":"https:\/\/www.europesays.com\/es\/wp-json\/wp\/v2\/categories?post=744928"},{"taxonomy":"post_tag","embeddable":true,"href":"https:\/\/www.europesays.com\/es\/wp-json\/wp\/v2\/tags?post=744928"}],"curies":[{"name":"wp","href":"https:\/\/api.w.org\/{rel}","templated":true}]}}