{"id":744960,"date":"2026-09-03T02:20:20","date_gmt":"2026-09-03T02:20:20","guid":{"rendered":"https:\/\/www.europesays.com\/es\/744960\/"},"modified":"2026-09-03T02:20:20","modified_gmt":"2026-09-03T02:20:20","slug":"la-manifestacion-por-ceuta-reune-miles-de-personas-en-barcelona-en-medio-de-un-clima-de-tension","status":"publish","type":"post","link":"https:\/\/www.europesays.com\/es\/744960\/","title":{"rendered":"La manifestaci\u00f3n por Ceuta re\u00fane miles de personas en Barcelona en medio de un clima de tensi\u00f3n"},"content":{"rendered":"<p class=\"ft-text ft-helper-closenews\">Miles de personas se han concentrado este mi\u00e9rcoles por la tarde en la <strong>Plaza de Sant Jaume <\/strong>coincidiendo con el <strong>D\u00eda de Ceuta<\/strong>. Pero lo que inicialmente ten\u00eda que ser una movilizaci\u00f3n para mandar un mensaje de solidaridad a la poblaci\u00f3n ceut\u00ed, en Barcelona se ha vivido en medio de un clima de fuerte tensi\u00f3n, por la coincidencia de dos concentraciones de \u00edndole contraria. A un lado de la plaza, separados por un fuerte cord\u00f3n policial, estaba la manifestaci\u00f3n convocada por <strong>PP <\/strong>y <strong>Vox<\/strong>, a la que se han sumado tambi\u00e9n grupos de ultraderecha y neonazis como <strong>N\u00facleo Nacional<\/strong>, mientras que en el otro lado se han reunido entidades antiracistas citadas por <strong>Unitat contra el Feixisme i el Racisme<\/strong>.<\/p>\n<p class=\"ft-text\">A pesar de que el fuerte despliegue policial ha evitado enfrentamientos, ha habido gritos e insultos cruzados de un lado al otro de la plaza. Mientras en la parte Bes\u00f2s se pod\u00edan escuchar lemas como &#8216;<strong>Fuera fascismo de nuestros barrios<\/strong>&#8216; o &#8216;Nazis no&#8217;; en la Llobregat reinaban los &#8216;Ceuta no se vende, Ceuta se defiende&#8217;, acompa\u00f1ados de graves insultos contra el presidente <strong>Pedro S\u00e1nchez<\/strong> y proclamas contra la inmigraci\u00f3n como &#8216;<strong>Espa\u00f1a cristiana y no musulmana<\/strong>&#8216; o &#8216;No es inmigraci\u00f3n, es una invasi\u00f3n&#8217;.<\/p>\n<p><img decoding=\"async\" src=\"https:\/\/www.europesays.com\/es\/wp-content\/uploads\/2026\/09\/c0c1315c-3365-4992-8f66-0ad894af5f86_alta-libre-aspect-ratio_default_0_x700y311.jpg\" width=\"1200\" height=\"800\" alt=\"DSC07483.jpg\" class=\"ft-helper-img-rd\" loading=\"lazy\" fetchpriority=\"auto\"\/><\/p>\n<p class=\"ft-helper-fontColor-quaternary ft-helper-fontSize-body-S ft-helper-spacer-t-xxs\">Manifestantes convocados por plataformas antiracistas en Barcelona  \/ Manu Mitru<\/p>\n<p class=\"ft-text\">A las siete de la tarde, una hora antes de la convocatoria de PP y Vox, la plataforma <strong>Unitat Contra el Feixisme i el Racisme<\/strong> hab\u00eda convocado otra concentraci\u00f3n bajo el lema &#8216;No al racismo. Ni en Ceuta, ni en ninguna parte. Ninguna persona es ilegal&#8217;. Una columna con varios centenares de personas ha subido por la calle Jaume I al grito de &#8216;No pasar\u00e1n&#8217;. En la plaza de Sant Jaume, sin embargo, ya les esperaba un fuerte cord\u00f3n policial que se ha mantenido a lo largo de toda la tarde.<\/p>\n<p class=\"ft-text\">A esta concentraci\u00f3n se ha sumado Comuns, cuyo diputado en el Congreso y candidato a la alcald\u00eda de Barcelona, <strong>Gerardo Pisarello<\/strong>, ha criticado la \u00abmala gesti\u00f3n\u00bb de los socialistas en la crisis migratoria y ha reclamado al ministro del Interior, <strong>Fernando Grande-Marlaska<\/strong>, que asuma \u00abresponsabilidades\u00bb.<\/p>\n<p class=\"ft-text\">Probablemente este ser\u00eda el \u00fanico punto que podr\u00edan suscribir desde ambas concentraciones, ya que los gritos de &#8216;Marslaska dimisi\u00f3n&#8217; se han o\u00eddo con fuerza en la <strong>protesta organizada por PP y Vox<\/strong>. Oficialmente la cita era a las ocho, pero los manifestantes han empezado a llenar el espacio ya desde una hora antes. El llamiento de la derecha ha sobrepasado las previsiones iniciales y ha obligado a los Mossos, que hac\u00edan controles de acceso en ambas concentraciones, a abrir las barreras y a ampliar el espacio previsto.<\/p>\n<p><img decoding=\"async\" src=\"https:\/\/www.europesays.com\/es\/wp-content\/uploads\/2026\/09\/f5e91023-1226-4ed3-91d5-a7ed5ae1fa66_alta-libre-aspect-ratio_default_0_x1024y455.jpg\" width=\"1200\" height=\"800\" alt=\"Manifetaciones en Barcelona e\" class=\"ft-helper-img-rd\" loading=\"lazy\" fetchpriority=\"auto\"\/><\/p>\n<p class=\"ft-helper-fontColor-quaternary ft-helper-fontSize-body-S ft-helper-spacer-t-xxs\">N\u00facleo Nacional, entre los manifestantes por Ceuta en Barcelona  \/ Manu Mitru<\/p>\n<p class=\"ft-text\">En esta parte de la plaza se han dejado ver dirigentes populares como el l\u00edder del partido en el ayuntamiento de Barcelona, <strong>Daniel Sirera<\/strong>, que ha criticado la ausencia del president <strong>Salvador Illa<\/strong> y del alcalde <strong>Jaume Collboni<\/strong>, vac\u00edo que los populares han representado con dos sillas vac\u00edas con sus nombres. \u00abNo es una concentraci\u00f3n partidista, es para acompa\u00f1ar a nuestros hermanos ceut\u00edes. Lamentamos que Collboni no est\u00e9 aqu\u00ed\u00bb, ha denunciado Sirera a pesar de que los insultos contra S\u00e1nchez eran constantes a su lado. Rodeado de otros dirigentes populares como <strong>Alberto Nadal <\/strong>o el diputado en el Congreso <strong>Nacho Mart\u00edn Blanco<\/strong>, Sirera tambi\u00e9n<strong> <\/strong>ha acusado a los dos dirigentes socialistas de preferir estar al lado de S\u00e1nchez que con los ceut\u00edes.<\/p>\n<p class=\"ft-text\">Por parte de Vox, el diputado <strong>Joan Garriga <\/strong>y el concejal <strong>Gonzalo de Oro Pulido<\/strong> han salido al balc\u00f3n del ayuntamiento con unas cartulinas que representaban la bandera de Ceuta.<\/p>\n<p>Otras convocatorias<\/p>\n<p class=\"ft-text\">Paralelamente, tambi\u00e9n se ha celebrado han hecho otras convocatorias frente a los ayuntamientos de Badalona y Castelldefels, ambos gobernadas por el PP, y en otras 20 ciudades catalanas.<\/p>\n<p class=\"ft-text\">Un mes despu\u00e9s de la entrada de 70.000 migrantes en <strong>Ceuta<\/strong>, la ciudad aut\u00f3noma sigue lejos de poder volver a la normalidad y la tensi\u00f3n pol\u00edtica, lejos de disminuir, crece de forma exponencial. La mayor\u00eda de migrantes regres\u00f3 a Marruecos durante las primeras 48 horas, pero son cerca de 5.000 los que siguen malviviendo en sus calles y playas, lo que ha vuelto a situar en el centro del debate la gesti\u00f3n de la frontera entre Espa\u00f1a y Marruecos y se ha convertido en una nueva arma de la derecha contra el Gobierno de S\u00e1nchez.<\/p>\n<p data-close=\"closedContent\" class=\"subscribeHideForDisplay\">Suscr\u00edbete para seguir leyendo<\/p>\n","protected":false},"excerpt":{"rendered":"Miles de personas se han concentrado este mi\u00e9rcoles por la tarde en la Plaza de Sant Jaume coincidiendo&hellip;\n","protected":false},"author":2,"featured_media":744961,"comment_status":"","ping_status":"","sticky":false,"template":"","format":"standard","meta":{"footnotes":""},"categories":[8],"tags":[210,17,18,4486,25,24,13,14,11,590,19,20,5087,9,10,15,16,956,23,12,21,22,624],"class_list":["post-744960","post","type-post","status-publish","format-standard","has-post-thumbnail","category-espana","tag-barcelona","tag-breaking-news","tag-breakingnews","tag-ceuta","tag-es","tag-espana","tag-featured-news","tag-featurednews","tag-headlines","tag-inmigracion","tag-latest-news","tag-latestnews","tag-manifestacion","tag-news","tag-noticias","tag-noticias-destacadas","tag-noticiasdestacadas","tag-pp","tag-spain","tag-titulares","tag-ultimas-noticias","tag-ultimasnoticias","tag-vox"],"share_on_mastodon":{"url":"https:\/\/pubeurope.com\/@es\/117204722660264035","error":""},"_links":{"self":[{"href":"https:\/\/www.europesays.com\/es\/wp-json\/wp\/v2\/posts\/744960","targetHints":{"allow":["GET"]}}],"collection":[{"href":"https:\/\/www.europesays.com\/es\/wp-json\/wp\/v2\/posts"}],"about":[{"href":"https:\/\/www.europesays.com\/es\/wp-json\/wp\/v2\/types\/post"}],"author":[{"embeddable":true,"href":"https:\/\/www.europesays.com\/es\/wp-json\/wp\/v2\/users\/2"}],"replies":[{"embeddable":true,"href":"https:\/\/www.europesays.com\/es\/wp-json\/wp\/v2\/comments?post=744960"}],"version-history":[{"count":0,"href":"https:\/\/www.europesays.com\/es\/wp-json\/wp\/v2\/posts\/744960\/revisions"}],"wp:featuredmedia":[{"embeddable":true,"href":"https:\/\/www.europesays.com\/es\/wp-json\/wp\/v2\/media\/744961"}],"wp:attachment":[{"href":"https:\/\/www.europesays.com\/es\/wp-json\/wp\/v2\/media?parent=744960"}],"wp:term":[{"taxonomy":"category","embeddable":true,"href":"https:\/\/www.europesays.com\/es\/wp-json\/wp\/v2\/categories?post=744960"},{"taxonomy":"post_tag","embeddable":true,"href":"https:\/\/www.europesays.com\/es\/wp-json\/wp\/v2\/tags?post=744960"}],"curies":[{"name":"wp","href":"https:\/\/api.w.org\/{rel}","templated":true}]}}