{"id":744962,"date":"2026-09-03T02:21:11","date_gmt":"2026-09-03T02:21:11","guid":{"rendered":"https:\/\/www.europesays.com\/es\/744962\/"},"modified":"2026-09-03T02:21:11","modified_gmt":"2026-09-03T02:21:11","slug":"donald-trump-propuso-poner-su-nombre-al-estrecho-de-ormuz-en-plena-guerra-con-iran-radio-mitre","status":"publish","type":"post","link":"https:\/\/www.europesays.com\/es\/744962\/","title":{"rendered":"Donald Trump propuso poner su nombre al estrecho de Ormuz en plena guerra con Ir\u00e1n \u2013 Radio Mitre"},"content":{"rendered":"<p><img decoding=\"async\" fetchpriority=\"high\" data-chromatic=\"ignore\" alt=\"Donald Trump y el estrecho de Ormuz\" class=\"c-image\" loading=\"eager\" src=\"https:\/\/www.europesays.com\/es\/wp-content\/uploads\/2026\/09\/5DMKYH6GHNH2VPB6BG2QPXWHNU.jpg\"  width=\"800\" height=\"400\"\/>Donald Trump y el estrecho de Ormuz <\/p>\n<p class=\"c-paragraph\">El presidente estadounidense, <b>Donald Trump<\/b>, propuso en redes sociales <b>rebautizar el <\/b><a href=\"https:\/\/radiomitre.cienradios.com\/mundo\/estados-unidos-volvio-a-bombardear-objetivos-de-la-guardia-revolucionaria-islamica-en-iran\/\" target=\"_blank\" rel=\"noreferrer nofollow noopener\" title=\"https:\/\/radiomitre.cienradios.com\/mundo\/estados-unidos-volvio-a-bombardear-objetivos-de-la-guardia-revolucionaria-islamica-en-iran\/\"><b>estrecho de Ormuz<\/b><\/a><b> con su propio nombre, en un tuit que resuena en plena escalada regional.<\/b> La iniciativa sostiene que Washington controla la v\u00eda estrat\u00e9gica, una afirmaci\u00f3n que llega tras recientes bombardeos directos en la zona y la regi\u00f3n.<\/p>\n<p><b>La propuesta de Donald Trump de poner su nombre al estrecho de Ormuz<\/b><\/p>\n<p class=\"c-paragraph\">En su mensaje plante\u00f3: \u201cAhora que est\u00e1 bajo control de Estados Unidos, <b>\u00bfdeber\u00edamos cambiar el nombre del estrecho de Ormuz por el de estrecho de Trump?\u201d<\/b>, y a\u00f1adi\u00f3 que el giro har\u00eda que tanto el paso como <b>\u201cel propio Estados Unidos\u201d est\u00e9n \u201cm\u00e1s candentes que nunca\u201d,<\/b> seg\u00fan escribi\u00f3 en la red social.<\/p>\n<p class=\"c-paragraph\">La publicaci\u00f3n sucede despu\u00e9s de que Trump difundiera un mapa que identifica la v\u00eda mar\u00edtima como <b>\u201cnuevo\u201d territorio estadounidense y de afirmar que Washington tiene \u201cun control casi total\u201d del estrecho.<\/b> En agosto asegur\u00f3 que las fuerzas de EE.\u2009UU. hab\u00edan desminado el paso, algo que Teher\u00e1n neg\u00f3 rotundamente de inmediato.<\/p>\n<p class=\"c-paragraph\">Despu\u00e9s de la firma del memorando,<b> Teher\u00e1n permiti\u00f3 el paso por el estrecho de Ormuz,<\/b> aunque lo volvi\u00f3 a cerrar parcialmente a mediados de julio como<b> represalia por ataques contra su territorio. <\/b>Esos altibajos en la navegaci\u00f3n marcan la fragilidad del corredor y alimentan la ret\u00f3rica sobre soberan\u00eda y seguridad.<\/p>\n<p><b>Las reacciones y las operaciones<\/b><\/p>\n<p class=\"c-paragraph\">EE.\u2009UU. atac\u00f3 objetivos iran\u00edes por segunda vez en 48 horas para frenar lo que <b>describi\u00f3 como \u201cintentos de agresi\u00f3n\u201d al transporte mar\u00edtimo y a sus tropas<\/b>. Ir\u00e1n respondi\u00f3 golpeando instalaciones estadounidenses en Jordania, Bar\u00e9in, Kuwait e Irak. Adem\u00e1s, el secretario de Energ\u00eda <b>asegur\u00f3 que \u201c17 millones de barriles de crudo transitaron de manera segura\u201d por una ruta alternativa.<\/b><\/p>\n<p class=\"c-paragraph\">El tuit llega una semana despu\u00e9s de que difundiera un mapa que se\u00f1alaba la v\u00eda como parte del territorio que EE.\u2009UU. considera suyo, y de anunciar su intenci\u00f3n de incorporarlo a las \u00e1reas controladas por Washington. La publicaci\u00f3n<b> coincide con nuevas operaciones militares en la regi\u00f3n y con el aumento de la ret\u00f3rica presidencial.<\/b><\/p>\n<p class=\"c-paragraph\">La tensi\u00f3n en torno al estrecho de Ormuz mantiene en vilo a los mercados y a las armadas.<b> Teher\u00e1n sostiene que no permitir\u00e1 el paso sin su permiso y neg\u00f3 haber sido desminado,<\/b> mientras Washington insiste en su presencia, con declaraciones que complican cualquier intento de desescalada en el \u00e1rea estrat\u00e9gica.<\/p>\n","protected":false},"excerpt":{"rendered":"Donald Trump y el estrecho de Ormuz El presidente estadounidense, Donald Trump, propuso en redes sociales rebautizar el&hellip;\n","protected":false},"author":2,"featured_media":744963,"comment_status":"","ping_status":"","sticky":false,"template":"","format":"standard","meta":{"footnotes":""},"categories":[5],"tags":[17,18,352,25,24,81680,13,14,11,3137,19,20,9,10,15,16,23,12,21,22],"class_list":["post-744962","post","type-post","status-publish","format-standard","has-post-thumbnail","category-titulares","tag-breaking-news","tag-breakingnews","tag-donald-trump","tag-es","tag-espana","tag-estrecho-de-ormuz","tag-featured-news","tag-featurednews","tag-headlines","tag-iran","tag-latest-news","tag-latestnews","tag-news","tag-noticias","tag-noticias-destacadas","tag-noticiasdestacadas","tag-spain","tag-titulares","tag-ultimas-noticias","tag-ultimasnoticias"],"share_on_mastodon":{"url":"https:\/\/pubeurope.com\/@es\/117204725800548736","error":""},"_links":{"self":[{"href":"https:\/\/www.europesays.com\/es\/wp-json\/wp\/v2\/posts\/744962","targetHints":{"allow":["GET"]}}],"collection":[{"href":"https:\/\/www.europesays.com\/es\/wp-json\/wp\/v2\/posts"}],"about":[{"href":"https:\/\/www.europesays.com\/es\/wp-json\/wp\/v2\/types\/post"}],"author":[{"embeddable":true,"href":"https:\/\/www.europesays.com\/es\/wp-json\/wp\/v2\/users\/2"}],"replies":[{"embeddable":true,"href":"https:\/\/www.europesays.com\/es\/wp-json\/wp\/v2\/comments?post=744962"}],"version-history":[{"count":0,"href":"https:\/\/www.europesays.com\/es\/wp-json\/wp\/v2\/posts\/744962\/revisions"}],"wp:featuredmedia":[{"embeddable":true,"href":"https:\/\/www.europesays.com\/es\/wp-json\/wp\/v2\/media\/744963"}],"wp:attachment":[{"href":"https:\/\/www.europesays.com\/es\/wp-json\/wp\/v2\/media?parent=744962"}],"wp:term":[{"taxonomy":"category","embeddable":true,"href":"https:\/\/www.europesays.com\/es\/wp-json\/wp\/v2\/categories?post=744962"},{"taxonomy":"post_tag","embeddable":true,"href":"https:\/\/www.europesays.com\/es\/wp-json\/wp\/v2\/tags?post=744962"}],"curies":[{"name":"wp","href":"https:\/\/api.w.org\/{rel}","templated":true}]}}