{"id":744964,"date":"2026-09-03T02:30:16","date_gmt":"2026-09-03T02:30:16","guid":{"rendered":"https:\/\/www.europesays.com\/es\/744964\/"},"modified":"2026-09-03T02:30:16","modified_gmt":"2026-09-03T02:30:16","slug":"jota-jordi-destapa-el-trato-del-atletico-con-julian-alvarez-quedate-porque-simeone-el-ano-que-viene-no-va-a-estar","status":"publish","type":"post","link":"https:\/\/www.europesays.com\/es\/744964\/","title":{"rendered":"Jota Jordi destapa el trato del Atl\u00e9tico con Juli\u00e1n \u00c1lvarez: \u00abQu\u00e9date porque Simeone el a\u00f1o que viene no va a estar\u00bb"},"content":{"rendered":"<p class=\"ft-text\">Esta noche, mientras el mercado de fichajes cerraba oficialmente sus puertas,<strong> El Chiringuito <\/strong>emit\u00eda su programa. La tensi\u00f3n acumulada durante semanas por el futuro de <strong>Juli\u00e1n \u00c1lvarez<\/strong> desemboc\u00f3 en una discusi\u00f3n que se convirti\u00f3 en el momento m\u00e1s esperado de la madrugada.<\/p>\n<p class=\"ft-text\"><strong>Jota Jordi<\/strong>, que durante semanas sostuvo con absoluta firmeza que el fichaje de <strong>Juli\u00e1n \u00c1lvarez<\/strong> se cerrar\u00eda seguro, regres\u00f3 ayer al plat\u00f3 dispuesto a asumir el foco de la pol\u00e9mica. El tertuliano quiso explicar por qu\u00e9 la operaci\u00f3n no hab\u00eda llegado a concretarse y defendi\u00f3 punto por punto la informaci\u00f3n que hab\u00eda ido adelantando.<\/p>\n<p>\u00abTrae 150 millones y sal p\u00fablicamente a decir que te quieres ir\u00bb<\/p>\n<p class=\"ft-text\"><strong>Jota Jordi<\/strong> relat\u00f3 con detalle lo que, seg\u00fan su informaci\u00f3n, habr\u00eda sido el mensaje trasladado al jugador desde el propio <strong>Atl\u00e9tico de Madrid<\/strong> para activar su salida: <strong>\u00abEl resumen ser\u00eda: trae 150 millones, sal p\u00fablicamente a decir que te quieres ir y yo te ayudo.\u00bb<\/strong><\/p>\n<p class=\"ft-text\">El colaborador insisti\u00f3 en que <strong>Juli\u00e1n \u00c1lvarez<\/strong> habr\u00eda recibido m\u00faltiples indicaciones desde dentro del club, todas orientadas a que fuera \u00e9l quien diera el paso p\u00fablicamente. Seg\u00fan su versi\u00f3n, cuando el futbolista expres\u00f3 de manera clara su intenci\u00f3n de marcharse, desde la c\u00fapula se le habr\u00eda lanzado un mensaje para frenar su decisi\u00f3n: <strong>\u00abQu\u00e9date porque Simeone el a\u00f1o que viene no va a estar.\u00bb<\/strong><\/p>\n<p class=\"ft-text\">Una frase que, pronunciada en directo, encendi\u00f3 el plat\u00f3 y abri\u00f3 un debate sobre la estabilidad del banquillo y la gesti\u00f3n interna del club.<\/p>\n<p>La relaci\u00f3n con Simeone<\/p>\n<p class=\"ft-text\">Jota Jordi subray\u00f3 que <strong>la relaci\u00f3n entre Juli\u00e1n \u00c1lvarez y Diego Pablo Simeone no era buena<\/strong>, y que este ser\u00eda uno de los motivos principales del deseo del jugador de abandonar el Atl\u00e9tico.<\/p>\n<p class=\"ft-text\">Seg\u00fan lo que le trasladan, el futbolista habr\u00eda explicado que con el entrenador \u00abno estaba muy bien\u00bb, y que este malestar habr\u00eda sido determinante. La promesa de que el Cholo no seguir\u00eda la pr\u00f3xima temporada habr\u00eda sido, seg\u00fan Jota Jordi, uno de los mensajes utilizados para intentar calmarlo y evitar su salida inmediata.<\/p>\n<p>\u00abEnhorabuena a los aficionados del Atl\u00e9tico de Madrid\u00bb<\/p>\n<p class=\"ft-text\">En uno de los momentos m\u00e1s tensos de la noche, Jota Jordi lanz\u00f3 un mensaje repetido y cargado de iron\u00eda hacia la afici\u00f3n rojiblanca: <strong>\u00abEnhorabuena, porque hab\u00e9is conseguido retener a alguien que no quiere estar con vosotros.\u00bb<\/strong><\/p>\n<p class=\"ft-text\">El colaborador se\u00f1al\u00f3 las im\u00e1genes del entrenamiento de hoy, mencion\u00f3 las caras del jugador y critic\u00f3 la imposibilidad de inscribir a <strong>Tagliafico<\/strong>, vincul\u00e1ndola a la falta de recursos econ\u00f3micos: <strong>\u00abSi no pod\u00e9is inscribir jugadores porque no ten\u00e9is dinero, a pesar de que hab\u00edais dicho que con &#8216;Apollo&#8217; ibais a tener mucho, pues tambi\u00e9n enhorabuena.\u00bb<\/strong><\/p>\n<p class=\"ft-text\">Incluso apunt\u00f3 directamente a la direcci\u00f3n del club: <strong>\u00abSi est\u00e1is contentos de tener a alguien que prefiere su ego a que la empresa vaya bien\u2026 enhorabuena.\u00bb<\/strong><\/p>\n<p class=\"ft-text\">Y cerr\u00f3 con una advertencia que reson\u00f3 en todo el plat\u00f3: <strong>\u00abDe momento. En enero volveremos a hablar.\u00bb<\/strong><\/p>\n<p>La r\u00e9plica de Juanma Rodr\u00edguez<\/p>\n<p class=\"ft-text\"><strong>Juanma Rodr\u00edguez<\/strong> respondi\u00f3 con contundencia, defendiendo la postura del Atl\u00e9tico de Madrid y acusando a Jota Jordi de manipular el relato: <strong>\u00ab\u00bfPor qu\u00e9 se ha quedado en el Atl\u00e9tico de Madrid? \u00a1Porque tiene un contrato, se\u00f1or! \u00a1Respete usted!\u00bb<\/strong><\/p>\n<p class=\"ft-text\">El tertuliano compar\u00f3 la situaci\u00f3n con el caso de <strong>Nico Williams<\/strong>, acusando al entorno cul\u00e9 de haber presionado desde el primer d\u00eda: \u00ab<strong>Hab\u00e9is tocado las narices desde el primer d\u00eda. Hab\u00e9is destruido al chaval. Os hab\u00e9is mofado del Atl\u00e9tico de Madrid.\u00bb<\/strong><\/p>\n<p class=\"ft-text\">La discusi\u00f3n se convirti\u00f3 en un choque frontal entre dos visiones irreconciliables: la de Jota Jordi, que sostiene que el jugador no quiere estar en el club, y la de Juanma Rodr\u00edguez, que defiende que el Atl\u00e9tico ha actuado conforme a contrato y que el entorno cul\u00e9 ha manipulado el relato.<\/p>\n<p class=\"ft-text\">El mercado ha terminado esta noche, pero la pol\u00e9mica no. El caso Juli\u00e1n \u00c1lvarez seguir\u00e1 generando ruido, tensi\u00f3n y versiones enfrentadas. La relaci\u00f3n con Simeone, las promesas internas, la gesti\u00f3n econ\u00f3mica y la presi\u00f3n medi\u00e1tica han dejado un escenario que no se cerrar\u00e1 con el mercado, sino que se reabrir\u00e1, como dijo Jota Jordi, <strong>en enero<\/strong>.<\/p>\n","protected":false},"excerpt":{"rendered":"Esta noche, mientras el mercado de fichajes cerraba oficialmente sus puertas, El Chiringuito emit\u00eda su programa. La tensi\u00f3n&hellip;\n","protected":false},"author":2,"featured_media":744965,"comment_status":"","ping_status":"","sticky":false,"template":"","format":"standard","meta":{"footnotes":""},"categories":[268],"tags":[1517,3409,73323,132166,168,17379,25,24,256,280,2313,282,12833,9174,22784,281,23,167,9644],"class_list":["post-744964","post","type-post","status-publish","format-standard","has-post-thumbnail","category-futbol","tag-atletico","tag-atletico-de-madrid","tag-cholo-simeone","tag-de-madrid","tag-deportes","tag-destapa","tag-es","tag-espana","tag-famosos","tag-football","tag-fuera-de-juego","tag-futbol","tag-jordi","tag-jota","tag-julian-alvarez","tag-soccer","tag-spain","tag-sports","tag-trato"],"share_on_mastodon":{"url":"https:\/\/pubeurope.com\/@es\/117204761168019159","error":""},"_links":{"self":[{"href":"https:\/\/www.europesays.com\/es\/wp-json\/wp\/v2\/posts\/744964","targetHints":{"allow":["GET"]}}],"collection":[{"href":"https:\/\/www.europesays.com\/es\/wp-json\/wp\/v2\/posts"}],"about":[{"href":"https:\/\/www.europesays.com\/es\/wp-json\/wp\/v2\/types\/post"}],"author":[{"embeddable":true,"href":"https:\/\/www.europesays.com\/es\/wp-json\/wp\/v2\/users\/2"}],"replies":[{"embeddable":true,"href":"https:\/\/www.europesays.com\/es\/wp-json\/wp\/v2\/comments?post=744964"}],"version-history":[{"count":0,"href":"https:\/\/www.europesays.com\/es\/wp-json\/wp\/v2\/posts\/744964\/revisions"}],"wp:featuredmedia":[{"embeddable":true,"href":"https:\/\/www.europesays.com\/es\/wp-json\/wp\/v2\/media\/744965"}],"wp:attachment":[{"href":"https:\/\/www.europesays.com\/es\/wp-json\/wp\/v2\/media?parent=744964"}],"wp:term":[{"taxonomy":"category","embeddable":true,"href":"https:\/\/www.europesays.com\/es\/wp-json\/wp\/v2\/categories?post=744964"},{"taxonomy":"post_tag","embeddable":true,"href":"https:\/\/www.europesays.com\/es\/wp-json\/wp\/v2\/tags?post=744964"}],"curies":[{"name":"wp","href":"https:\/\/api.w.org\/{rel}","templated":true}]}}