{"id":744966,"date":"2026-09-03T02:32:13","date_gmt":"2026-09-03T02:32:13","guid":{"rendered":"https:\/\/www.europesays.com\/es\/744966\/"},"modified":"2026-09-03T02:32:13","modified_gmt":"2026-09-03T02:32:13","slug":"casa-cantal-en-la-cala-del-moral-premio-malaga-de-arquitectura","status":"publish","type":"post","link":"https:\/\/www.europesays.com\/es\/744966\/","title":{"rendered":"Casa Cantal en La Cala del Moral, Premio M\u00e1laga de Arquitectura"},"content":{"rendered":"<p style=\"\">En la calle El Greco, en el n\u00facleo rinconero de La Cala del Moral, hay una construcci\u00f3n que merece ser observada con detenimiento. <\/p>\n<p style=\"\">No en  &#8230; vano, el Colegio de Arquitectos de M\u00e1laga le ha otorgado uno de sus galardones, en concreto, en la categor\u00eda de Vivienda Unifamiliar. <\/p>\n<p class=\"v-d-p\" style=\"\">Con estos reconocimientos la entidad quiere visibilizar \u00abaquellas obras y trabajos que destacan por sus valores de especial inter\u00e9s, calidad y excelencia\u00bb y promueven la profesi\u00f3n como \u00abuna herramienta capaz de mejorar la vida de las personas\u00bb. <\/p>\n<p>\nRelevo\n<\/p>\n<p class=\"v-d-p\" style=\"\">Se trata de la Casa Cantal, con firma del estudio Endosdedos, es decir, de Mar\u00eda Mart\u00edn S\u00e1nchez y Francisco Padilla Dur\u00e1n. Llegaron al proyecto, destinado al alquiler de larga estancia, promovido por Za\u00f1odor y levantado por Serconsa Rehabilitaciones, tras la jubilaci\u00f3n de la arquitecta que hab\u00eda desarrollado la primera propuesta y con la licencia pr\u00e1cticamente concedida. <\/p>\n<p class=\"v-d-p\" style=\"\">En este contexto, Mart\u00edn y Padilla toman el relevo con \u00abla premisa clara de no rehacer el proyecto\u00bb. Eso s\u00ed, tampoco renuncian a \u00abdepurarlo, ajustar su lenguaje y trabajar con especial intensidad la envolvente, los acabados y la relaci\u00f3n material con el lugar\u00bb.<\/p>\n<p class=\"v-d-p\" style=\"\">Este aspecto se plasma as\u00ed: \u00abla casa no deb\u00eda subir la ladera, ni imponerse sobre ella, ni convertirse en una vivienda de dos plantas que compitiera con la topograf\u00eda\u00bb. Este planteamiento conduce a \u00abpieza horizontal, compacta y protegida, capaz de construir una relaci\u00f3n m\u00e1s silenciosa con el paisaje\u00bb.<\/p>\n<p class=\"v-d-p\" style=\"\">La ubicaci\u00f3n es importante, El Cantal est\u00e1 marcado por sus acantilados calizos y por la presencia de cuevas naturales. Con la idea de no desentonar con una naturaleza con tanta personalidad, la pieza es una combinaci\u00f3n de patios, terrazas e intersticios que prolongan la vida dom\u00e9stica hacia el exterior. \u00abLas celos\u00edas cer\u00e1micas y las f\u00e1bricas perforadas envuelven parcialmente la casa, filtran la radiaci\u00f3n solar, favorecen la ventilaci\u00f3n natural y generan sombras cambiantes a lo largo del d\u00eda\u00bb, describen. <\/p>\n<p class=\"v-d-p\" style=\"\">Los materiales son la cer\u00e1mica vista, revocos claros, hormig\u00f3n y pavimentos p\u00e9treos para dar lugar a una \u00abarquitectura sobria, precisa y contenida; una casa que no pretende destacar por el gesto, sino por su manera de apoyarse en el terreno, de recibir la luz y de pertenecer al lugar\u00bb. Esta idea termin\u00f3 de tomar forma en abril de 2026, con el fin de los trabajos. <\/p>\n<p>\nDistinciones\n<\/p>\n<p class=\"v-d-p\" style=\"\">El Premio M\u00e1laga de Arquitectura Obra Nueva que ha reca\u00eddo en Casa Cantal, en el apartado de Vivienda Unifamiliar, tambi\u00e9n lleg\u00f3, en forma de acc\u00e9sit, a la obra Casa Acorde\u00f3n, en Arriate, del arquitecto Francisco Ortega Ruiz.<\/p>\n<p class=\"v-d-p\" style=\"\">El premio en Vivienda Plurifamiliar ha sido otorgado a la obra 28 patios y 14 viviendas sociales, en Almargen, de los arquitectos Carlos Arias Garnelo y Rafael Gonz\u00e1lez Garc\u00eda. En esta misma categor\u00eda, ha obtenido una menci\u00f3n la obra Oceanika Coliving en Torremolinos, de un amplio equipo de arquitectos integrado por Juan Jos\u00e9 Baena Mart\u00ednez, Marta G\u00f3mez Mart\u00ednez, Joanna Jedrus Cabrera, Jos\u00e9 de la Pe\u00f1a G\u00f3mez-Mill\u00e1n, Borja Navarro Ib\u00e1\u00f1ez de Aldecoa, Jos\u00e9 Mar\u00eda Gonz\u00e1lez Chamorro, Jos\u00e9 Antonio Pav\u00f3n Gonz\u00e1lez y Myriam Rego G\u00f3mez.<\/p>\n<p class=\"v-d-p\" style=\"\">Adem\u00e1s, se ha otorgado el Premio Promotor de Arquitectura de Calidad a Nuovit, \u00abpor impulsar esta obra, apoyando la arquitectura modular e industrializada de calidad para espacios habitables, y proporcionando una mejora en la identidad de las actuaciones de alojamiento temporal en la Costa del Sol\u00bb.<\/p>\n<p class=\"v-d-p\" style=\"\">El Premio M\u00e1laga de Arquitectura en la categor\u00eda de Equipamiento y otros usos se ha concedido de manera excepcional ex aequo a dos obras: Facultad de Turismo de M\u00e1laga, de los arquitectos Antonio Vaillo i Daniel y Yago Vaillo Us\u00f3n y Joaqu\u00edn L\u00f3pez Bald\u00e1n; y Funker. Hostel en la Trinidad, de Antonio Jos\u00e9 Galisteo Espartero, \u00c1lvaro Fern\u00e1ndez Navarro y Francisco Jes\u00fas Camacho G\u00f3mez. Asimismo, se ha concedido el Premio Obra Joven a la obra Casa Nuez Moscada, en M\u00e1laga, del arquitecto \u00c1lvaro Carrillo Eguilaz. <\/p>\n<p>\nEdici\u00f3n 2026\n<\/p>\n<p class=\"v-d-p\" style=\"\">La edici\u00f3n de 2026 de estos galardones ha distinguido con 12 premios y 11 acc\u00e9sits las intervenciones, proyectos e iniciativas m\u00e1s destacadas presentadas a esta convocatoria. A estos reconocimientos, articulados en siete modalidades, se suma la Distinci\u00f3n Especial Excelencia a la Trayectoria, otorgada por la Junta de Gobierno del Colegio de Arquitectos de M\u00e1laga.<\/p>\n<p class=\"v-d-p\" style=\"\">El jurado ha estado compuesto por los arquitectos Fernando Mart\u00edn Menis, Izaskun Chinchilla Moreno, Roc\u00edo Pina Isla, Mar\u00eda Jos\u00e9 Andrade Marqu\u00e9s, Javier Valverde Abril, Nuria Prieto Gonz\u00e1lez y Luis Frade Torres.<\/p>\n","protected":false},"excerpt":{"rendered":"En la calle El Greco, en el n\u00facleo rinconero de La Cala del Moral, hay una construcci\u00f3n que&hellip;\n","protected":false},"author":2,"featured_media":744967,"comment_status":"","ping_status":"","sticky":false,"template":"","format":"standard","meta":{"footnotes":""},"categories":[173],"tags":[801,229,233,231,230,32597,132167,385,232,234,146,147,25,24,3855,16463,843,23],"class_list":["post-744966","post","type-post","status-publish","format-standard","has-post-thumbnail","category-arte-y-diseno","tag-arquitectura","tag-arte","tag-arte-y-diseno","tag-arts","tag-arts-and-design","tag-cala","tag-cantal","tag-casa","tag-design","tag-diseno","tag-entertainment","tag-entretenimiento","tag-es","tag-espana","tag-malaga","tag-moral","tag-premio","tag-spain"],"share_on_mastodon":{"url":"https:\/\/pubeurope.com\/@es\/117204768649759350","error":""},"_links":{"self":[{"href":"https:\/\/www.europesays.com\/es\/wp-json\/wp\/v2\/posts\/744966","targetHints":{"allow":["GET"]}}],"collection":[{"href":"https:\/\/www.europesays.com\/es\/wp-json\/wp\/v2\/posts"}],"about":[{"href":"https:\/\/www.europesays.com\/es\/wp-json\/wp\/v2\/types\/post"}],"author":[{"embeddable":true,"href":"https:\/\/www.europesays.com\/es\/wp-json\/wp\/v2\/users\/2"}],"replies":[{"embeddable":true,"href":"https:\/\/www.europesays.com\/es\/wp-json\/wp\/v2\/comments?post=744966"}],"version-history":[{"count":0,"href":"https:\/\/www.europesays.com\/es\/wp-json\/wp\/v2\/posts\/744966\/revisions"}],"wp:featuredmedia":[{"embeddable":true,"href":"https:\/\/www.europesays.com\/es\/wp-json\/wp\/v2\/media\/744967"}],"wp:attachment":[{"href":"https:\/\/www.europesays.com\/es\/wp-json\/wp\/v2\/media?parent=744966"}],"wp:term":[{"taxonomy":"category","embeddable":true,"href":"https:\/\/www.europesays.com\/es\/wp-json\/wp\/v2\/categories?post=744966"},{"taxonomy":"post_tag","embeddable":true,"href":"https:\/\/www.europesays.com\/es\/wp-json\/wp\/v2\/tags?post=744966"}],"curies":[{"name":"wp","href":"https:\/\/api.w.org\/{rel}","templated":true}]}}