{"id":744968,"date":"2026-09-03T02:34:13","date_gmt":"2026-09-03T02:34:13","guid":{"rendered":"https:\/\/www.europesays.com\/es\/744968\/"},"modified":"2026-09-03T02:34:13","modified_gmt":"2026-09-03T02:34:13","slug":"pelea-por-el-rating-entre-tn-c5n-a24-y-ln-el-canal-que-logro-remontar-sus-numeros-y-el-que-sigue-en-la-zona-de-bochorno","status":"publish","type":"post","link":"https:\/\/www.europesays.com\/es\/744968\/","title":{"rendered":"Pelea por el rating entre TN, C5N, A24 y LN+: el canal que logr\u00f3 remontar sus n\u00fameros y el que sigue en la zona de bochorno"},"content":{"rendered":"\n<p id=\"p-1788386703201-26843\"> El <strong><a href=\"https:\/\/www.mdzol.com\/temas\/rating-919.html\" target=\"_blank\" rel=\"follow nofollow noopener\">rating<\/a><\/strong> de agosto en los canales de noticias dej\u00f3 algunos n\u00fameros para el an\u00e1lisis, y mientras empieza a cobrar temperatura la carrera electoral de cara a los comicios de 2027, la pol\u00edtica asoma con mayor fuerza en las se\u00f1ales informativas con un abanico de enfoques que oscilan entre la mirada cr\u00edtica al Gobierno y la defensa de un oficialismo que va por la reelecci\u00f3n.<\/p>\n<p id=\"p-1786187450306-25698\"> Alternando entre los hechos m\u00e1s resonantes de la actualidad nacional, y tragedias de \u00edndole internacional como el terrible terremoto que azot\u00f3 a Colombia, <strong><a href=\"https:\/\/www.mdzol.com\/temas\/tn-4629.html\" target=\"_blank\" rel=\"follow nofollow noopener\">TN<\/a><\/strong> volvi\u00f3 a ponerse a la cabeza frente a sus competidores, logrando en agosto un promedio mensual de 2,12 puntos de <strong>rating<\/strong>, marca algo inferior a la conquistada en julio; cuando el mismo canal tuvo una media de 2,18.<\/p>\n<p id=\"p-1786187777846-5927\"> Como es habitual, el segundo lugar qued\u00f3 para la pantalla de <strong><a href=\"https:\/\/www.mdzol.com\/temas\/c5n-1952.html\" target=\"_blank\" rel=\"follow nofollow noopener\">C5N<\/a><\/strong>, que el mes pasado logr\u00f3 remontar sus n\u00fameros con un promedio en el <strong> rating <\/strong>de 1,78. Tal marca representa un notable progreso, teniendo en cuenta que en julio la se\u00f1al protagoniz\u00f3 un notorio desplome al promediar apenas 1,58.<\/p>\n<p>\t \t Rating al rojo vivo: TN, C5N, A24 y LN+ en una sostenida lucha   <img src=\"https:\/\/www.europesays.com\/es\/wp-content\/uploads\/2026\/09\/duro-domar-1.jpg\" decoding=\"async\" fetchpriority=\"low\" loading=\"lazy\" alt=\"Duro de domar, el programa del prime time de C5N que tiene buenos resultados en el rating.\" title=\"Duro de domar, el programa del prime time de C5N que tiene buenos resultados en el rating.\" width=\"760\" height=\"undefined\" id=\"2002666-Libre-1420302034_embed\"\/>    <\/p>\n<p id=\"p-1788389840290-21773\"> Duro de domar, el programa del prime time de C5N que tiene buenos resultados en el rating.<\/p>\n<p>Captura de video C5N<\/p>\n<p id=\"p-1788386672055-4576\">En la tercera posici\u00f3n, <strong><a href=\"https:\/\/www.mdzol.com\/temas\/a24-29783.html\" target=\"_blank\" rel=\"follow nofollow noopener\">A24<\/a><\/strong> se destac\u00f3 en agosto con una media en el <strong>rating <\/strong>de 1,40; indicador casi id\u00e9ntico al de julio que hab\u00eda sido de 1,39. El canal de noticias del Grupo Am\u00e9rica persiste en su batalla por dar el salto al segundo puesto, pero el repunte de <strong>C5N<\/strong> dej\u00f3 en claro que el anhelado enroque no ser\u00e1 una misi\u00f3n sencilla.<\/p>\n<p id=\"p-1788387687757-6348\"> La cuarta ubicaci\u00f3n qued\u00f3 una vez m\u00e1s para Cr\u00f3nica, que progres\u00f3 en el <strong>rating <\/strong>de una marca de 0,80 en julio, a 0,89 en agosto. En el quinto escal\u00f3n, sigue estancado <strong><a href=\"https:\/\/www.mdzol.com\/temas\/ln-37554.html\" target=\"_blank\" rel=\"follow nofollow noopener\">LN+<\/a><\/strong>, canal que apost\u00f3 por una esmerada renovaci\u00f3n de escenograf\u00edas y art\u00edstica de sus programas; que no le alcanz\u00f3 para salir de la zona de bochorno en las mediciones. Con una media de 0,73 en agosto, la se\u00f1al apenas avanz\u00f3 un par de d\u00e9cimas respecto al 0,71 cosechado en juliio.<\/p>\n<p id=\"p-1786189311986-36804\" style=\"text-align:justify;\">Sobre los bajos indicadores reportados por Ibope, Luis Majul se encarg\u00f3 en estos d\u00edas de despotricar al aire: \u00abUna cosa que se me pas\u00f3 por la cabeza y ten\u00eda ganas de decirla. Hace un buen tiempo que a mi entender, Ibope debe tener alg\u00fan error t\u00e9cnico con respecto a la se\u00f1al de<strong> LN+<\/strong>. Se lo dije a la gente de Ibope respetuosamente\u00bb.<\/p>\n<p id=\"p-1788388593103-26400\" style=\"text-align:justify;\">Luego, el conductor fue m\u00e1s all\u00e1 en su reclamo por los n\u00fameros de <strong>rating <\/strong>que publica Ibope sobre la pantalla informativa de La Naci\u00f3n<strong\/> y dispar\u00f3: \u00abPor favor, revisen los errores t\u00e9cnicos que tienen. Hay mecanismos para hacer una auditor\u00eda conjunta con los canales que pagan el servicio del servicio de Ibope, y yo creo que <strong>LN+<\/strong> la tiene que tomar. Revisen t\u00e9cnicamente porque hay cosas que no se explican mucho. Yo que sigo desde hace muchos a\u00f1os los n\u00fameros, me parece que alguna cosa t\u00e9cnica les tiene que estar fallando. Se los dije personalmente, respetuosamente y se los digo p\u00fablicamente\u00bb.<\/p>\n","protected":false},"excerpt":{"rendered":"El rating de agosto en los canales de noticias dej\u00f3 algunos n\u00fameros para el an\u00e1lisis, y mientras empieza&hellip;\n","protected":false},"author":2,"featured_media":744969,"comment_status":"","ping_status":"","sticky":false,"template":"","format":"standard","meta":{"footnotes":""},"categories":[171],"tags":[10438,132169,146,147,25,24,132170,88601,23,132168,214],"class_list":["post-744968","post","type-post","status-publish","format-standard","has-post-thumbnail","category-tv","tag-a24","tag-c5n","tag-entertainment","tag-entretenimiento","tag-es","tag-espana","tag-ln","tag-rating","tag-spain","tag-tn","tag-tv"],"share_on_mastodon":{"url":"https:\/\/pubeurope.com\/@es\/117204777882979298","error":""},"_links":{"self":[{"href":"https:\/\/www.europesays.com\/es\/wp-json\/wp\/v2\/posts\/744968","targetHints":{"allow":["GET"]}}],"collection":[{"href":"https:\/\/www.europesays.com\/es\/wp-json\/wp\/v2\/posts"}],"about":[{"href":"https:\/\/www.europesays.com\/es\/wp-json\/wp\/v2\/types\/post"}],"author":[{"embeddable":true,"href":"https:\/\/www.europesays.com\/es\/wp-json\/wp\/v2\/users\/2"}],"replies":[{"embeddable":true,"href":"https:\/\/www.europesays.com\/es\/wp-json\/wp\/v2\/comments?post=744968"}],"version-history":[{"count":0,"href":"https:\/\/www.europesays.com\/es\/wp-json\/wp\/v2\/posts\/744968\/revisions"}],"wp:featuredmedia":[{"embeddable":true,"href":"https:\/\/www.europesays.com\/es\/wp-json\/wp\/v2\/media\/744969"}],"wp:attachment":[{"href":"https:\/\/www.europesays.com\/es\/wp-json\/wp\/v2\/media?parent=744968"}],"wp:term":[{"taxonomy":"category","embeddable":true,"href":"https:\/\/www.europesays.com\/es\/wp-json\/wp\/v2\/categories?post=744968"},{"taxonomy":"post_tag","embeddable":true,"href":"https:\/\/www.europesays.com\/es\/wp-json\/wp\/v2\/tags?post=744968"}],"curies":[{"name":"wp","href":"https:\/\/api.w.org\/{rel}","templated":true}]}}