{"id":744974,"date":"2026-09-03T02:39:21","date_gmt":"2026-09-03T02:39:21","guid":{"rendered":"https:\/\/www.europesays.com\/es\/744974\/"},"modified":"2026-09-03T02:39:21","modified_gmt":"2026-09-03T02:39:21","slug":"george-clooney-nostalgico-y-revindicativo-al-recoger-su-leon-de-oro-en-venecia","status":"publish","type":"post","link":"https:\/\/www.europesays.com\/es\/744974\/","title":{"rendered":"George Clooney, nost\u00e1lgico y revindicativo al recoger su Le\u00f3n de Oro en Venecia"},"content":{"rendered":"<p>        Este contenido fue publicado en    <\/p>\n<p>        02 septiembre 2026 &#8211; 20:21\n<\/p>\n<p>Venecia (Italia), 2 sep (EFE).- Nost\u00e1lgico, reivindicativo y agradecido a las oportunidades que el mundo del cine le ha ofrecido: as\u00ed se mostr\u00f3 el actor, productor y director estadounidense George Clooney al recoger en Venecia el Le\u00f3n de Oro honor\u00edfico a su trayectoria, con un discurso que carg\u00f3 contra quienes quieren instigar la desconfianza entre la ciudadan\u00eda.<\/p>\n<p>\u00abEstamos viviendo un momento en el que quienes tienen el poder, quienes tienen m\u00e1s dinero, nos dicen que debemos tenernos miedo unos a otros, que debemos desconfiar los unos de los otros. Pero nosotros sabemos que no es as\u00ed, \u00bfverdad?\u00bb, dijo en la jornada inaugural de la Mostra.<\/p>\n<p>La historia, subray\u00f3 Clooney, nos deja una lecci\u00f3n: \u00abLos primeros a los que los autoritarios intentan silenciar no son los pol\u00edticos. Son los periodistas que hacen preguntas. Son los artistas que se niegan a aceptar respuestas f\u00e1ciles. Son los cineastas, escritores, actores y m\u00fasicos que insisten en que alguien a quien nunca has conocido, de quien no sabes nada, merece nuestra empat\u00eda\u00bb, dijo.<\/p>\n<p>\u00abLas historias siempre son peligrosas para quienes se sirven del miedo\u00bb, a\u00f1adi\u00f3 el int\u00e9rprete de filmes como \u2018Syriana\u2019, que le vali\u00f3 un \u00d3scar en 2006 al mejor actor de reparto, y responsable de otros como \u2018Argo\u2019, que logr\u00f3 en 2013 la estatuilla a la mejor pel\u00edcula y en la que \u00e9l particip\u00f3 como productor.<\/p>\n<p>Quienes tienen miedo de los libros, de la m\u00fasica y de las historias, seg\u00fan Clooney, \u00abnunca son los h\u00e9roes de la historia\u00bb.<\/p>\n<p>\u00abAs\u00ed que s\u00ed, las pel\u00edculas no detienen las guerras. No hacen bajar la inflaci\u00f3n. No arreglan las elecciones. Pero s\u00ed hacen algo extraordinario: nos recuerdan que un desconocido nunca es realmente un desconocido y que quiz\u00e1 sea el h\u00e9roe de la historia de otra persona\u00bb, sostuvo entre aplausos.<\/p>\n<p>El actor record\u00f3 que suma m\u00e1s de cuatro d\u00e9cadas en una profesi\u00f3n en la que dijo no haber triunfado gracias a una estrategia clara: \u00abEchando la vista atr\u00e1s, parece que ten\u00eda un plan, pero no es as\u00ed. La mayor parte del tiempo, simplemente intentaba llegar a fin de mes\u00bb.<\/p>\n<p>El cineasta apunt\u00f3 que el m\u00e9rito no recae solo en \u00e9l: \u00abUn director vio en m\u00ed algo que yo todav\u00eda no hab\u00eda visto. Un guionista escribi\u00f3 frases mejores de las que yo merec\u00eda. Y alguien del equipo consigui\u00f3 que pareciera que sab\u00eda lo que estaba haciendo\u00bb, se\u00f1al\u00f3 agradecido.<\/p>\n<p>Clooney consider\u00f3 un honor formar parte del s\u00e9ptimo arte y dijo no tener palabras para contar lo mucho que quiere a su mujer, la activista y abogada libanesa Amal Clooney, y a sus dos hijos mellizos, de nueve a\u00f1os. \u00abAl menos a uno de ellos\u00bb, brome\u00f3.<\/p>\n<p>El actor, de 65 a\u00f1os, hab\u00eda llegado al Palazzo del Cinema acompa\u00f1ado de su esposa.<\/p>\n<p>Clooney conoce bien Venecia: fue la ciudad en la que se cas\u00f3 en 2014 y un lugar en el que se ha convertido en un habitual de la Mostra, desde su primera participaci\u00f3n, en 1998 con \u2018Out of Sight\u2019, de Steven Soderbergh, hasta la \u00faltima, el a\u00f1o pasado con \u2018Jay Kelly\u2019, de Noah Baumbach.<\/p>\n<p>La encargada de entregarle el Le\u00f3n de Oro honor\u00edfico fue su compatriota Laura Dern, que alab\u00f3 no solo su calidad como actor y director, sino tambi\u00e9n el hecho de ser \u00abel mejor amigo\u00bb que uno pueda tener y \u00abel m\u00e1s atractivo\u00bb.<\/p>\n<p>\u00abTuve el privilegio de conocer primero a Gregory Peck. Cuando le conoc\u00ed, pens\u00e9 que un hombre del Renacimiento como \u00e9l ser\u00eda alguien irrepetible. Pero mi generaci\u00f3n tambi\u00e9n tuvo uno: George. Nosotros tuvimos al icono, tuvimos su humanidad y tuvimos la grandeza del artista. Y la diosa y hero\u00edna Amal se qued\u00f3 con el hombre\u00bb, dijo Dern.<\/p>\n<p>La actriz no quiso ser la \u00fanica en enaltecerlo y aprovech\u00f3 el escenario para transmitirle mensajes de algunos de sus amigos.<\/p>\n<p>Entre ellos, Brad Pitt: \u00abLas historias de George son mejores cada vez que las cuenta. Envejece con la serenidad de un viejo Buda, puede actuar y conseguir casi cualquier cosa, y lo hace mejor que cualquiera de nosotros. Pero, por favor, por favor, que no pise la pista de baile\u00bb, hizo saber este.<\/p>\n<p>Con la gala de este mi\u00e9rcoles se inauguran once d\u00edas de cine, hasta el 12 de septiembre, en los que est\u00e1n en liza, entre algunas de sus 21 pel\u00edculas en competici\u00f3n, \u2018Wild Horse Nine\u2019, de Martin McDonagh; o \u2018Bunker\u2019, de Florian Zeller, con Pen\u00e9lope Cruz y Javier Bardem como protagonistas. EFE<\/p>\n<p>mgr\/ajs<\/p>\n<p>(foto)(v\u00eddeo)<\/p>\n","protected":false},"excerpt":{"rendered":"Este contenido fue publicado en 02 septiembre 2026 &#8211; 20:21 Venecia (Italia), 2 sep (EFE).- Nost\u00e1lgico, reivindicativo y&hellip;\n","protected":false},"author":2,"featured_media":744975,"comment_status":"","ping_status":"","sticky":false,"template":"","format":"standard","meta":{"footnotes":""},"categories":[91],"tags":[29512,146,147,25,24,31475,23,90],"class_list":["post-744974","post","type-post","status-publish","format-standard","has-post-thumbnail","category-entretenimiento","tag-cinema","tag-entertainment","tag-entretenimiento","tag-es","tag-espana","tag-film-festival","tag-spain","tag-ticker"],"share_on_mastodon":{"url":"https:\/\/pubeurope.com\/@es\/117204796293417534","error":""},"_links":{"self":[{"href":"https:\/\/www.europesays.com\/es\/wp-json\/wp\/v2\/posts\/744974","targetHints":{"allow":["GET"]}}],"collection":[{"href":"https:\/\/www.europesays.com\/es\/wp-json\/wp\/v2\/posts"}],"about":[{"href":"https:\/\/www.europesays.com\/es\/wp-json\/wp\/v2\/types\/post"}],"author":[{"embeddable":true,"href":"https:\/\/www.europesays.com\/es\/wp-json\/wp\/v2\/users\/2"}],"replies":[{"embeddable":true,"href":"https:\/\/www.europesays.com\/es\/wp-json\/wp\/v2\/comments?post=744974"}],"version-history":[{"count":0,"href":"https:\/\/www.europesays.com\/es\/wp-json\/wp\/v2\/posts\/744974\/revisions"}],"wp:featuredmedia":[{"embeddable":true,"href":"https:\/\/www.europesays.com\/es\/wp-json\/wp\/v2\/media\/744975"}],"wp:attachment":[{"href":"https:\/\/www.europesays.com\/es\/wp-json\/wp\/v2\/media?parent=744974"}],"wp:term":[{"taxonomy":"category","embeddable":true,"href":"https:\/\/www.europesays.com\/es\/wp-json\/wp\/v2\/categories?post=744974"},{"taxonomy":"post_tag","embeddable":true,"href":"https:\/\/www.europesays.com\/es\/wp-json\/wp\/v2\/tags?post=744974"}],"curies":[{"name":"wp","href":"https:\/\/api.w.org\/{rel}","templated":true}]}}