{"id":744988,"date":"2026-09-03T02:58:13","date_gmt":"2026-09-03T02:58:13","guid":{"rendered":"https:\/\/www.europesays.com\/es\/744988\/"},"modified":"2026-09-03T02:58:13","modified_gmt":"2026-09-03T02:58:13","slug":"phoebe-bridgers","status":"publish","type":"post","link":"https:\/\/www.europesays.com\/es\/744988\/","title":{"rendered":"Phoebe Bridgers"},"content":{"rendered":"<p dir=\"ltr\">Con la inicial \u201cThe Outside\u201d o, sobre todo, esa voz vocoderizada resulta inevitable pensar en el Bon Iver m\u00e1s experimental. A la altura del estribillo, el susurro caracter\u00edstico de Bridgers (esa voz que es pura intimidad) asoma ya en su encarnaci\u00f3n m\u00e1s natural. La tensi\u00f3n rob\u00f3tica del pr\u00f3logo es solo la primera en una larga serie de sorpresas. \u201cKill Me\u201d empieza en calma tensa para acabar en un indie rock con cierto elemento ritualista. El cielo se aclara para \u201cThe Governor\u2019s Waltz\u201d (nuevamente en ella, muy Elliott Smith), pero incluso aqu\u00ed asoma la deliciosa extra\u00f1eza de los sonidos ambientales de una Nochevieja. \u201cBobby\u201d (en principio, canci\u00f3n de amor para su novio Bo Burnham) sorprende con su empuje dream pop, un fervor casi psicod\u00e9lico y florido que saca a Bridgers de su modo oto\u00f1al. \u201cLost Weekend\u201d desemboca en su recta final en una IDM barroca propia del Sufjan Stevens de<a class=\"\" href=\"https:\/\/www.rockdelux.com\/discos\/sufjan-stevens-the-age-of-adz\" rel=\"nofollow noopener\" target=\"_blank\"> \u201cThe Age Of Adz\u201d<\/a> (2010). Cuando cre\u00edamos saber por d\u00f3nde ir\u00eda \u201cI Can\u2019t Wait\u201d, se abre un par\u00e9ntesis roots con Cameron Winter en las voces.<\/p>\n<p dir=\"ltr\">Al delicioso mareo s\u00f3nico se unen los golpes emocionales (e ir\u00f3nicos, en ocasiones) de una compositora que escribe con escalpelo. La escena de abuso dom\u00e9stico de \u201cStill Standing\u201d, (sensible, complicado) ajuste de cuentas con el padre muerto, hiela la sangre: \u201cLa encontr\u00e9 sangrando sobre el fregadero \/ Pero cuando dijiste \u2018lo siento\u2019 \/ Me estabas mirando a m\u00ed\u201d. Los rastros de felicidad amorosa se combinan con sombras de alguna relaci\u00f3n pasada. \u201cSabes qui\u00e9n soy y nunca te perdonar\u00e9 por ello\u201d, canta al final de \u201cLost Weekend\u201d, cuyo reprise parece m\u00e1s bien dedicado a la nueva pareja: \u201cMe quieres y no dejar\u00e9 que te olvides, no todav\u00eda\u201d. Se cierra un ciclo, se abre otro. \u201cLost Weekend\u201d magnifica los altos y bajos de la existencia en canciones ricas, generosas e inolvidables. \u220e<\/p>\n","protected":false},"excerpt":{"rendered":"Con la inicial \u201cThe Outside\u201d o, sobre todo, esa voz vocoderizada resulta inevitable pensar en el Bon Iver&hellip;\n","protected":false},"author":2,"featured_media":744989,"comment_status":"","ping_status":"","sticky":false,"template":"","format":"standard","meta":{"footnotes":""},"categories":[170],"tags":[11420,3076,146,147,25,24,629,42807,81530,184,185,1273,23],"class_list":["post-744988","post","type-post","status-publish","format-standard","has-post-thumbnail","category-musica","tag-2020s","tag-3076","tag-entertainment","tag-entretenimiento","tag-es","tag-espana","tag-estados-unidos","tag-folk","tag-folk-rock","tag-music","tag-musica","tag-rock","tag-spain"],"share_on_mastodon":{"url":"https:\/\/pubeurope.com\/@es\/117204870964899942","error":""},"_links":{"self":[{"href":"https:\/\/www.europesays.com\/es\/wp-json\/wp\/v2\/posts\/744988","targetHints":{"allow":["GET"]}}],"collection":[{"href":"https:\/\/www.europesays.com\/es\/wp-json\/wp\/v2\/posts"}],"about":[{"href":"https:\/\/www.europesays.com\/es\/wp-json\/wp\/v2\/types\/post"}],"author":[{"embeddable":true,"href":"https:\/\/www.europesays.com\/es\/wp-json\/wp\/v2\/users\/2"}],"replies":[{"embeddable":true,"href":"https:\/\/www.europesays.com\/es\/wp-json\/wp\/v2\/comments?post=744988"}],"version-history":[{"count":0,"href":"https:\/\/www.europesays.com\/es\/wp-json\/wp\/v2\/posts\/744988\/revisions"}],"wp:featuredmedia":[{"embeddable":true,"href":"https:\/\/www.europesays.com\/es\/wp-json\/wp\/v2\/media\/744989"}],"wp:attachment":[{"href":"https:\/\/www.europesays.com\/es\/wp-json\/wp\/v2\/media?parent=744988"}],"wp:term":[{"taxonomy":"category","embeddable":true,"href":"https:\/\/www.europesays.com\/es\/wp-json\/wp\/v2\/categories?post=744988"},{"taxonomy":"post_tag","embeddable":true,"href":"https:\/\/www.europesays.com\/es\/wp-json\/wp\/v2\/tags?post=744988"}],"curies":[{"name":"wp","href":"https:\/\/api.w.org\/{rel}","templated":true}]}}