{"id":744992,"date":"2026-09-03T03:01:57","date_gmt":"2026-09-03T03:01:57","guid":{"rendered":"https:\/\/www.europesays.com\/es\/744992\/"},"modified":"2026-09-03T03:01:57","modified_gmt":"2026-09-03T03:01:57","slug":"estos-sintomas-antes-de-la-primera-regla-podrian-predecir-menstruaciones-dolorosas","status":"publish","type":"post","link":"https:\/\/www.europesays.com\/es\/744992\/","title":{"rendered":"Estos s\u00edntomas antes de la primera regla podr\u00edan predecir menstruaciones dolorosas"},"content":{"rendered":"<p>La aparici\u00f3n de s\u00edntomas no dolorosos, como cansancio y mareos, antes de la primera regla podr\u00eda indicar un mayor riesgo de dismenorrea, menstruaciones dolorosas en los a\u00f1os posteriores, seg\u00fan un nuevo <a href=\"https:\/\/www.thelancet.com\/journals\/lanchi\/article\/PIIS2352-4642%2826%2900165-3\/fulltext\" target=\"_blank\" rel=\"noreferrer nofollow noopener\">estudio<\/a> publicado en la revista &#8216;The Lancet Child &amp; Adolescent Health&#8217;. <\/p>\n<p>          <img decoding=\"async\" class=\"c-ad__placeholder__logo\" src=\"https:\/\/static.euronews.com\/website\/images\/logos\/logo-euronews-stacked-outlined-72x72-grey-9.svg\" width=\"72\" height=\"72\" alt=\"\" loading=\"lazy\"\/><br \/>\n          PUBLICIDAD<\/p>\n<p>          <img decoding=\"async\" class=\"c-ad__placeholder__logo\" src=\"https:\/\/static.euronews.com\/website\/images\/logos\/logo-euronews-stacked-outlined-72x72-grey-9.svg\" width=\"72\" height=\"72\" alt=\"\" loading=\"lazy\"\/><br \/>\n          PUBLICIDAD<\/p>\n<p>Muchas mujeres padecen dolor menstrual, que comienza en la adolescencia y puede afectar a su vida durante a\u00f1os. Los investigadores conf\u00edan en que abordar algunos de estos s\u00edntomas antes de la primera menstruaci\u00f3n pueda reducir la carga de la dismenorrea en las mujeres j\u00f3venes. <\/p>\n<p>Los autores escriben que \u00abidentificar los factores de riesgo de dismenorrea, en especial de la dismenorrea grave, tiene el potencial de mejorar los resultados en las adolescentes mediante un tratamiento m\u00e1s precoz y espec\u00edfico\u00bb. <\/p>\n<p>Los investigadores analizaron datos de m\u00e1s de 2.000 adolescentes y comprobaron que los s\u00edntomas som\u00e1ticos no dolorosos, como cansancio, mareos, problemas gastrointestinales, pesadillas o cambios sensoriales, y un desarrollo puberal avanzado entre nueve y diez a\u00f1os son fuertes indicadores de dolor menstrual en el futuro. <\/p>\n<p>La dismenorrea es frecuente en la adolescencia y a menudo se considera inevitable o no se trata, se\u00f1alan los autores. Puede interferir en el funcionamiento diario y provocar otros cuadros de dolor cr\u00f3nico, sin embargo se sabe poco sobre sus factores de riesgo y la falta de estudios antes de la primera regla dificulta la identificaci\u00f3n de las personas en riesgo. <\/p>\n<p>Trabajos anteriores han constatado que aproximadamente el 70% de las adolescentes presentan dolor menstrual y que en el 20% de los casos tiene un impacto significativo en sus actividades cotidianas.<\/p>\n<p>El estudio tambi\u00e9n observ\u00f3 que los problemas de sue\u00f1o estaban estrechamente asociados a un mayor impacto del dolor en las actividades diarias. Los investigadores se\u00f1alan que tratar las alteraciones del sue\u00f1o antes de la primera menstruaci\u00f3n podr\u00eda ayudar a reducir la carga del dolor.<\/p>\n<p>Por ejemplo, la terapia cognitivo-conductual dirigida a este problema en adolescentes con dolor cr\u00f3nico muestra resultados prometedores para aliviar tanto los trastornos del sue\u00f1o como la interferencia del dolor. <\/p>\n<p>Seg\u00fan los autores, \u00abestos resultados abren la posibilidad de identificar a las personas en riesgo antes de que el dolor se convierta en un problema de por vida\u00bb.<\/p>\n","protected":false},"excerpt":{"rendered":"La aparici\u00f3n de s\u00edntomas no dolorosos, como cansancio y mareos, antes de la primera regla podr\u00eda indicar un&hellip;\n","protected":false},"author":2,"featured_media":744993,"comment_status":"","ping_status":"","sticky":false,"template":"","format":"standard","meta":{"footnotes":""},"categories":[92],"tags":[25,24,165,1812,166,1452,23],"class_list":["post-744992","post","type-post","status-publish","format-standard","has-post-thumbnail","category-salud","tag-es","tag-espana","tag-health","tag-investigacion-medica","tag-salud","tag-salud-publica","tag-spain"],"share_on_mastodon":{"url":"https:\/\/pubeurope.com\/@es\/117204887930677602","error":""},"_links":{"self":[{"href":"https:\/\/www.europesays.com\/es\/wp-json\/wp\/v2\/posts\/744992","targetHints":{"allow":["GET"]}}],"collection":[{"href":"https:\/\/www.europesays.com\/es\/wp-json\/wp\/v2\/posts"}],"about":[{"href":"https:\/\/www.europesays.com\/es\/wp-json\/wp\/v2\/types\/post"}],"author":[{"embeddable":true,"href":"https:\/\/www.europesays.com\/es\/wp-json\/wp\/v2\/users\/2"}],"replies":[{"embeddable":true,"href":"https:\/\/www.europesays.com\/es\/wp-json\/wp\/v2\/comments?post=744992"}],"version-history":[{"count":0,"href":"https:\/\/www.europesays.com\/es\/wp-json\/wp\/v2\/posts\/744992\/revisions"}],"wp:featuredmedia":[{"embeddable":true,"href":"https:\/\/www.europesays.com\/es\/wp-json\/wp\/v2\/media\/744993"}],"wp:attachment":[{"href":"https:\/\/www.europesays.com\/es\/wp-json\/wp\/v2\/media?parent=744992"}],"wp:term":[{"taxonomy":"category","embeddable":true,"href":"https:\/\/www.europesays.com\/es\/wp-json\/wp\/v2\/categories?post=744992"},{"taxonomy":"post_tag","embeddable":true,"href":"https:\/\/www.europesays.com\/es\/wp-json\/wp\/v2\/tags?post=744992"}],"curies":[{"name":"wp","href":"https:\/\/api.w.org\/{rel}","templated":true}]}}