{"id":744994,"date":"2026-09-03T03:03:27","date_gmt":"2026-09-03T03:03:27","guid":{"rendered":"https:\/\/www.europesays.com\/es\/744994\/"},"modified":"2026-09-03T03:03:27","modified_gmt":"2026-09-03T03:03:27","slug":"sean-lennon-presenta-a-su-bebe-y-los-fans-no-tardan-en-notar-su-parecido-con-john-lennon","status":"publish","type":"post","link":"https:\/\/www.europesays.com\/es\/744994\/","title":{"rendered":"Sean Lennon presenta a su beb\u00e9 y los fans no tardan en notar su parecido con John Lennon"},"content":{"rendered":"<p id=\"e-xbkG2i0C\" data-wc=\"70\"><strong>John Lennon<\/strong> se ha convertido en abuelo por primera vez, 45 a\u00f1os despu\u00e9s de su muerte. <strong>Sean Ono Lennon<\/strong>, el hijo \u00fanico del integrante de los Beatles y la artista<strong>\u00a0Yoko Ono<\/strong>, comparti\u00f3 la feliz noticias a trav\u00e9s de sus redes sociales, con las primeras fotograf\u00edas del peque\u00f1\u00edn. El beb\u00e9, quien responde al nombre de <strong>Aurelius<\/strong>, es fruto de la relaci\u00f3n de Sean con la tambi\u00e9n int\u00e9rprete <strong>Charlotte Kemp Muhl<\/strong>.\u00a0<\/p>\n<p id=\"eWlJ0yyyud\" data-wc=\"35\">\u00ab\u00a1@charlottekempmuhl y yo hemos creado un peque\u00f1o ser humano! \u00a1Se llama Aurelius! \u00a1Gracias!\u00bb, escribi\u00f3 Sean al pie de una foto de su familia de tres integrantes, mientras sosten\u00eda a su hijo reci\u00e9n nacido en brazos.<\/p>\n<p> <img src=\"https:\/\/www.europesays.com\/es\/wp-content\/uploads\/2026\/09\/e6254f07764e-saveclipapp790590646186165753850382982852712151912450682n.jpg\"   width=\"818\" height=\"1024\" loading=\"lazy\" decoding=\"async\" alt=\"La nueva familia de tres: Sean Ono Lennon, Charlotte Kemp Muhl y el beb\u00e9 Aurelius.\" fetchpriority=\"auto\" class=\"image ho-image\"\/>\u00a9 @sean_ono_lennonLa nueva familia de tres: Sean Ono Lennon, Charlotte Kemp Muhl y el beb\u00e9 Aurelius.<\/p>\n<p id=\"eR8bPC88pb\" data-wc=\"50\">En pocas horas, el post acumul\u00f3 miles de &#8216;me gusta&#8217; y cientos de mensajes de felicitaci\u00f3n por parte de la industria del entretenimiento. Willow Smith \u2014hija de Will Smith y tambi\u00e9n cantautora\u2014 y Dominic Fike, de la serie Euphoria, felicitaron a la pareja, as\u00ed como Paris Hilton y Lindsay Lohan.\u00a0<\/p>\n<p id=\"eblJPyyCRrJ\" data-wc=\"32\">En las im\u00e1genes, se aprecia a Sean fascinado con su beb\u00e9. En una segunda imagen que public\u00f3, aparece solo con el reci\u00e9n nacido, disfrutando de un momento especial entre padre e hijo.\u00a0<\/p>\n<p> <img src=\"https:\/\/www.europesays.com\/es\/wp-content\/uploads\/2026\/09\/5bbba2d3de1f-saveclipapp790318228186165753070382985903540750180467853n.jpg\"   width=\"1024\" height=\"682\" loading=\"lazy\" decoding=\"async\" alt=\"Sean Ono Lennon con el peque\u00f1o Aurelius.\" fetchpriority=\"auto\" class=\"image ho-image\"\/>\u00a9 @sean_ono_lennonSean Ono Lennon con el peque\u00f1o Aurelius.<\/p>\n<p id=\"eXHW82rEm4\" data-wc=\"50\">En otra tierna imagen, su pareja, Charlotte, sosten\u00eda al beb\u00e9 contra su pecho tomada en el hospital, la cual muchos seguidores calificaron de \u00abhermosa\u00bb. \u00abQu\u00e9 foto tan hermosa. Te aseguro que tu pap\u00e1 los colmar\u00e1 de amor a los tres\u00bb, coment\u00f3 un usuario. \u00abUna foto preciosa de ambos\u00bb, se\u00f1al\u00f3 otro.<\/p>\n<p> <img src=\"https:\/\/www.europesays.com\/es\/wp-content\/uploads\/2026\/09\/494826d074bd-saveclipapp791096349186165755470382982040575418083178873n.jpg\"   width=\"768\" height=\"1024\" loading=\"lazy\" decoding=\"async\" alt=\"Sean Ono Lennon capt\u00f3 las primeras horas de su pareja como mam\u00e1.\" fetchpriority=\"auto\" class=\"image ho-image\"\/>\u00a9 @charlottekempmuhlSean Ono Lennon capt\u00f3 las primeras horas de su pareja como mam\u00e1.<br \/>\nLos genes de John Lennon y Sean en Aurelius\u00a0<\/p>\n<p id=\"eBquPBIXg0\" data-wc=\"79\">Muchos seguidores comentaron con entusiasmo que el reci\u00e9n nacido era \u00abencantador\u00bb. \u00ab\u00a1Qu\u00e9 preciosidad! \u00a1Me alegro much\u00edsimo por ustedes!\u00bb, coment\u00f3 una persona. Otros no tardaron en se\u00f1alar el parecido entre Sean y su hijo. \u00abYa se nota que se parece a su padre y a su abuelo\u00bb, apunt\u00f3 alguien m\u00e1s, mientras que otra persona afirm\u00f3 que los ojos del beb\u00e9 \u00abson, sin duda, los de Lennon\u00bb. Una tercera persona coment\u00f3 que el difunto padre de Sean, John, estar\u00eda \u00abmuy orgulloso\u00bb.<\/p>\n<p>Consejos para una mam\u00e1 primeriza\u00a0<\/p>\n<p id=\"eshiaiAij1\" data-wc=\"50\">En un post en su perfil con m\u00e1s fotos de su peque\u00f1\u00edn, Charlotte, quien forma parte de la banda The Ghost of a Saber Tooth Tiger, comparti\u00f3 el siguiente mensaje donde acept\u00f3 todo tipo de sugerencias, adem\u00e1s de mostrarse fascinada por todo lo que ha aprendido en los \u00faltimos d\u00edas.\u00a0<\/p>\n<p> <img src=\"https:\/\/www.europesays.com\/es\/wp-content\/uploads\/2026\/09\/bcb9e9a23bb0-saveclipapp791942669186237537760402595401267912158996747n.jpg\"   width=\"819\" height=\"1024\" loading=\"lazy\" decoding=\"async\" alt=\"Charlotte Kemp comparti\u00f3 un carrusel de im\u00e1genes acompa\u00f1ado de un sincero mensaje sobre la maternidad.\" fetchpriority=\"auto\" class=\"image ho-image\"\/>\u00a9 @charlottekempmuhlCharlotte Kemp comparti\u00f3 un carrusel de im\u00e1genes acompa\u00f1ado de un sincero mensaje sobre la maternidad.<\/p>\n<p id=\"eVxbrXF44zK\" data-wc=\"35\">\u00ab\u00a1Hemos creado un ser humano! Estoy convencida de que el ADN es un c\u00f3digo cuaternario alien\u00edgena con capacidad de acci\u00f3n propia\u00bb, escribi\u00f3 Charlotte, al compartir m\u00e1s fotos de su hijo durmiendo y en un portabeb\u00e9s.\u00a0<\/p>\n<p id=\"eT-kKvASh7\" data-wc=\"39\">\u00abLa falta de sue\u00f1o no hace m\u00e1s que acentuar el surrealismo&#8230; Se aceptan consejos sobre t\u00e9cnicas para sacar los gases\u00bb, a\u00f1adi\u00f3, revelando que el peque\u00f1o ya estaba recibiendo una impresionante educaci\u00f3n musical al escuchar a Aphex Twin y Stravinsky.<\/p>\n<p> <img src=\"https:\/\/www.europesays.com\/es\/wp-content\/uploads\/2026\/09\/372d16f488d6-saveclipapp792157888186237537970402592016789661480466598n.jpg\"   width=\"819\" height=\"1024\" loading=\"lazy\" decoding=\"async\" alt=\"Charlotte debut\u00f3 como mam\u00e1 al lado de Sean Ono Lennon \" fetchpriority=\"auto\" class=\"image ho-image\"\/>\u00a9 @charlottekempmuhlCharlotte debut\u00f3 como mam\u00e1 al lado de Sean Ono Lennon<br \/>\nSean Ono Lennon, siguiendo los pasos de su padre<\/p>\n<p id=\"efM6-1CT8Qg\" data-wc=\"48\">Sean ten\u00eda solo cinco a\u00f1os cuando su padre muri\u00f3 tr\u00e1gicamente el 8 de diciembre de 1980. En declaraciones a Mojo4Music el a\u00f1o pasado, Sean habl\u00f3 sobre la experiencia de escuchar grabaciones in\u00e9ditas \u2014incluidas conversaciones entre sus padres\u2014 que aparecieron en el documental One to One: John &amp; Yoko.\u00a0<\/p>\n<p> <img src=\"https:\/\/www.europesays.com\/es\/wp-content\/uploads\/2026\/09\/d277f58eb9cd-gettyimages-3042529.jpg\"   width=\"682\" height=\"1024\" loading=\"lazy\" decoding=\"async\" alt=\"John Lennon (1940 - 1980) y Yoko Ono en una foto de diciembre de 1968.\" fetchpriority=\"auto\" class=\"image ho-image\"\/>\u00a9 Susan Wood\/Getty ImagesJohn Lennon (1940 &#8211; 1980) y Yoko Ono en una foto de diciembre de 1968.<\/p>\n<p id=\"eYeFNOIO8C-\" data-wc=\"45\">\u00abCrec\u00ed con un conjunto determinado de im\u00e1genes y fragmentos de audio que todo el mundo conoce. As\u00ed que encontrarme con cosas que nunca hab\u00eda visto ni o\u00eddo es algo muy profundo para m\u00ed, porque es casi como disponer de m\u00e1s tiempo con mi padre\u00bb, coment\u00f3.\u00a0<\/p>\n<p id=\"e5sLcEhpja7\" data-wc=\"36\">Al igual que su difunto padre, Sean ha seguido una carrera musical, dando continuidad al legado art\u00edstico de John. En 2024, colabor\u00f3 con el hijo de Paul McCartney, James McCartney, en una canci\u00f3n titulada Primrose Hill.\u00a0<\/p>\n","protected":false},"excerpt":{"rendered":"John Lennon se ha convertido en abuelo por primera vez, 45 a\u00f1os despu\u00e9s de su muerte. Sean Ono&hellip;\n","protected":false},"author":2,"featured_media":744995,"comment_status":"","ping_status":"","sticky":false,"template":"","format":"standard","meta":{"footnotes":""},"categories":[91],"tags":[517,7489,146,147,25,24,23],"class_list":["post-744994","post","type-post","status-publish","format-standard","has-post-thumbnail","category-entretenimiento","tag-actualidad","tag-bebes-famosos","tag-entertainment","tag-entretenimiento","tag-es","tag-espana","tag-spain"],"share_on_mastodon":{"url":"https:\/\/pubeurope.com\/@es\/117204891451037794","error":""},"_links":{"self":[{"href":"https:\/\/www.europesays.com\/es\/wp-json\/wp\/v2\/posts\/744994","targetHints":{"allow":["GET"]}}],"collection":[{"href":"https:\/\/www.europesays.com\/es\/wp-json\/wp\/v2\/posts"}],"about":[{"href":"https:\/\/www.europesays.com\/es\/wp-json\/wp\/v2\/types\/post"}],"author":[{"embeddable":true,"href":"https:\/\/www.europesays.com\/es\/wp-json\/wp\/v2\/users\/2"}],"replies":[{"embeddable":true,"href":"https:\/\/www.europesays.com\/es\/wp-json\/wp\/v2\/comments?post=744994"}],"version-history":[{"count":0,"href":"https:\/\/www.europesays.com\/es\/wp-json\/wp\/v2\/posts\/744994\/revisions"}],"wp:featuredmedia":[{"embeddable":true,"href":"https:\/\/www.europesays.com\/es\/wp-json\/wp\/v2\/media\/744995"}],"wp:attachment":[{"href":"https:\/\/www.europesays.com\/es\/wp-json\/wp\/v2\/media?parent=744994"}],"wp:term":[{"taxonomy":"category","embeddable":true,"href":"https:\/\/www.europesays.com\/es\/wp-json\/wp\/v2\/categories?post=744994"},{"taxonomy":"post_tag","embeddable":true,"href":"https:\/\/www.europesays.com\/es\/wp-json\/wp\/v2\/tags?post=744994"}],"curies":[{"name":"wp","href":"https:\/\/api.w.org\/{rel}","templated":true}]}}