{"id":744998,"date":"2026-09-03T03:05:18","date_gmt":"2026-09-03T03:05:18","guid":{"rendered":"https:\/\/www.europesays.com\/es\/744998\/"},"modified":"2026-09-03T03:05:18","modified_gmt":"2026-09-03T03:05:18","slug":"uber-recortara-3-300-empleos-para-simplificar-su-estructura-jerarquica","status":"publish","type":"post","link":"https:\/\/www.europesays.com\/es\/744998\/","title":{"rendered":"Uber recortar\u00e1 3.300 empleos para simplificar su estructura jer\u00e1rquica"},"content":{"rendered":"\n<p class=\"text text-block paragraph text-left neo-font-paragraph-xl-reg  yf-18d6y07\" style=\"text-decoration: none; font-style: normal; text-transform: none; text-align: inherit; font-variant-numeric: normal;\">(Bloomberg) &#8212; Uber Technologies Inc. eliminar\u00e1 unos 3.300 puestos de trabajo, o el 10% de su plantilla mundial, en el marco de una profunda reestructuraci\u00f3n destinada a reducir los niveles jer\u00e1rquicos y reasignar el gasto a sus negocios de transporte compartido, reparto y robotaxis.  <\/p>\n<p class=\"text text-block paragraph text-left neo-font-paragraph-xl-reg  yf-18d6y07\" style=\"text-decoration: none; font-style: normal; text-transform: none; text-align: inherit; font-variant-numeric: normal;\">El director ejecutivo, Dara Khosrowshahi, anunci\u00f3 los cambios en un correo electr\u00f3nico obtenido por Bloomberg News, en el que se\u00f1alaba que el crecimiento de Uber en los \u00faltimos a\u00f1os ha creado \u00abm\u00e1s niveles, m\u00e1s coordinaci\u00f3n, una propiedad m\u00e1s fragmentada y, en algunos casos, estructuras que ten\u00edan sentido cuando las empresas eran m\u00e1s peque\u00f1as, pero que ya no nos sirven bien a nuestra escala actual\u00bb.  <\/p>\n<p class=\"text text-block paragraph text-left neo-font-paragraph-xl-reg  yf-18d6y07\" style=\"text-decoration: none; font-style: normal; text-transform: none; text-align: inherit; font-variant-numeric: normal;\">Suscr\u00edbase aqu\u00ed al bolet\u00edn Morning Briefing Espa\u00f1ol y conozca nuestro canal de WhatsApp  <\/p>\n<p class=\"text text-block paragraph text-left neo-font-paragraph-xl-reg  yf-18d6y07\" style=\"text-decoration: none; font-style: normal; text-transform: none; text-align: inherit; font-variant-numeric: normal;\">Los recortes reducir\u00e1n el n\u00famero de gerentes de la compa\u00f1\u00eda en un 20%, y algunos pasar\u00e1n a desempe\u00f1ar funciones sin personal a cargo, seg\u00fan dijo un portavoz de Uber. Sin embargo, la empresa no revel\u00f3 qu\u00e9 porcentaje de los gerentes ser\u00e1 despedido. Los recortes tambi\u00e9n afectan a empleados que no ocupan cargos gerenciales.  <\/p>\n<p class=\"text text-block paragraph text-left neo-font-paragraph-xl-reg  yf-18d6y07\" style=\"text-decoration: none; font-style: normal; text-transform: none; text-align: inherit; font-variant-numeric: normal;\">Para hacer que Uber sea \u00abm\u00e1s simple y r\u00e1pida\u00bb, la compa\u00f1\u00eda reducir\u00e1 a la mitad el n\u00famero de \u00abmicroequipos\u00bb con uno o dos integrantes y disminuir\u00e1 la cantidad de empleados que se encuentran a m\u00e1s de siete niveles jer\u00e1rquicos del director ejecutivo, se\u00f1al\u00f3 Khosrowshahi. La empresa tambi\u00e9n simplificar\u00e1 sus principales grupos de ingenier\u00eda, ciencia y entregas, incluida la combinaci\u00f3n de sus tres equipos de operaciones para restaurantes, comercio minorista y su servicio de entregas de marca blanca.  <\/p>\n<p class=\"text text-block paragraph text-left neo-font-paragraph-xl-reg  yf-18d6y07\" style=\"text-decoration: none; font-style: normal; text-transform: none; text-align: inherit; font-variant-numeric: normal;\">Las acciones de Uber borraron las p\u00e9rdidas anteriores y subieron hasta 1,7% en las operaciones previas a la apertura del mercado tras el anuncio.  <\/p>\n<p class=\"text text-block paragraph text-left neo-font-paragraph-xl-reg  yf-18d6y07\" style=\"text-decoration: none; font-style: normal; text-transform: none; text-align: inherit; font-variant-numeric: normal;\">Asimismo, como parte de un esfuerzo continuo para que m\u00e1s empleados trabajen presencialmente en oficinas clave, Uber tambi\u00e9n establecer\u00e1 que, en adelante, solo alrededor del 1% de los empleados pueda trabajar de forma remota.  <\/p>\n<p class=\"text text-block paragraph text-left neo-font-paragraph-xl-reg  yf-18d6y07\" style=\"text-decoration: none; font-style: normal; text-transform: none; text-align: inherit; font-variant-numeric: normal;\">Khosrowshahi afirm\u00f3 que los cambios \u00abgenerar\u00e1n ahorros que pretendemos reinvertir en crecimiento, innovaci\u00f3n y las capacidades que ser\u00e1n m\u00e1s importantes en los pr\u00f3ximos a\u00f1os\u00bb. Se\u00f1al\u00f3 que se realizar\u00e1n m\u00e1s inversiones en conductores, repartidores y comerciantes de todo el mundo, adem\u00e1s de mejoras en su negocio principal y en el trabajo destinado a construir un \u00abfuturo aut\u00f3nomo\u00bb.  <\/p>\n<p class=\"text text-block paragraph text-left neo-font-paragraph-xl-reg  yf-18d6y07\" style=\"text-decoration: none; font-style: normal; text-transform: none; text-align: inherit; font-variant-numeric: normal;\">La medida se produce despu\u00e9s de que Uber se comprometiera a destinar m\u00e1s de US$10.000 millones a asociaciones de robotaxis en los pr\u00f3ximos a\u00f1os, en momentos en que busca transformar su servicio en la plataforma de referencia para solicitar un veh\u00edculo aut\u00f3nomo. La compa\u00f1\u00eda ha reasignado capital de otras formas durante el \u00faltimo a\u00f1o, incluida la reducci\u00f3n de sus participaciones en algunas empresas y las inversiones en Avride Inc., Lucid Group Inc., Nuro Inc. y Rivian Automotive Inc.  <\/p>\n<p class=\"text text-block paragraph text-left neo-font-paragraph-xl-reg  yf-18d6y07\" style=\"text-decoration: none; font-style: normal; text-transform: none; text-align: inherit; font-variant-numeric: normal;\">Los despidos se producen despu\u00e9s de recortes m\u00e1s espec\u00edficos que la compa\u00f1\u00eda de transporte compartido realiz\u00f3 este a\u00f1o en sus departamentos de atenci\u00f3n al cliente y recursos humanos.  <\/p>\n<p class=\"text text-block paragraph text-left neo-font-paragraph-xl-reg  yf-18d6y07\" style=\"text-decoration: none; font-style: normal; text-transform: none; text-align: inherit; font-variant-numeric: normal;\">A diferencia de las grandes tecnol\u00f3gicas, que en los \u00faltimos a\u00f1os han realizado frecuentes recortes de empleo en medio del fuerte gasto en inteligencia artificial, Uber hab\u00eda evitado reducciones masivas desde la pandemia de covid-19. En mayo, anunci\u00f3 que frenar\u00eda el ritmo de contrataciones. Los recortes revelados el mi\u00e9rcoles reducen la plantilla total de Uber a poco menos de 30.000 personas, aproximadamente el mismo nivel de 2021.  <\/p>\n<p class=\"text text-block paragraph text-left neo-font-paragraph-xl-reg  yf-18d6y07\" style=\"text-decoration: none; font-style: normal; text-transform: none; text-align: inherit; font-variant-numeric: normal;\">Khosrowshahi no mencion\u00f3 el impacto de la IA en su anuncio, pero los cambios tambi\u00e9n est\u00e1n impulsados por el deseo de utilizar m\u00e1s esta tecnolog\u00eda en las operaciones diarias. Los recortes de puestos se est\u00e1n llevando a cabo en Estados Unidos y otros pa\u00edses donde opera la compa\u00f1\u00eda.  <\/p>\n<p class=\"text text-block paragraph text-left neo-font-paragraph-xl-reg  yf-18d6y07\" style=\"text-decoration: none; font-style: normal; text-transform: none; text-align: inherit; font-variant-numeric: normal;\">Nota Original: Uber to Cut 3,300 Jobs, Seeking to Reduce Management Layers (1)  <\/p>\n<p class=\"text text-block paragraph text-left neo-font-paragraph-xl-reg  yf-18d6y07\" style=\"text-decoration: none; font-style: normal; text-transform: none; text-align: inherit; font-variant-numeric: normal;\">M\u00c1S CONTENIDO EN ESPA\u00d1OL:  <\/p>\n<ul class=\"yf-1jsc1up\">\n<li class=\"yf-1jsc1up\">\n<p class=\"text text-block paragraph text-left neo-font-paragraph-xl-reg  yf-18d6y07\" style=\"text-decoration: none; font-style: normal; text-transform: none; text-align: inherit; font-variant-numeric: normal;\">Suscr\u00edbase aqu\u00ed al Morning Briefing Espa\u00f1ol  <\/p>\n<\/li>\n<li class=\"yf-1jsc1up\">\n<p class=\"text text-block paragraph text-left neo-font-paragraph-xl-reg  yf-18d6y07\" style=\"text-decoration: none; font-style: normal; text-transform: none; text-align: inherit; font-variant-numeric: normal;\">Bloomberg en espa\u00f1ol est\u00e1 en LinkedIn  <\/p>\n<\/li>\n<li class=\"yf-1jsc1up\">\n<p class=\"text text-block paragraph text-left neo-font-paragraph-xl-reg  yf-18d6y07\" style=\"text-decoration: none; font-style: normal; text-transform: none; text-align: inherit; font-variant-numeric: normal;\">Conozca nuestro canal de WhatsApp  <\/p>\n<\/li>\n<li class=\"yf-1jsc1up\">\n<p class=\"text text-block paragraph text-left neo-font-paragraph-xl-reg  yf-18d6y07\" style=\"text-decoration: none; font-style: normal; text-transform: none; text-align: inherit; font-variant-numeric: normal;\">Usuarios terminal: vea la versi\u00f3n espa\u00f1ol de Daybreak en DAYB  <\/p>\n<\/li>\n<\/ul>\n<p class=\"text text-block paragraph text-left neo-font-paragraph-xl-reg  yf-18d6y07\" style=\"text-decoration: none; font-style: normal; text-transform: none; text-align: inherit; font-variant-numeric: normal;\">More stories like this are available on <a href=\"https:\/\/www.bloomberg.com\" data-ylk=\"slk:bloomberg.com;elm:context_link;itc:0;sec:content-canvas;source:content-canvas%20default\" data-yga=\"{&quot;yLinkText&quot;:&quot;bloomberg.com&quot;,&quot;yLinkElement&quot;:&quot;context_link&quot;,&quot;yModuleName&quot;:&quot;content-canvas&quot;,&quot;yTrafficOrigin&quot;:&quot;content-canvas default&quot;}\" target=\"_blank\" rel=\"noopener noreferrer nofollow\">bloomberg.com<\/a>  <\/p>\n<p class=\"text text-block paragraph text-left neo-font-paragraph-xl-reg  yf-18d6y07\" style=\"text-decoration: none; font-style: normal; text-transform: none; text-align: inherit; font-variant-numeric: normal;\">\u00a92026 Bloomberg L.P.  <\/p>\n","protected":false},"excerpt":{"rendered":"(Bloomberg) &#8212; Uber Technologies Inc. eliminar\u00e1 unos 3.300 puestos de trabajo, o el 10% de su plantilla mundial,&hellip;\n","protected":false},"author":2,"featured_media":744999,"comment_status":"","ping_status":"","sticky":false,"template":"","format":"standard","meta":{"footnotes":""},"categories":[80],"tags":[5287,132177,14278,131819,82,132178,95,94,132174,25,24,132189,132182,132175,132186,132184,132180,132190,12798,132176,132179,132188,132181,132187,23,132185,132183,132173],"class_list":["post-744998","post","type-post","status-publish","format-standard","has-post-thumbnail","category-economia","tag-5287","tag-anuncio-que","tag-bloomberg","tag-bloomberg-l-p","tag-business","tag-dara-khosrowshahi","tag-economia","tag-economy","tag-empleados-que","tag-es","tag-espana","tag-estructuras-que","tag-incluida-la-reduccion-de-sus","tag-khosrowshahi","tag-los-recortes-de-puestos-se","tag-los-recortes-revelados","tag-los-recortes-tambien-afectan","tag-masivas-desde-la-pandemia-de-covid-19","tag-morning","tag-niveles-jerarquicos-del","tag-reducir-los-niveles-jerarquicos","tag-reinvertir-en-crecimiento","tag-reparto-y","tag-senalo-que-se","tag-spain","tag-tenian-sentido","tag-uber-tambien","tag-uber-technologies-inc"],"share_on_mastodon":{"url":"","error":"Validation failed: Text character limit of 500 exceeded"},"_links":{"self":[{"href":"https:\/\/www.europesays.com\/es\/wp-json\/wp\/v2\/posts\/744998","targetHints":{"allow":["GET"]}}],"collection":[{"href":"https:\/\/www.europesays.com\/es\/wp-json\/wp\/v2\/posts"}],"about":[{"href":"https:\/\/www.europesays.com\/es\/wp-json\/wp\/v2\/types\/post"}],"author":[{"embeddable":true,"href":"https:\/\/www.europesays.com\/es\/wp-json\/wp\/v2\/users\/2"}],"replies":[{"embeddable":true,"href":"https:\/\/www.europesays.com\/es\/wp-json\/wp\/v2\/comments?post=744998"}],"version-history":[{"count":0,"href":"https:\/\/www.europesays.com\/es\/wp-json\/wp\/v2\/posts\/744998\/revisions"}],"wp:featuredmedia":[{"embeddable":true,"href":"https:\/\/www.europesays.com\/es\/wp-json\/wp\/v2\/media\/744999"}],"wp:attachment":[{"href":"https:\/\/www.europesays.com\/es\/wp-json\/wp\/v2\/media?parent=744998"}],"wp:term":[{"taxonomy":"category","embeddable":true,"href":"https:\/\/www.europesays.com\/es\/wp-json\/wp\/v2\/categories?post=744998"},{"taxonomy":"post_tag","embeddable":true,"href":"https:\/\/www.europesays.com\/es\/wp-json\/wp\/v2\/tags?post=744998"}],"curies":[{"name":"wp","href":"https:\/\/api.w.org\/{rel}","templated":true}]}}