{"id":745000,"date":"2026-09-03T03:06:18","date_gmt":"2026-09-03T03:06:18","guid":{"rendered":"https:\/\/www.europesays.com\/es\/745000\/"},"modified":"2026-09-03T03:06:18","modified_gmt":"2026-09-03T03:06:18","slug":"estonia-elige-como-presidenta-a-una-abogada-defensora-de-los-derechos-humanos","status":"publish","type":"post","link":"https:\/\/www.europesays.com\/es\/745000\/","title":{"rendered":"Estonia elige como presidenta a una abogada defensora de los derechos humanos"},"content":{"rendered":"<p><img decoding=\"async\" class=\"v-ath__i\" loading=\"lazy\" src=\"https:\/\/www.europesays.com\/es\/wp-content\/uploads\/2026\/09\/1788404778_826_autor-5496-foto-3.jpeg\" alt=\"Agencia EFE\"\/><\/p>\n<p>02\/09\/2026 a las 22:03h.<\/p>\n<p class=\"v-d-p\" style=\"\">Tallin, 2 sep (EFE\/EPA).- \u00dclle Madise, abogada y canciller de Justicia de Estonia, cargo en el que ha velado por la constitucionalidad de las leyes en el pa\u00eds b\u00e1ltico, fue elegida este mi\u00e9rcoles presidenta por el Riigikogu, el Parlamento estonio, convirti\u00e9ndose en la segunda  &#8230; mujer que ocupa la jefatura del Estado en este pa\u00eds. IM\u00c1GENES: VALDA KALNINA<\/p>\n","protected":false},"excerpt":{"rendered":"02\/09\/2026 a las 22:03h. Tallin, 2 sep (EFE\/EPA).- \u00dclle Madise, abogada y canciller de Justicia de Estonia, cargo&hellip;\n","protected":false},"author":2,"featured_media":745001,"comment_status":"","ping_status":"","sticky":false,"template":"","format":"standard","meta":{"footnotes":""},"categories":[42],"tags":[22295,17,18,8403,7743,8194,14552,13,14,11,1632,61,62,63,64,19,20,9,10,15,16,14107,12,21,22,65,66,67],"class_list":["post-745000","post","type-post","status-publish","format-standard","has-post-thumbnail","category-internacional","tag-abogada","tag-breaking-news","tag-breakingnews","tag-defensora","tag-derechos","tag-elige","tag-estonia","tag-featured-news","tag-featurednews","tag-headlines","tag-humanos","tag-internacional","tag-international","tag-international-news","tag-internationalnews","tag-latest-news","tag-latestnews","tag-news","tag-noticias","tag-noticias-destacadas","tag-noticiasdestacadas","tag-presidenta","tag-titulares","tag-ultimas-noticias","tag-ultimasnoticias","tag-world","tag-world-news","tag-worldnews"],"share_on_mastodon":{"url":"https:\/\/pubeurope.com\/@es\/117204903691266352","error":""},"_links":{"self":[{"href":"https:\/\/www.europesays.com\/es\/wp-json\/wp\/v2\/posts\/745000","targetHints":{"allow":["GET"]}}],"collection":[{"href":"https:\/\/www.europesays.com\/es\/wp-json\/wp\/v2\/posts"}],"about":[{"href":"https:\/\/www.europesays.com\/es\/wp-json\/wp\/v2\/types\/post"}],"author":[{"embeddable":true,"href":"https:\/\/www.europesays.com\/es\/wp-json\/wp\/v2\/users\/2"}],"replies":[{"embeddable":true,"href":"https:\/\/www.europesays.com\/es\/wp-json\/wp\/v2\/comments?post=745000"}],"version-history":[{"count":0,"href":"https:\/\/www.europesays.com\/es\/wp-json\/wp\/v2\/posts\/745000\/revisions"}],"wp:featuredmedia":[{"embeddable":true,"href":"https:\/\/www.europesays.com\/es\/wp-json\/wp\/v2\/media\/745001"}],"wp:attachment":[{"href":"https:\/\/www.europesays.com\/es\/wp-json\/wp\/v2\/media?parent=745000"}],"wp:term":[{"taxonomy":"category","embeddable":true,"href":"https:\/\/www.europesays.com\/es\/wp-json\/wp\/v2\/categories?post=745000"},{"taxonomy":"post_tag","embeddable":true,"href":"https:\/\/www.europesays.com\/es\/wp-json\/wp\/v2\/tags?post=745000"}],"curies":[{"name":"wp","href":"https:\/\/api.w.org\/{rel}","templated":true}]}}