{"id":745002,"date":"2026-09-03T03:07:15","date_gmt":"2026-09-03T03:07:15","guid":{"rendered":"https:\/\/www.europesays.com\/es\/745002\/"},"modified":"2026-09-03T03:07:15","modified_gmt":"2026-09-03T03:07:15","slug":"granada-registra-41-terremotos-este-miercoles-cinco-se-dejan-sentir-por-la-poblacion-con-uno-de-ellos-de-magnitud-2","status":"publish","type":"post","link":"https:\/\/www.europesays.com\/es\/745002\/","title":{"rendered":"Granada registra 41 terremotos este mi\u00e9rcoles: cinco se dejan sentir por la poblaci\u00f3n con uno de ellos de magnitud 2"},"content":{"rendered":"<p class=\"c-paragraph\">El Instituto Geogr\u00e1fico Nacional (IGN) ha reportado este mi\u00e9rcoles un total de\u00a0<b>cinco se\u00edsmos <\/b>-uno de ellos de magnitud 2,3 mbLg- como sentidos por la poblaci\u00f3n de\u00a0<a href=\"https:\/\/www.20minutos.es\/andalucia\/granada\/\" title=\"--Granada\" rel=\"nofollow noopener\" target=\"_blank\">Granada<\/a>\u00a0y su \u00e1rea metropolitana dentro de la\u00a0<a href=\"https:\/\/www.20minutos.es\/andalucia\/granada\/serie-sismica-no-cesa-varios-terremotos-magnitud-2-mas-se-vuelven-sentir-vega_7030165_0.html\" title=\"La serie s\u00edsmica no cesa: varios terremotos de magnitud 2 o m\u00e1s se vuelven sentir en La Vega\" target=\"_blank\" rel=\"nofollow noopener\">serie s\u00edsmica de Alhend\u00edn<\/a>, que afecta a la provincia desde el pasado 14 de agosto.<\/p>\n<p class=\"c-paragraph\">As\u00ed se deduce de la informaci\u00f3n publicada por el propio IGN que, pasado el mediod\u00eda de esta jornada de mi\u00e9rcoles, ya contabiliza <b>algo m\u00e1s de 40 se\u00edsmos<\/b>.<\/p>\n<p class=\"c-paragraph\">En cuanto a los temblores sentidos por la poblaci\u00f3n, destaca uno superficial de magnitud 2,3 mbLg con epicentro en La Zubia y registrado a las 10.35 horas. Seis minutos despu\u00e9s <b>tambi\u00e9n aparece como sentido por la poblaci\u00f3n<\/b> uno de 1,6 en la misma localidad pero a una profundidad de 5 kil\u00f3metros.<\/p>\n<p class=\"c-paragraph\">Los otros se\u00edsmos que constan como sentidos por la poblaci\u00f3n han tenido lugar a las 5.07 de la madrugada con epicentro en Churriana de la Vega y magnitud 1,6; otro en Hu\u00e9tor Vega de 1,5 a las 7.54 horas; y otro en Granada capital a las 9.22 horas, en este \u00faltimo caso a una <b>profundidad de 12 kil\u00f3metros<\/b>.<\/p>\n<p class=\"c-paragraph\">En total se han registrado 41 terremotos este mi\u00e9rcoles. Ninguno del resto de los se\u00edsmos hasta el momento consta como sentido o con magnitud de 2 o mayor, si bien, como en jornadas anteriores, hay una mayor dispersi\u00f3n geogr\u00e1fica de los epicentros al localizarse estos ya no solo en la zona sur del \u00e1rea metropolitana, sino en otras localizaciones de la provincia como Maracena o Albolote (al norte del \u00c1rea Metropolitana), o Santa Cruz del Comercio o Loja (Poniente granadino).<\/p>\n","protected":false},"excerpt":{"rendered":"El Instituto Geogr\u00e1fico Nacional (IGN) ha reportado este mi\u00e9rcoles un total de\u00a0cinco se\u00edsmos -uno de ellos de magnitud&hellip;\n","protected":false},"author":2,"featured_media":745003,"comment_status":"","ping_status":"","sticky":false,"template":"","format":"standard","meta":{"footnotes":""},"categories":[8],"tags":[17,18,5810,2170,25,24,13,14,11,19,20,9,10,15,16,132191,101284,42161,23,12,21,22],"class_list":["post-745002","post","type-post","status-publish","format-standard","has-post-thumbnail","category-espana","tag-breaking-news","tag-breakingnews","tag-cinco","tag-como","tag-es","tag-espana","tag-featured-news","tag-featurednews","tag-headlines","tag-latest-news","tag-latestnews","tag-news","tag-noticias","tag-noticias-destacadas","tag-noticiasdestacadas","tag-reportados","tag-seismos","tag-sentidos","tag-spain","tag-titulares","tag-ultimas-noticias","tag-ultimasnoticias"],"share_on_mastodon":{"url":"https:\/\/pubeurope.com\/@es\/117204906537481506","error":""},"_links":{"self":[{"href":"https:\/\/www.europesays.com\/es\/wp-json\/wp\/v2\/posts\/745002","targetHints":{"allow":["GET"]}}],"collection":[{"href":"https:\/\/www.europesays.com\/es\/wp-json\/wp\/v2\/posts"}],"about":[{"href":"https:\/\/www.europesays.com\/es\/wp-json\/wp\/v2\/types\/post"}],"author":[{"embeddable":true,"href":"https:\/\/www.europesays.com\/es\/wp-json\/wp\/v2\/users\/2"}],"replies":[{"embeddable":true,"href":"https:\/\/www.europesays.com\/es\/wp-json\/wp\/v2\/comments?post=745002"}],"version-history":[{"count":0,"href":"https:\/\/www.europesays.com\/es\/wp-json\/wp\/v2\/posts\/745002\/revisions"}],"wp:featuredmedia":[{"embeddable":true,"href":"https:\/\/www.europesays.com\/es\/wp-json\/wp\/v2\/media\/745003"}],"wp:attachment":[{"href":"https:\/\/www.europesays.com\/es\/wp-json\/wp\/v2\/media?parent=745002"}],"wp:term":[{"taxonomy":"category","embeddable":true,"href":"https:\/\/www.europesays.com\/es\/wp-json\/wp\/v2\/categories?post=745002"},{"taxonomy":"post_tag","embeddable":true,"href":"https:\/\/www.europesays.com\/es\/wp-json\/wp\/v2\/tags?post=745002"}],"curies":[{"name":"wp","href":"https:\/\/api.w.org\/{rel}","templated":true}]}}