{"id":745006,"date":"2026-09-03T03:16:22","date_gmt":"2026-09-03T03:16:22","guid":{"rendered":"https:\/\/www.europesays.com\/es\/745006\/"},"modified":"2026-09-03T03:16:22","modified_gmt":"2026-09-03T03:16:22","slug":"jaime-llamas-leon-no-era-un-sitio-para-mi","status":"publish","type":"post","link":"https:\/\/www.europesays.com\/es\/745006\/","title":{"rendered":"Jaime Llamas: \u00abLe\u00f3n no era un sitio para mi\u00bb"},"content":{"rendered":"<p class=\"paragraph\">A diez d\u00edas de su primer partido oficial de la temporada con motivo de la Copa Espa\u00f1a (ante Ponferrada en Pisuerga), el UEMC Baloncesto Valladolid, tras el sofoco que ha ocasionado durante este verano los problemas de la cubierta del pabell\u00f3n Pisuerga, su lugar de trabajo, inici\u00f3 la protocolaria ronda de presentaci\u00f3n de jugadores de su renovada plantilla para luchar por recuperar los galones perdidos de Primera FEB. En esta ocasi\u00f3n y en Prevenges Consultores, el primero en ser presentado fue el alero leon\u00e9s Jaime Llamas, ilusionado con este nuevo reto en Valladolid con un entrenador David Barrio, al que conoce muy bien y con el que ha coincidido tres campa\u00f1as tanto en Ibiza como Ponferrada.<\/p>\n<p>            <a href=\"#\" title=\"\"><\/p>\n<p>                    <img loading=\"lazy\" decoding=\"async\" width=\"140\" height=\"140\" alt=\"Las selecciones de Espa\u00f1a masculina y femenina de 3x3 posan en Taranto con el oro.\" src=\"https:\/\/imagenes.diariodevalladolid.es\/files\/related_image\/uploads\/2026\/09\/02\/6a986490202fa.png\" data-full-src=\"https:\/\/www.europesays.com\/es\/wp-content\/uploads\/2026\/09\/6a986490202fa.png\"\/><\/p>\n<p>            <\/a><\/p>\n<p class=\"paragraph\">El leon\u00e9s explic\u00f3 el porqu\u00e9 de cambiar \u2018su\u2019  Le\u00f3n natal por Valladolid. \u00abConsideraba que Le\u00f3n no era un sitio para m\u00ed este a\u00f1o y quer\u00eda dar un paso m\u00e1s, tanto a nivel deportivo como profesional. Este es un club m\u00e1s profesional, con una estructura muy clara y con ganas de devolver al club a una categor\u00eda m\u00e1s. Estoy muy agradecido por la oportunidad\u00bb, reconoci\u00f3.<\/p>\n<p class=\"c-detail__cite full \">\n<p>\u00abTodos venimos aqu\u00ed con el objetivo de ascender pero, como bien te dicen de peque\u00f1o, antes de correr hay que echar a andar\u00bbJAIME LLAMAS<\/p>\n<p class=\"paragraph\">Jaime Llamas, lejos de arrugarse,  sabe a lo que viene y conoce la necesidad que tiene el club por salir de la Segunda FEB y ascender a Primera FEB. El hecho de reencontrarse con el entrenador David Barrio tambi\u00e9n ha sido clave. \u00abHan sido tres a\u00f1os en los que hemos peleado siempre por estar lo m\u00e1s arriba posible y este a\u00f1o no va a ser menos. Aparte de David, la cercan\u00eda del club y c\u00f3mo me han recibido ha sido un punto clave para haber podido venir aqu\u00ed. En mis cuatro a\u00f1os en la Segunda FEB  he jugado dos finales por el ascenso y nadie te regala nada. Es un equipo hecho para ascender. Todos venimos aqu\u00ed con ese objetivo y todos lo tenemos en la mente, pero, como bien te dicen de peque\u00f1o, antes de correr hay que echar a andar. Primero tenemos que ser un equipo s\u00f3lido y de verdad para poder estar lo m\u00e1s arriba posible\u00bb, a\u00f1adi\u00f3.<\/p>\n<p class=\"paragraph\">El nuevo alero del UEMC Baloncesto Valladolid se define como jugador. \u00abSoy un jugador que tiene bastante car\u00e1cter en la pista, al que le gustan los momentos calientes y no le gusta esconderse. Soy un trabajador y nadie me ha regalado nada. Ese oficio y ese trabajo constante te hacen poder llegar arriba\u00bb.<\/p>\n<p>            <a href=\"#\" title=\"\"><\/p>\n<p>                    <img loading=\"lazy\" decoding=\"async\" width=\"140\" height=\"140\" alt=\"Vista parcial del estado del front\u00f3n del Pisuerga, inutilizado desde hace m\u00e1s de un mes.\" src=\"https:\/\/imagenes.diariodevalladolid.es\/files\/related_image\/uploads\/2026\/09\/01\/6a97035a47905.jpeg\" data-full-src=\"https:\/\/www.europesays.com\/es\/wp-content\/uploads\/2026\/09\/1788405382_127_6a97035a47905.jpeg\"\/><\/p>\n<p>            <\/a><\/p>\n<p>    A vueltas con la cubierta del Pisuerga<\/p>\n<p class=\"paragraph\">El director general del UEMC Baloncesto Valladolid Sa\u00fal Hern\u00e1ndez aprovech\u00f3 la ocasi\u00f3n para lanzar un mensaje entre l\u00edneas al Ayuntamiento en relaci\u00f3n a las obras de la cubierta de Pisuerga. \u00abEn principio, nos han dicho que vamos a poder disputar los partidos en casa. Tambi\u00e9n nos han pedido el planning de cantera y est\u00e1n esperando soluciones para ver si esas soluciones se van a poder dar en los pr\u00f3ximos meses o si hay que esperar m\u00e1s tiempo para acometerlas. Vamos a ver lo que se puede ir utilizando de la pista central y, l\u00f3gicamente, la opci\u00f3n m\u00e1s probable es que vayamos al Pilar Fern\u00e1ndez, que es el pabell\u00f3n habilitado para nosotros. Ahora tenemos que ver c\u00f3mo redistribuir todo el tema de entrenamientos de los equipos auton\u00f3micos\u00bb.<\/p>\n<p class=\"c-detail__cite full \">\n<p>\u00abEs un problema que se viene arrastrando desde hace muchos a\u00f1os y la mejor soluci\u00f3n habr\u00eda sido cambiar completamente todo el tema de la cubierta o hacer otros planteamientos\u00bbSAUL HERN\u00c1NDEZ<\/p>\n<p class=\"paragraph\">Sa\u00fal Hern\u00e1ndez recuerda el da\u00f1o sufrido por las malas noticias de la cubierta. \u00abHan frenado en seco la campa\u00f1a de abonados. Es un problema que se viene arrastrando desde hace muchos a\u00f1os y la mejor soluci\u00f3n habr\u00eda sido cambiar completamente todo el tema de la cubierta o hacer otros planteamientos que  hubieran sido la mejor soluci\u00f3n. Al final, existen dos polideportivos con aforo importante en Valladolid, que son Huerta del Rey y Pisuerga. Si hay que cerrar uno, habr\u00e1 que ver c\u00f3mo se pueden encajar el resto de piezas en el otro\u00bb, indic\u00f3 en alusi\u00f3n al problema de aforo que tendr\u00eda el club si tiene que jugar en el Pilar Fern\u00e1ndez Valderrama.<\/p>\n","protected":false},"excerpt":{"rendered":"A diez d\u00edas de su primer partido oficial de la temporada con motivo de la Copa Espa\u00f1a (ante&hellip;\n","protected":false},"author":2,"featured_media":745007,"comment_status":"","ping_status":"","sticky":false,"template":"","format":"standard","meta":{"footnotes":""},"categories":[269],"tags":[299,298,128355,168,25,24,4108,132192,41426,16148,23,167,1607],"class_list":["post-745006","post","type-post","status-publish","format-standard","has-post-thumbnail","category-baloncesto","tag-baloncesto","tag-basketball","tag-club-baloncesto-ciudad-de-valladolid","tag-deportes","tag-es","tag-espana","tag-leon","tag-pabellon-pilar-fernandez-valderrama","tag-polideportivo-pisuerga","tag-ponferrada","tag-spain","tag-sports","tag-valladolid"],"share_on_mastodon":{"url":"https:\/\/pubeurope.com\/@es\/117204942960722706","error":""},"_links":{"self":[{"href":"https:\/\/www.europesays.com\/es\/wp-json\/wp\/v2\/posts\/745006","targetHints":{"allow":["GET"]}}],"collection":[{"href":"https:\/\/www.europesays.com\/es\/wp-json\/wp\/v2\/posts"}],"about":[{"href":"https:\/\/www.europesays.com\/es\/wp-json\/wp\/v2\/types\/post"}],"author":[{"embeddable":true,"href":"https:\/\/www.europesays.com\/es\/wp-json\/wp\/v2\/users\/2"}],"replies":[{"embeddable":true,"href":"https:\/\/www.europesays.com\/es\/wp-json\/wp\/v2\/comments?post=745006"}],"version-history":[{"count":0,"href":"https:\/\/www.europesays.com\/es\/wp-json\/wp\/v2\/posts\/745006\/revisions"}],"wp:featuredmedia":[{"embeddable":true,"href":"https:\/\/www.europesays.com\/es\/wp-json\/wp\/v2\/media\/745007"}],"wp:attachment":[{"href":"https:\/\/www.europesays.com\/es\/wp-json\/wp\/v2\/media?parent=745006"}],"wp:term":[{"taxonomy":"category","embeddable":true,"href":"https:\/\/www.europesays.com\/es\/wp-json\/wp\/v2\/categories?post=745006"},{"taxonomy":"post_tag","embeddable":true,"href":"https:\/\/www.europesays.com\/es\/wp-json\/wp\/v2\/tags?post=745006"}],"curies":[{"name":"wp","href":"https:\/\/api.w.org\/{rel}","templated":true}]}}