{"id":745008,"date":"2026-09-03T03:21:30","date_gmt":"2026-09-03T03:21:30","guid":{"rendered":"https:\/\/www.europesays.com\/es\/745008\/"},"modified":"2026-09-03T03:21:30","modified_gmt":"2026-09-03T03:21:30","slug":"canal-10-anuncio-de-forma-oficial-la-fecha-de-estreno-de-gran-hermano-uruguay-cuando-empieza","status":"publish","type":"post","link":"https:\/\/www.europesays.com\/es\/745008\/","title":{"rendered":"Canal 10 anunci\u00f3 de forma oficial la fecha de estreno de \u00abGran Hermano Uruguay\u00bb: cu\u00e1ndo empieza"},"content":{"rendered":"<p>Canal 10 anunci\u00f3 oficialmente este lunes, durante la emisi\u00f3n de Subrayado Tarde, que <a class=\"Link\" href=\"https:\/\/www.elpais.com.uy\/noticias\/gran-hermano-uruguay\" target=\"_blank\" rel=\"nofollow noopener\">Gran Hermano Uruguay<\/a> llegar\u00e1 a la pantalla el pr\u00f3ximo domingo 20 de setiembre a las 21.15 horas.<\/p>\n<p>La confirmaci\u00f3n lleg\u00f3 a trav\u00e9s de un video en el que se ve al conductor <b>Eduardo \u00abColo\u00bb Gianarelli<\/b> prepar\u00e1ndose para el programa y emprendiendo un recorrido que culmina en un set repleto de monitores, en los que se puede ver la famosa casa de Gran Hermano. \u00abDurante a\u00f1os fuimos espectadores. Ahora Uruguay entra en escena\u00bb, dice una voz en off. Enseguida, el anuncio anticipa: \u00abUna casa, un pa\u00eds, 21 participantes y una historia que reci\u00e9n empieza\u00bb, antes de confirmar finalmente la fecha.<\/p>\n<p>La noticia, que ven\u00eda generando gran expectativa en la audiencia y en redes sociales, marca el desembarco del exitoso formato de convivencia en la televisi\u00f3n abierta uruguaya. Con una puesta en escena de gran escala y la promesa de momentos de alto impacto, el programa busca convertirse en el evento televisivo del a\u00f1o.<\/p>\n<p>La definici\u00f3n de la fecha se produce mientras crece la expectativa por la llegada del formato en Uruguay. Canal 10 ya tiene buena parte de la estructura preparada para una apuesta que tendr\u00e1 contenidos en vivo sobre Gran Hermano de lunes a domingos en horario central.<\/p>\n<p>Seg\u00fan supo Tv Show, las galas de eliminaci\u00f3n se realizar\u00e1n los domingos, mientras que los mi\u00e9rcoles ser\u00e1n las noches de nominaci\u00f3n. Ambas galas estar\u00e1n conducidas, como se sabe, por <b>Eduardo \u00abColo\u00bb Gianarelli<\/b>. Tambi\u00e9n continuar\u00e1n vinculados al formato <b>Agust\u00edn Gil<\/b> y <b>Eliana Dide<\/b>, aunque no necesariamente hagan contenidos en dupla.<\/p>\n<p>    <img decoding=\"async\" class=\"Image\" alt=\"Eduardo &quot;Colo&quot; Gianarelli.\"  width=\"1255\" height=\"835\" src=\"https:\/\/www.europesays.com\/es\/wp-content\/uploads\/2026\/09\/.webp\" loading=\"lazy\"\/><\/p>\n<p>            Eduardo \u00abColo\u00bb Gianarelli conducir\u00e1 \u00abGran Hermano Uruguay\u00bb.<\/p>\n<p>Foto: Gentileza.<\/p>\n<p>El casting ya est\u00e1 definido y ser\u00e1n 21 los participantes que ingresar\u00e1n a la casa. La producci\u00f3n tambi\u00e9n tiene lista la escenograf\u00eda, que promete ser imponente, y trabaja en los \u00faltimos detalles de la conformaci\u00f3n del equipo que estar\u00e1 al frente del debate.<\/p>\n<p>En ese sentido, ya confirm\u00f3 su participaci\u00f3n el argentino <b>Gast\u00f3n Trezeguet<\/b>, una figura estrechamente vinculada a la historia de Gran Hermano, que formar\u00e1 parte del panel a cargo de analizar lo que ocurra dentro de la casa.<\/p>\n","protected":false},"excerpt":{"rendered":"Canal 10 anunci\u00f3 oficialmente este lunes, durante la emisi\u00f3n de Subrayado Tarde, que Gran Hermano Uruguay llegar\u00e1 a&hellip;\n","protected":false},"author":2,"featured_media":745009,"comment_status":"","ping_status":"","sticky":false,"template":"","format":"standard","meta":{"footnotes":""},"categories":[171],"tags":[146,147,25,24,23,214],"class_list":["post-745008","post","type-post","status-publish","format-standard","has-post-thumbnail","category-tv","tag-entertainment","tag-entretenimiento","tag-es","tag-espana","tag-spain","tag-tv"],"share_on_mastodon":{"url":"https:\/\/pubeurope.com\/@es\/117204962770381407","error":""},"_links":{"self":[{"href":"https:\/\/www.europesays.com\/es\/wp-json\/wp\/v2\/posts\/745008","targetHints":{"allow":["GET"]}}],"collection":[{"href":"https:\/\/www.europesays.com\/es\/wp-json\/wp\/v2\/posts"}],"about":[{"href":"https:\/\/www.europesays.com\/es\/wp-json\/wp\/v2\/types\/post"}],"author":[{"embeddable":true,"href":"https:\/\/www.europesays.com\/es\/wp-json\/wp\/v2\/users\/2"}],"replies":[{"embeddable":true,"href":"https:\/\/www.europesays.com\/es\/wp-json\/wp\/v2\/comments?post=745008"}],"version-history":[{"count":0,"href":"https:\/\/www.europesays.com\/es\/wp-json\/wp\/v2\/posts\/745008\/revisions"}],"wp:featuredmedia":[{"embeddable":true,"href":"https:\/\/www.europesays.com\/es\/wp-json\/wp\/v2\/media\/745009"}],"wp:attachment":[{"href":"https:\/\/www.europesays.com\/es\/wp-json\/wp\/v2\/media?parent=745008"}],"wp:term":[{"taxonomy":"category","embeddable":true,"href":"https:\/\/www.europesays.com\/es\/wp-json\/wp\/v2\/categories?post=745008"},{"taxonomy":"post_tag","embeddable":true,"href":"https:\/\/www.europesays.com\/es\/wp-json\/wp\/v2\/tags?post=745008"}],"curies":[{"name":"wp","href":"https:\/\/api.w.org\/{rel}","templated":true}]}}