{"id":745010,"date":"2026-09-03T03:22:20","date_gmt":"2026-09-03T03:22:20","guid":{"rendered":"https:\/\/www.europesays.com\/es\/745010\/"},"modified":"2026-09-03T03:22:20","modified_gmt":"2026-09-03T03:22:20","slug":"david-gilmour-eligio-sus-6-canciones-favoritas-de-pink-floyd","status":"publish","type":"post","link":"https:\/\/www.europesays.com\/es\/745010\/","title":{"rendered":"David Gilmour eligi\u00f3 sus 6 canciones favoritas de Pink Floyd"},"content":{"rendered":"<p class=\"wp-block-paragraph\">Muchos artistas suelen coincidir en que sus creaciones son como sus \u00abhijos\u00bb, pero a\u00fan as\u00ed siempre hay alg\u00fan favoritismo por una u otra. <strong>David Gilmour<\/strong> cuenta con cientos de \u00abhijos\u00bb que dio a luz a lo largo de su extens\u00edsima carrera, tanto como parte de <strong>Pink Floyd<\/strong> como en solitario, pero en una entrevista con Billboard en 2006 dio a conocer sus predilectos.<\/p>\n<p class=\"wp-block-paragraph\">Si bien el cantante y guitarrista eligi\u00f3 algunos cl\u00e1sicos del conjunto ingl\u00e9s como los mejores, tambi\u00e9n admiti\u00f3 que hay muchos temas que podr\u00edan haber sido seleccionados para integrar su lista de tracks favoritos. En primera instancia, el violero escogi\u00f3 dos canciones del \u00e1lbum <a href=\"https:\/\/indiehoy.com\/listas\/los-50-mejores-discos-de-los-70\/#\" target=\"_blank\" rel=\"noreferrer noopener nofollow\">Wish You Were Here<\/a>: \u00ab<strong>Shine On You Crazy Diamond<\/strong>\u00bb y \u00ab<strong>Wish You Were Here<\/strong>\u00ab, a las cuales calific\u00f3 como \u00abpistas destacadas\u00bb.<\/p>\n<p><img loading=\"lazy\" decoding=\"async\" width=\"1200\" height=\"800\" src=\"https:\/\/www.europesays.com\/es\/wp-content\/uploads\/2026\/09\/pink-floyd.jpg\" alt=\"Pink Floyd\" class=\"wp-image-243809\"  \/>Pink Floyd &#8211; Foto: Michael Ochs<\/p>\n<p class=\"wp-block-paragraph\">Del disco The Wall, el m\u00fasico se qued\u00f3 con la que posiblemente sea la creaci\u00f3n m\u00e1s famosa de la banda: \u00ab<strong>Comfortably Numb<\/strong>\u00ab, un tema al que Gilmour le guarda un cari\u00f1o especial ya que tocarlo en vivo es uno de sus momentos preferidos.<\/p>\n<p class=\"wp-block-paragraph\">\u00ab&#8216;<strong>High Hopes<\/strong>&#8216;, de The Division Bell, es una de mis canciones favoritas de Pink Floyd de todos los tiempos\u00bb, afirm\u00f3 el oriundo de Cambridge, para luego nombrar a \u00ab<strong>The Great Gig in the Sky<\/strong>\u00bb y \u00ab<strong>Echoes<\/strong>\u00bb y finalmente, tras luchar arduamente consigo mismo por decantarse por pocas opciones, admitir que \u00abhay muchas\u00bb.<\/p>\n<p class=\"wp-block-paragraph\">Las canciones favoritas de David Gilmour:<\/p>\n<p>\u00abShine On You Crazy Diamond\u00bb<\/p>\n<p>\u00abWish You Were Here\u00bb<\/p>\n<p>\u00abComfortably Numb\u00bb<\/p>\n<p>\u00abHigh Hopes\u00bb<\/p>\n<p>\u00abThe Great Gig in the Sky\u00bb<\/p>\n<p>\u00abEchoes\u00bb<\/p>\n","protected":false},"excerpt":{"rendered":"Muchos artistas suelen coincidir en que sus creaciones son como sus \u00abhijos\u00bb, pero a\u00fan as\u00ed siempre hay alg\u00fan&hellip;\n","protected":false},"author":2,"featured_media":745011,"comment_status":"","ping_status":"","sticky":false,"template":"","format":"standard","meta":{"footnotes":""},"categories":[170],"tags":[27575,146,147,25,24,184,185,2184,23],"class_list":["post-745010","post","type-post","status-publish","format-standard","has-post-thumbnail","category-musica","tag-david-gilmour","tag-entertainment","tag-entretenimiento","tag-es","tag-espana","tag-music","tag-musica","tag-pink-floyd","tag-spain"],"share_on_mastodon":{"url":"https:\/\/pubeurope.com\/@es\/117204966334441414","error":""},"_links":{"self":[{"href":"https:\/\/www.europesays.com\/es\/wp-json\/wp\/v2\/posts\/745010","targetHints":{"allow":["GET"]}}],"collection":[{"href":"https:\/\/www.europesays.com\/es\/wp-json\/wp\/v2\/posts"}],"about":[{"href":"https:\/\/www.europesays.com\/es\/wp-json\/wp\/v2\/types\/post"}],"author":[{"embeddable":true,"href":"https:\/\/www.europesays.com\/es\/wp-json\/wp\/v2\/users\/2"}],"replies":[{"embeddable":true,"href":"https:\/\/www.europesays.com\/es\/wp-json\/wp\/v2\/comments?post=745010"}],"version-history":[{"count":0,"href":"https:\/\/www.europesays.com\/es\/wp-json\/wp\/v2\/posts\/745010\/revisions"}],"wp:featuredmedia":[{"embeddable":true,"href":"https:\/\/www.europesays.com\/es\/wp-json\/wp\/v2\/media\/745011"}],"wp:attachment":[{"href":"https:\/\/www.europesays.com\/es\/wp-json\/wp\/v2\/media?parent=745010"}],"wp:term":[{"taxonomy":"category","embeddable":true,"href":"https:\/\/www.europesays.com\/es\/wp-json\/wp\/v2\/categories?post=745010"},{"taxonomy":"post_tag","embeddable":true,"href":"https:\/\/www.europesays.com\/es\/wp-json\/wp\/v2\/tags?post=745010"}],"curies":[{"name":"wp","href":"https:\/\/api.w.org\/{rel}","templated":true}]}}