{"id":745012,"date":"2026-09-03T03:24:37","date_gmt":"2026-09-03T03:24:37","guid":{"rendered":"https:\/\/www.europesays.com\/es\/745012\/"},"modified":"2026-09-03T03:24:37","modified_gmt":"2026-09-03T03:24:37","slug":"el-rayo-insiste-en-jugar-en-vallecas-y-la-comunidad-en-que-aun-no-se-abre","status":"publish","type":"post","link":"https:\/\/www.europesays.com\/es\/745012\/","title":{"rendered":"El Rayo insiste en jugar en Vallecas y la Comunidad, en que a\u00fan no se abre"},"content":{"rendered":"<p class=\"\">Los t\u00e9cnicos de la <b>Comunidad de Madrid<\/b> han estado, durante la ma\u00f1ana de este mi\u00e9rcoles, en el estadio de <b>Vallecas<\/b> para continuar con las inspecciones que dar\u00e1n lugar a un informe del que saldr\u00e1 una segunda auditor\u00eda. Adem\u00e1s del presidente del Rayo, <b>Mart\u00edn Presa<\/b>, y el vicepresidente, <b>Sard\u00e1<\/b>, tambi\u00e9n estuvo presente en las instalaciones el capit\u00e1n, <b>\u00d3scar Valent\u00edn<\/b>.<\/p>\n<p class=\"\">En el seno del club franjirrojo reinaba el optimismo y as\u00ed lo verbaliz\u00f3 <b>Jos\u00e9 Mar\u00eda Sard\u00e1<\/b> ante los medios. \u201cLos t\u00e9cnicos han salido de aqu\u00ed con el 100% de aspectos favorables. <b>\u00d3scar Valent\u00edn<\/b> ha estado presente para verificar que no lo decimos nosotros, sino los t\u00e9cnicos, los mismos que hicieron el primer informe. Espero que haya coherencia institucional y el s\u00e1bado se juegue en <b>Vallecas<\/b> porque el estadio est\u00e1 para jugar. Y no lo digo yo, sino los t\u00e9cnicos\u201d, insisti\u00f3 el vicepresidente de la entidad.<\/p>\n<p><a href=\"https:\/\/as.com\/resultados\/ficha\/equipo\/rayo\/2\/\" rel=\"nofollow noopener\" target=\"_blank\"><img decoding=\"async\" src=\"https:\/\/www.europesays.com\/es\/wp-content\/uploads\/2026\/09\/1788405875_675_2.png\" alt=\"El Rayo insiste en jugar en Vallecas y la Comunidad, en que a\u00fan no se abre\" height=\"80\" width=\"80\"  loading=\"lazy\" data-error-image=\"https:\/\/static.as.com\/dist\/resources\/images\/placeholder-team.png\" fetchpriority=\"low\"\/><\/a><\/p>\n<p class=\"\">Sin embargo, seg\u00fan fuentes de la <b>Comunidad de Madrid<\/b>, todav\u00eda no es posible abrir las puertas del estadio al <b>Rayo<\/b>. A\u00fan quedan cosas pendientes y esta segunda auditor\u00eda no est\u00e1 terminada. De hecho, el Gobierno regional necesita una auditor\u00eda positiva del auditor para comprobar que las instalaciones ya son 100% seguras y permitir que el club franjirrojo vuelva.<\/p>\n<p class=\"\">Por otro lado, Carrusel Deportivo de la SER, ha desvelado que \u201chubo <b>presiones y encierro de Presa a los t\u00e9cnicos de la CAM<\/b> para que explicasen todo\u201d. Seg\u00fan fuentes del Gobierno regional, el presidente del Rayo tuvo a los t\u00e9cnicos una hora metidos en una sala d\u00e1ndoles un discurso.<\/p>\n<p>En Butarque<\/p>\n<p class=\"\">Lo que parece claro es que el <b>Rayo-Racing del s\u00e1bado, a las 18:30 horas<\/b>, se jugar\u00e1 en <b>Butarque<\/b>. Tal y como figura en la propia web de LaLiga. Es m\u00e1s, el <b>Legan\u00e9s<\/b> ha comenzado a vender entradas exclusivamente de hospitalidad (VIPS). Mientras, el <b>Racing<\/b> sigue a la espera de saber qu\u00e9 pasar\u00e1 con las de la afici\u00f3n visitante, situaci\u00f3n que recuerda a la vivida unas semanas antes con la hinchada del Alav\u00e9s.<\/p>\n<p class=\"\"><b>Roberto Gonz\u00e1lez<\/b>, director de comunicaci\u00f3n del Racing, ha explicado en qu\u00e9 punto se encuentra todo. \u201cEl viernes, a las 14:29, recibimos un correo del departamento de competiciones de LaLiga en el que nos comunican, a nosotros y al Rayo, que <b>el partido se disputar\u00e1 en Butarque<\/b>. No hemos vuelto a tener m\u00e1s comunicaci\u00f3n. Llevamos desde entonces intentando contactar con \u00e9l <b>Rayo<\/b> para saber si hay posibilidad de comprar entradas para nuestros aficionados, cu\u00e1ntas y a qu\u00e9 precio. Para nosotros, claramente, el partido se juega en Butarque\u201d, zanj\u00f3.<\/p>\n<p>Noticias relacionadas<img decoding=\"async\" src=\"https:\/\/www.europesays.com\/es\/wp-content\/uploads\/2026\/09\/1788405876_178_DLIN7YZHWFNKJH6EX4GLZ7NM4Q.jpg\" alt=\"\" class=\"\" height=\"9\" width=\"16\"   loading=\"lazy\" data-tb-thumbnail=\"\" fetchpriority=\"low\"\/><img decoding=\"async\" src=\"https:\/\/www.europesays.com\/es\/wp-content\/uploads\/2026\/09\/3BUS5VFASNPJRPXQ3LQPB7CT64.jpg\" alt=\"\" class=\"\" height=\"9\" width=\"16\"   loading=\"lazy\" data-tb-thumbnail=\"\" fetchpriority=\"low\"\/><\/p>\n<p class=\"\"><b>\u00a1Lleva el deporte contigo! <\/b>Descarga la App de AS para recibir alertas al instante y configura en <b>MiZona <\/b>qu\u00e9 quieres leer, sigue a tus equipos y consulta sus partidos. <a href=\"https:\/\/trackingcodes.prisamedia.com\/as.html?utm_campaign=cierre_articulo&amp;utm_source=web\" target=\"_blank\" rel=\"nofollow noopener\" title=\"https:\/\/trackingcodes.prisamedia.com\/as.html?utm_campaign=cierre_articulo&amp;utm_source=web\"><b>Desc\u00e1rgala aqu\u00ed.<\/b><\/a><\/p>\n<p class=\"\">\u00bfAdem\u00e1s buscas licenciar contenido? Haz clic <a href=\"https:\/\/profesional.elpais.com\/soluciones-sindicacion?utm_medium=interno&amp;utm_source=crosslinking&amp;utm_campaign=sindicacion_as_pie_articulos\" target=\"_blank\" rel=\"nofollow noopener\" title=\"https:\/\/profesional.elpais.com\/soluciones-sindicacion?utm_medium=interno&amp;utm_source=crosslinking&amp;utm_campaign=sindicacion_as_pie_articulos\">aqu\u00ed<\/a><\/p>\n","protected":false},"excerpt":{"rendered":"Los t\u00e9cnicos de la Comunidad de Madrid han estado, durante la ma\u00f1ana de este mi\u00e9rcoles, en el estadio&hellip;\n","protected":false},"author":2,"featured_media":745013,"comment_status":"","ping_status":"","sticky":false,"template":"","format":"standard","meta":{"footnotes":""},"categories":[93],"tags":[168,25,24,23,167],"class_list":["post-745012","post","type-post","status-publish","format-standard","has-post-thumbnail","category-deportes","tag-deportes","tag-es","tag-espana","tag-spain","tag-sports"],"share_on_mastodon":{"url":"https:\/\/pubeurope.com\/@es\/117204974294971799","error":""},"_links":{"self":[{"href":"https:\/\/www.europesays.com\/es\/wp-json\/wp\/v2\/posts\/745012","targetHints":{"allow":["GET"]}}],"collection":[{"href":"https:\/\/www.europesays.com\/es\/wp-json\/wp\/v2\/posts"}],"about":[{"href":"https:\/\/www.europesays.com\/es\/wp-json\/wp\/v2\/types\/post"}],"author":[{"embeddable":true,"href":"https:\/\/www.europesays.com\/es\/wp-json\/wp\/v2\/users\/2"}],"replies":[{"embeddable":true,"href":"https:\/\/www.europesays.com\/es\/wp-json\/wp\/v2\/comments?post=745012"}],"version-history":[{"count":0,"href":"https:\/\/www.europesays.com\/es\/wp-json\/wp\/v2\/posts\/745012\/revisions"}],"wp:featuredmedia":[{"embeddable":true,"href":"https:\/\/www.europesays.com\/es\/wp-json\/wp\/v2\/media\/745013"}],"wp:attachment":[{"href":"https:\/\/www.europesays.com\/es\/wp-json\/wp\/v2\/media?parent=745012"}],"wp:term":[{"taxonomy":"category","embeddable":true,"href":"https:\/\/www.europesays.com\/es\/wp-json\/wp\/v2\/categories?post=745012"},{"taxonomy":"post_tag","embeddable":true,"href":"https:\/\/www.europesays.com\/es\/wp-json\/wp\/v2\/tags?post=745012"}],"curies":[{"name":"wp","href":"https:\/\/api.w.org\/{rel}","templated":true}]}}