{"id":745014,"date":"2026-09-03T03:25:25","date_gmt":"2026-09-03T03:25:25","guid":{"rendered":"https:\/\/www.europesays.com\/es\/745014\/"},"modified":"2026-09-03T03:25:25","modified_gmt":"2026-09-03T03:25:25","slug":"verificado-por-los-expertos-hay-que-utilizar-gafas-de-sol-envolventes-las-cuales-reducen-la-entrada-lateral-de-radiacion","status":"publish","type":"post","link":"https:\/\/www.europesays.com\/es\/745014\/","title":{"rendered":"Verificado por los expertos: \u00abHay que utilizar gafas de sol envolventes, las cuales reducen la entrada lateral de radiaci\u00f3n\u00bb"},"content":{"rendered":"<p>El jefe del Servicio de Oftalmolog\u00eda del Hospital Universitario Sanitas La Moraleja de Madrid, el doctor Emilio Dorronzoro, ha expuesto una serie de medidas para proteger la salud ocular durante los meses de mayor exposici\u00f3n solar, como <b>emplear gafas de sol que cubran bien el contorno del ojo para protegerlo de la radiaci\u00f3n ultravioleta<\/b>.<\/p>\n<p>Esta radiaci\u00f3n \u00abno se nota como una quemadura en el momento exacto de la exposici\u00f3n, pero <b>puede irritar la superficie ocular y favorecer lesiones agudas como la queratitis act\u00ednica<\/b>, una especie de quemadura de la c\u00f3rnea\u00bb, ha indicado, al tiempo que ha se\u00f1alado que \u00abtambi\u00e9n se relaciona con problemas acumulativos, como alteraciones en el cristalino o en la conjuntiva\u00bb.<\/p>\n<p>Ante ello, Dorronzoro ha declarado que \u00ab<b>la prevenci\u00f3n debe empezar antes de que aparezca la molestia<\/b>\u00ab. Por ello, aboga por utilizar gafas envolventes o de tama\u00f1o adecuado, las cuales \u00abreducen la entrada lateral de radiaci\u00f3n, algo relevante en playa, piscina, monta\u00f1a o actividades deportivas al aire libre\u00bb.<\/p>\n<p>Adem\u00e1s, apuesta por <b>elegir gafas con protecci\u00f3n UV certificada, por lo que conviene comprobar que indiquen protecci\u00f3n 100 por cien frente a radiaci\u00f3n UVA y UVB o filtro UV400<\/b>; complementarlas con sombrero o gorra de ala ancha; no confiarse en d\u00edas nublados, ya que la sensaci\u00f3n de menor luminosidad puede llevar a relajar la protecci\u00f3n; y evitar el uso de lentillas como \u00fanica barrera.<\/p>\n<p>\u00abLa radiaci\u00f3n no llega solo cuando se mira directamente hacia el sol\u00bb, sino que \u00ab<b>tambi\u00e9n se refleja en superficies como el agua, la arena o el asfalto, lo que incrementa la exposici\u00f3n ocular<\/b> incluso en situaciones cotidianas como caminar, conducir o practicar deporte al aire libre\u00bb, ha indicado, por otra parte, tras lo que ha expuesto s\u00edntomas al respecto, como el enrojecimiento.<\/p>\n<p>Seg\u00fan ha afirmado, este signo, y otros como la sensaci\u00f3n de arenilla, el lagrimeo, la sensibilidad intensa a la luz, el dolor ocular y la visi\u00f3n borrosa tras una exposici\u00f3n solar prolongada, debe llamar la atenci\u00f3n, y es que \u00ab<b>estas se\u00f1ales no deben interpretarse como una simple irritaci\u00f3n pasajera si son intensas<\/b>, aparecen despu\u00e9s de varias horas al sol o dificultan mantener los ojos abiertos\u00bb.<\/p>\n<p>Por \u00faltimo, y una vez subrayado que \u00abla protecci\u00f3n ocular debe entenderse como un h\u00e1bito cotidiano, no como algo reservado a la playa\u00bb, ha concluido afirmando que <b>las personas con cirug\u00edas oculares recientes, antecedentes de enfermedad ocular, ojo seco, uso habitual de lentillas o tratamiento con f\u00e1rmacos fotosensibilizantes deben consultar qu\u00e9 medidas se ajustan mejor a su caso<\/b>\u00ab.<\/p>\n<p>WhatsApp<a href=\"https:\/\/api.whatsapp.com\/send?text=https:\/\/www.eleconomista.es\/salud-bienestar\/ultimas-noticias\/noticias\/14011246\/09\/26\/hay-que-utilizar-gafas-de-sol-envolventes-las-cuales-reducen-la-entrada-lateral-de-radiacion.html?utm_source%3Dwhatsapp%26utm_medium%3Dshare_button&amp;id=1648118629957_whatsapp\" target=\"_blank\" data-action=\"share\/whatsapp\/share\" aria-label=\"Compartir en Whatsapp\" rel=\"nofollow noopener\"><\/a>Facebook<a id=\"fb-share\" href=\"#\" target=\"_blank\" rel=\"noopener noreferrer\" aria-label=\"Compartir en Facebook\"><\/a>Twitter<a href=\"https:\/\/twitter.com\/share?text=Verificado+por+los+expertos%3A+%22Hay+que+utilizar+gafas+de+sol+envolventes%2C+las+cuales+reducen+la+entrada+lateral+de+radiaci%C3%B3n%22&amp;url=https:\/\/www.eleconomista.es\/salud-bienestar\/ultimas-noticias\/noticias\/14011246\/09\/26\/hay-que-utilizar-gafas-de-sol-envolventes-las-cuales-reducen-la-entrada-lateral-de-radiacion.html&amp;via=elEconomistaes&amp;id=1648118839245_twitter\" target=\"_blank\" aria-label=\"Compartir en Twitter\" rel=\"nofollow noopener\"><\/a>Linkedin<a href=\"https:\/\/linkedin.com\/share?text=https:\/\/www.eleconomista.es\/salud-bienestar\/ultimas-noticias\/noticias\/14011246\/09\/26\/hay-que-utilizar-gafas-de-sol-envolventes-las-cuales-reducen-la-entrada-lateral-de-radiacion.html&amp;via=elEconomistaes\" target=\"_blank\" aria-label=\"Compartir en linkedin\" rel=\"nofollow noopener\"><\/a>Beloud<a href=\"https:\/\/beloud.com\/share?text=Verificado+por+los+expertos%3A+%22Hay+que+utilizar+gafas+de+sol+envolventes%2C+las+cuales+reducen+la+entrada+lateral+de+radiaci%C3%B3n%22&amp;url=https:\/\/www.eleconomista.es\/salud-bienestar\/ultimas-noticias\/noticias\/14011246\/09\/26\/hay-que-utilizar-gafas-de-sol-envolventes-las-cuales-reducen-la-entrada-lateral-de-radiacion.html&amp;via=elEconomistaes&amp;id=1648118839245_beloud\" target=\"_blank\" aria-label=\"Compartir en beloud\" rel=\"nofollow noopener\"><\/a>Bluesky<a href=\"https:\/\/bsky.app\/intent\/compose?text=https:\/\/bsky.app\/intent\/compose?text=https:\/\/www.eleconomista.es\/salud-bienestar\/ultimas-noticias\/noticias\/14011246\/09\/26\/hay-que-utilizar-gafas-de-sol-envolventes-las-cuales-reducen-la-entrada-lateral-de-radiacion.html&amp;url=https:\/\/www.eleconomista.es\/salud-bienestar\/ultimas-noticias\/noticias\/14011246\/09\/26\/hay-que-utilizar-gafas-de-sol-envolventes-las-cuales-reducen-la-entrada-lateral-de-radiacion.html&amp;via=elEconomistaes&amp;id=1648118839245_bluesky\" target=\"_blank\" aria-label=\"Compartir en bluesky\" rel=\"nofollow noopener\"><\/a><\/p>\n<p><script async src=\"https:\/\/platform.twitter.com\/widgets.js\" charset=\"utf-8\"><\/script><\/p>\n","protected":false},"excerpt":{"rendered":"El jefe del Servicio de Oftalmolog\u00eda del Hospital Universitario Sanitas La Moraleja de Madrid, el doctor Emilio Dorronzoro,&hellip;\n","protected":false},"author":2,"featured_media":745015,"comment_status":"","ping_status":"","sticky":false,"template":"","format":"standard","meta":{"footnotes":""},"categories":[92],"tags":[25,24,165,166,4134,23],"class_list":["post-745014","post","type-post","status-publish","format-standard","has-post-thumbnail","category-salud","tag-es","tag-espana","tag-health","tag-salud","tag-salud-bienestar","tag-spain"],"share_on_mastodon":{"url":"https:\/\/pubeurope.com\/@es\/117204977390787917","error":""},"_links":{"self":[{"href":"https:\/\/www.europesays.com\/es\/wp-json\/wp\/v2\/posts\/745014","targetHints":{"allow":["GET"]}}],"collection":[{"href":"https:\/\/www.europesays.com\/es\/wp-json\/wp\/v2\/posts"}],"about":[{"href":"https:\/\/www.europesays.com\/es\/wp-json\/wp\/v2\/types\/post"}],"author":[{"embeddable":true,"href":"https:\/\/www.europesays.com\/es\/wp-json\/wp\/v2\/users\/2"}],"replies":[{"embeddable":true,"href":"https:\/\/www.europesays.com\/es\/wp-json\/wp\/v2\/comments?post=745014"}],"version-history":[{"count":0,"href":"https:\/\/www.europesays.com\/es\/wp-json\/wp\/v2\/posts\/745014\/revisions"}],"wp:featuredmedia":[{"embeddable":true,"href":"https:\/\/www.europesays.com\/es\/wp-json\/wp\/v2\/media\/745015"}],"wp:attachment":[{"href":"https:\/\/www.europesays.com\/es\/wp-json\/wp\/v2\/media?parent=745014"}],"wp:term":[{"taxonomy":"category","embeddable":true,"href":"https:\/\/www.europesays.com\/es\/wp-json\/wp\/v2\/categories?post=745014"},{"taxonomy":"post_tag","embeddable":true,"href":"https:\/\/www.europesays.com\/es\/wp-json\/wp\/v2\/tags?post=745014"}],"curies":[{"name":"wp","href":"https:\/\/api.w.org\/{rel}","templated":true}]}}