{"id":745042,"date":"2026-09-03T03:53:16","date_gmt":"2026-09-03T03:53:16","guid":{"rendered":"https:\/\/www.europesays.com\/es\/745042\/"},"modified":"2026-09-03T03:53:16","modified_gmt":"2026-09-03T03:53:16","slug":"dentro-de-la-protesta-en-ceuta-la-emocion-de-vivas-el-diputado-critico-del-psoe-y-la-indignacion-en-la-calle-espana","status":"publish","type":"post","link":"https:\/\/www.europesays.com\/es\/745042\/","title":{"rendered":"Dentro de la protesta en Ceuta: la emoci\u00f3n de Vivas, el diputado cr\u00edtico del PSOE y la indignaci\u00f3n en la calle | Espa\u00f1a"},"content":{"rendered":"<p><img alt=\"\" decoding=\"auto\" class=\"_re lazyload a_m-v\" height=\"736\" width=\"414\"  src=\"https:\/\/www.europesays.com\/es\/wp-content\/uploads\/2026\/09\/MCDOOLVASVA6XABOE377MFUK6M.jpeg\" fetchpriority=\"low\"\/><\/p>\n<p>02:57<\/p>\n<p>Dentro de la protesta en Ceuta: la emoci\u00f3n de Vivas, el diputado cr\u00edtico del PSOE y la indignaci\u00f3n en la calle<\/p>\n<p class=\"a_st\">Miles de personas han salido a la calle de la ciudad aut\u00f3noma para exigir al Gobierno una soluci\u00f3n a la crisis migratoria <\/p>\n<p class=\"\">Muchas ciudades han acogido este mi\u00e9rcoles manifestaciones de apoyo a Ceuta, <a href=\"https:\/\/elpais.com\/espana\/2026-09-02\/ceuta-se-echa-a-la-calle-para-exigir-soluciones-a-la-crisis-migratoria.html\" target=\"_self\" rel=\"nofollow noopener\" title=\"https:\/\/elpais.com\/espana\/2026-09-02\/ceuta-se-echa-a-la-calle-para-exigir-soluciones-a-la-crisis-migratoria.html\">pero ha sido en la ciudad aut\u00f3noma <\/a>donde se ha celebrado la m\u00e1s simb\u00f3lica para exigir una soluci\u00f3n al Gobierno que acabe con la crisis migratoria que tiene en vilo la ciudad. La indignaci\u00f3n ha sido la constante de entre unos manifestantes que denuncia el abandono de las instituciones despu\u00e9s tras la llegada masiva el 30 y 31 de julio tras de m\u00e1s de 70.000 personas y la permanencia en sus calles de miles de migrantes. En su corto recorrido han confluido varias marchas llegadas de los barrios perif\u00e9ricos, los m\u00e1s afectados por la situaci\u00f3n, hasta llegar a la plaza de \u00c1frica, donde se ha le\u00eddo un manifiesto Y ha intervenido el presidente de la ciudad aut\u00f3noma Juan Jes\u00fas Vivas, del PP, visiblemente emocionado. \u201dNunca he visto nada igual\u201d, ha dicho al micr\u00f3fono de EL PA\u00cdS, como recoge el v\u00eddeo este art\u00edculo. Junto a \u00e9l. Melchor Le\u00f3n, diputado socialista y vicepresidente de la Asamblea, que tambi\u00e9n ha explicado su asistencia a la marcha, algo que seg\u00fan ha explicado ha chocado con su partido. Puedes ver el reportaje completo en el v\u00eddeo de la noticia. <\/p>\n<p><a class=\"a_com_l\" href=\"https:\/\/elpais.com\/info\/normas-de-participacion\/\" rel=\"nofollow noopener\" target=\"_blank\">Normas \u203a<\/a>M\u00e1s informaci\u00f3nArchivado EnSi est\u00e1 interesado en licenciar este contenido, pinche <a class=\"a_tp_si_l\" href=\"https:\/\/profesional.elpais.com\/soluciones-sindicacion\/?utm_medium=interno&amp;utm_source=crosslinking&amp;utm_campaign=sindicacion_ep_pie_articulos\" target=\"_blank\" rel=\"noopener noreferrer nofollow\">aqu\u00ed<\/a><\/p>\n","protected":false},"excerpt":{"rendered":"02:57 Dentro de la protesta en Ceuta: la emoci\u00f3n de Vivas, el diputado cr\u00edtico del PSOE y la&hellip;\n","protected":false},"author":2,"featured_media":745043,"comment_status":"","ping_status":"","sticky":false,"template":"","format":"standard","meta":{"footnotes":""},"categories":[8],"tags":[17,18,4486,894,25,24,13,14,11,125793,19,20,16735,892,9,10,15,16,956,1699,20583,23,12,21,22],"class_list":["post-745042","post","type-post","status-publish","format-standard","has-post-thumbnail","category-espana","tag-breaking-news","tag-breakingnews","tag-ceuta","tag-crisis-migratoria","tag-es","tag-espana","tag-featured-news","tag-featurednews","tag-headlines","tag-juan-jesus-vivas","tag-latest-news","tag-latestnews","tag-manifestaciones","tag-migracion","tag-news","tag-noticias","tag-noticias-destacadas","tag-noticiasdestacadas","tag-pp","tag-psoe","tag-refugiados","tag-spain","tag-titulares","tag-ultimas-noticias","tag-ultimasnoticias"],"share_on_mastodon":{"url":"https:\/\/pubeurope.com\/@es\/117205088294381939","error":""},"_links":{"self":[{"href":"https:\/\/www.europesays.com\/es\/wp-json\/wp\/v2\/posts\/745042","targetHints":{"allow":["GET"]}}],"collection":[{"href":"https:\/\/www.europesays.com\/es\/wp-json\/wp\/v2\/posts"}],"about":[{"href":"https:\/\/www.europesays.com\/es\/wp-json\/wp\/v2\/types\/post"}],"author":[{"embeddable":true,"href":"https:\/\/www.europesays.com\/es\/wp-json\/wp\/v2\/users\/2"}],"replies":[{"embeddable":true,"href":"https:\/\/www.europesays.com\/es\/wp-json\/wp\/v2\/comments?post=745042"}],"version-history":[{"count":0,"href":"https:\/\/www.europesays.com\/es\/wp-json\/wp\/v2\/posts\/745042\/revisions"}],"wp:featuredmedia":[{"embeddable":true,"href":"https:\/\/www.europesays.com\/es\/wp-json\/wp\/v2\/media\/745043"}],"wp:attachment":[{"href":"https:\/\/www.europesays.com\/es\/wp-json\/wp\/v2\/media?parent=745042"}],"wp:term":[{"taxonomy":"category","embeddable":true,"href":"https:\/\/www.europesays.com\/es\/wp-json\/wp\/v2\/categories?post=745042"},{"taxonomy":"post_tag","embeddable":true,"href":"https:\/\/www.europesays.com\/es\/wp-json\/wp\/v2\/tags?post=745042"}],"curies":[{"name":"wp","href":"https:\/\/api.w.org\/{rel}","templated":true}]}}