{"id":745050,"date":"2026-09-03T04:10:11","date_gmt":"2026-09-03T04:10:11","guid":{"rendered":"https:\/\/www.europesays.com\/es\/745050\/"},"modified":"2026-09-03T04:10:11","modified_gmt":"2026-09-03T04:10:11","slug":"us-open-2026-alcaraz-vence-a-faria-y-accede-a-la-segunda-ronda-del-us-open-tenis-deportes","status":"publish","type":"post","link":"https:\/\/www.europesays.com\/es\/745050\/","title":{"rendered":"US Open 2026: Alcaraz vence a Faria y accede a la segunda ronda del US Open | Tenis | Deportes"},"content":{"rendered":"<p class=\"a_st\">El espa\u00f1ol remonta al portugu\u00e9s (4-6, 6-0, 6-3, y 6-2, tras 2h 39m) y se medir\u00e1 en la siguiente estaci\u00f3n del torneo al chino Wu (113\u00ba)<\/p>\n<p><img alt=\"\" decoding=\"auto\" class=\"_re  a_m-h\" height=\"259\"  width=\"414\"  src=\"https:\/\/www.europesays.com\/es\/wp-content\/uploads\/2026\/09\/G5HLAPAX35KYPFPUKAWLDWF7TE.jpg\" loading=\"eager\" fetchpriority=\"low\"\/>Alcaraz golpea la bola durante el partido contra Faria, este mi\u00e9rcoles en la Arthur Ashe.Brendan McDermid (REUTERS)<img alt=\"Alejandro Ciriza\" decoding=\"auto\" class=\"_re lazyload a_m-h\" height=\"100\" width=\"100\" src=\"https:\/\/www.europesays.com\/es\/wp-content\/uploads\/2026\/09\/https:\/\/s3.amazonaws.com\/arc-authors\/prisa\/ff56c9de-8d8d-4f81-a772-c84b51075421.png\" loading=\"lazy\" fetchpriority=\"low\"\/><\/p>\n<p class=\"\">Carlos Alcaraz logr\u00f3 su segunda victoria en la presente edici\u00f3n del US Open al imponerse a Jaime Faria por 4-6, 6-0, 6-3 y 6-2 (en 2h 39m). El murciano, de 23 a\u00f1os, dio otro paso adelante en t\u00e9rminos competitivos frente a un adversario (de 23 a\u00f1os y 73\u00ba del mundo) que le exigi\u00f3 m\u00e1s que el ruso Roman Safiullin. El luso le arrebat\u00f3 el primer set, pero posteriormente fue cediendo ante la r\u00e9plica expansiva del espa\u00f1ol, que sorte\u00f3 varios momentos delicados y finalmente obtuvo una victoria de valor. Alcaraz se enfrentar\u00e1 el pr\u00f3ximo d\u00eda al chino Yibing Wu (113\u00ba). El murciano sell\u00f3 un d\u00eda en el que tambi\u00e9n progresaron Dani M\u00e9rida y Paula Badosa, <a href=\"https:\/\/elpais.com\/deportes\/tenis\/2026-09-02\/rafa-jodar-cae-en-la-primera-ronda-del-us-open.html\" target=\"_self\" rel=\"nofollow noopener\" title=\"https:\/\/elpais.com\/deportes\/tenis\/2026-09-02\/rafa-jodar-cae-en-la-primera-ronda-del-us-open.html\">pero no as\u00ed Rafa J\u00f3dar<\/a> ni Jaume Munar.<\/p>\n<p>M\u00e1s informaci\u00f3n<\/p>\n<p class=\"\">[Noticia de \u00faltima hora, en breve publicaremos la ampliaci\u00f3n].<\/p>\n<p>Sobre la firma<img alt=\"Alejandro Ciriza\" decoding=\"auto\" class=\"_re lazyload a_m-h\" height=\"100\" width=\"100\" src=\"https:\/\/www.europesays.com\/es\/wp-content\/uploads\/2026\/09\/https:\/\/s3.amazonaws.com\/arc-authors\/prisa\/ff56c9de-8d8d-4f81-a772-c84b51075421.png\" loading=\"lazy\" fetchpriority=\"low\"\/>Ver biograf\u00eda<\/p>\n<p>Cubre la informaci\u00f3n de tenis desde 2015. Melbourne, Par\u00eds, Londres y Nueva York, su ruta anual. Escala en los Juegos Ol\u00edmpicos de Tokio. Se incorpor\u00f3 a EL PA\u00cdS en 2007 y previamente trabaj\u00f3 en Localia (deportes), Telecinco (informativos) y As (f\u00fatbol). Licenciado en Comunicaci\u00f3n Audiovisual por la Universidad de Navarra. Autor de \u2018\u00a1Vamos, Rafa!\u2019.<\/p>\n<p><a class=\"a_com_l\" href=\"https:\/\/elpais.com\/info\/normas-de-participacion\/\" rel=\"nofollow noopener\" target=\"_blank\">Normas \u203a<\/a>M\u00e1s informaci\u00f3nArchivado EnSi est\u00e1 interesado en licenciar este contenido, pinche <a class=\"a_tp_si_l\" href=\"https:\/\/profesional.elpais.com\/soluciones-sindicacion\/?utm_medium=interno&amp;utm_source=crosslinking&amp;utm_campaign=sindicacion_ep_pie_articulos\" target=\"_blank\" rel=\"noopener noreferrer nofollow\">aqu\u00ed<\/a><\/p>\n","protected":false},"excerpt":{"rendered":"El espa\u00f1ol remonta al portugu\u00e9s (4-6, 6-0, 6-3, y 6-2, tras 2h 39m) y se medir\u00e1 en la&hellip;\n","protected":false},"author":2,"featured_media":745051,"comment_status":"","ping_status":"","sticky":false,"template":"","format":"standard","meta":{"footnotes":""},"categories":[93],"tags":[17145,545,1540,168,25,24,629,14215,896,23,167,327,11759,541],"class_list":["post-745050","post","type-post","status-publish","format-standard","has-post-thumbnail","category-deportes","tag-atp-tour","tag-carlos-alcaraz","tag-competiciones","tag-deportes","tag-es","tag-espana","tag-estados-unidos","tag-grand-slam","tag-nueva-york","tag-spain","tag-sports","tag-tenis","tag-tenistas","tag-us-open"],"share_on_mastodon":{"url":"https:\/\/pubeurope.com\/@es\/117205155908113973","error":""},"_links":{"self":[{"href":"https:\/\/www.europesays.com\/es\/wp-json\/wp\/v2\/posts\/745050","targetHints":{"allow":["GET"]}}],"collection":[{"href":"https:\/\/www.europesays.com\/es\/wp-json\/wp\/v2\/posts"}],"about":[{"href":"https:\/\/www.europesays.com\/es\/wp-json\/wp\/v2\/types\/post"}],"author":[{"embeddable":true,"href":"https:\/\/www.europesays.com\/es\/wp-json\/wp\/v2\/users\/2"}],"replies":[{"embeddable":true,"href":"https:\/\/www.europesays.com\/es\/wp-json\/wp\/v2\/comments?post=745050"}],"version-history":[{"count":0,"href":"https:\/\/www.europesays.com\/es\/wp-json\/wp\/v2\/posts\/745050\/revisions"}],"wp:featuredmedia":[{"embeddable":true,"href":"https:\/\/www.europesays.com\/es\/wp-json\/wp\/v2\/media\/745051"}],"wp:attachment":[{"href":"https:\/\/www.europesays.com\/es\/wp-json\/wp\/v2\/media?parent=745050"}],"wp:term":[{"taxonomy":"category","embeddable":true,"href":"https:\/\/www.europesays.com\/es\/wp-json\/wp\/v2\/categories?post=745050"},{"taxonomy":"post_tag","embeddable":true,"href":"https:\/\/www.europesays.com\/es\/wp-json\/wp\/v2\/tags?post=745050"}],"curies":[{"name":"wp","href":"https:\/\/api.w.org\/{rel}","templated":true}]}}