{"id":745056,"date":"2026-09-03T04:13:12","date_gmt":"2026-09-03T04:13:12","guid":{"rendered":"https:\/\/www.europesays.com\/es\/745056\/"},"modified":"2026-09-03T04:13:12","modified_gmt":"2026-09-03T04:13:12","slug":"acer-anuncia-el-prodesigner-pe270x-p-monitor-de-27%cb%9d-5k-ips-mini-led-y-2304-zonas-de-atenuacion-local","status":"publish","type":"post","link":"https:\/\/www.europesays.com\/es\/745056\/","title":{"rendered":"Acer anuncia el ProDesigner PE270X P, monitor de 27\u02dd 5K IPS mini-LED y 2304 zonas de atenuaci\u00f3n local"},"content":{"rendered":"<p id=\"article-header-author\">\n                por <a href=\"https:\/\/www.geektopia.es\/es\/user\/david\/\" class=\"a_a tc-technology\" rel=\"nofollow noopener\" target=\"_blank\">David<\/a><\/p>\n<p>                                Enviado el 03 sep 2026, 02:20:00<br \/>\n                                 <a class=\"a_a tc-technology\" href=\"https:\/\/www.geektopia.es\/es\/technology\/2026\/09\/03\/noticias\/mailto:david@geektopia.es\" rel=\"nofollow noopener\" target=\"_blank\">correo<\/a><br \/>\n                 <a class=\"a_a tc-technology\" href=\"https:\/\/twitter.com\/geektopic\" rel=\"nofollow noopener\" target=\"_blank\">@geektopic<\/a><br \/>\n                 <a class=\"a_a tc-technology\" href=\"https:\/\/www.geektopia.es\/es\/news\/\" rel=\"nofollow noopener\" target=\"_blank\">Noticias<\/a>\n            <\/p>\n<p>                    <img decoding=\"async\" fetchpriority=\"high\" width=\"1632\" height=\"762\" class=\"a__i_img\" src=\"https:\/\/static-geektopia.com\/storage\/t\/p\/189\/189284\/816x381\/acer-prodesigner-pe270x_p.avif\"  alt=\"Acer anuncia el ProDesigner PE270X P, monitor de 27\u02dd 5K IPS mini-LED y 2304 zonas de atenuaci\u00f3n local\"\/><\/p>\n<p><strong>Acer<\/strong> ha presentado el <strong>ProDesigner PE270X P<\/strong>, un monitor orientado al trabajo profesional de fot\u00f3grafos, vide\u00f3grafos y artistas gr\u00e1ficos. Su panel es IPS de 68.6\u00a0cm (27\u00a0in) con una resoluci\u00f3n de 5120 \u00d7 2880 p\u00edxeles a 165\u00a0Hz, que se puede cambiar a 2560 \u00d7 1440 p\u00edxeles para llegar los 330\u00a0Hz. Tiene un tiempo de respuesta de 0.5\u00a0ms GaG y refresco adaptable FreeSync.<\/p>\n<p>La retroiluminaci\u00f3n es de miniledes con una atenuaci\u00f3n local en 2304 zonas. El brillo m\u00e1ximo es de 450 nits en contenido normal, o de hasta 1400 nits en HDR, contando con un certificado DisplayHDR 1400. El panel es de 10 bits (8+FRC), cubre el 99\u00a0% de los espacios de color sRGB, Adobe RGB y DCI-P3, y llega calibrado de f\u00e1brica con una precisi\u00f3n de \u2206E inferior a uno. El acabado es mate, lo cual afectar\u00e1 a la nitidez.<\/p>\n<p>El pie permite ajuste de inclinaci\u00f3n, giro y altura, pero se puede sustituir por un soporte VESA de 100 \u00d7 100\u00a0mm, que es lo habitual para los profesionales. En cuanto a los conectores, tiene un DisplayPort 1.4, dos HDMI 2.1, y un USB tipo C que da v\u00eddeo y carga 90\u00a0W, el cual da servicio a dos USB 3.0, aunque tambi\u00e9n tiene un conmutador KVM con otro USB. Incluye altavoces est\u00e9reo de 2\u00a0W.<\/p>\n<p>Su precio es de <strong>1299 euros<\/strong>.<\/p>\n<p>   <a href=\"https:\/\/www.geektopia.es\/es\/product\/acer\/prodesigner-pe270x-p\/\" rel=\"nofollow noopener\" target=\"_blank\">   <img decoding=\"async\" loading=\"lazy\" width=\"196\" height=\"196\" src=\"https:\/\/static-geektopia.com\/storage\/t\/i\/117\/117975\/196x196\/000.avif\"  alt=\"ProDesigner PE270X P\"\/>  <\/a>  <a class=\"ib_h hf\" href=\"https:\/\/www.geektopia.es\/es\/product\/acer\/prodesigner-pe270x-p\/\" rel=\"nofollow noopener\" target=\"_blank\">Acer ProDesigner PE270X P<\/a> <\/p>\n<p> 68.6\u00a0cm (27\u00a0in), IPS, 0.5\u00a0ms. 5120 \u00d7 2880\u00a0px (218\u00a0PPP), 165\u00a0Hz. 2560 \u00d7 1440\u00a0px (109\u00a0PPP), 330\u00a0Hz. Sin altavoces 450\/1400\u00a0nits HDR, DisplayHDR 1400, 2\u00d7\u00a0USB 3.0, 1\u00d7\u00a0USB 3.1 tipo C, 1\u00d7\u00a0DisplayPort, 2\u00d7\u00a0HDMI, FreeSync. 99 % sRGB, 99 % Adobe RGB, 99 % DCI-P3.<\/p>\n<p>                    <script async src=\"https:\/\/platform.twitter.com\/widgets.js\" charset=\"utf-8\"><\/script><\/p>\n","protected":false},"excerpt":{"rendered":"por David Enviado el 03 sep 2026, 02:20:00 correo @geektopic Noticias Acer ha presentado el ProDesigner PE270X P,&hellip;\n","protected":false},"author":2,"featured_media":745057,"comment_status":"","ping_status":"","sticky":false,"template":"","format":"standard","meta":{"footnotes":""},"categories":[81],"tags":[79633,119,123,124,25,24,28455,43700,2436,132207,117,121,122,23,118,120],"class_list":["post-745056","post","type-post","status-publish","format-standard","has-post-thumbnail","category-ciencia-y-tecnologia","tag-acer","tag-ciencia","tag-ciencia-y-tecnologia","tag-cienciaytecnologia","tag-es","tag-espana","tag-ifa","tag-monitores","tag-presentacion","tag-prodesigner-pe270x-p","tag-science","tag-science-and-technology","tag-scienceandtechnology","tag-spain","tag-technology","tag-tecnologia"],"share_on_mastodon":{"url":"https:\/\/pubeurope.com\/@es\/117205166265451771","error":""},"_links":{"self":[{"href":"https:\/\/www.europesays.com\/es\/wp-json\/wp\/v2\/posts\/745056","targetHints":{"allow":["GET"]}}],"collection":[{"href":"https:\/\/www.europesays.com\/es\/wp-json\/wp\/v2\/posts"}],"about":[{"href":"https:\/\/www.europesays.com\/es\/wp-json\/wp\/v2\/types\/post"}],"author":[{"embeddable":true,"href":"https:\/\/www.europesays.com\/es\/wp-json\/wp\/v2\/users\/2"}],"replies":[{"embeddable":true,"href":"https:\/\/www.europesays.com\/es\/wp-json\/wp\/v2\/comments?post=745056"}],"version-history":[{"count":0,"href":"https:\/\/www.europesays.com\/es\/wp-json\/wp\/v2\/posts\/745056\/revisions"}],"wp:featuredmedia":[{"embeddable":true,"href":"https:\/\/www.europesays.com\/es\/wp-json\/wp\/v2\/media\/745057"}],"wp:attachment":[{"href":"https:\/\/www.europesays.com\/es\/wp-json\/wp\/v2\/media?parent=745056"}],"wp:term":[{"taxonomy":"category","embeddable":true,"href":"https:\/\/www.europesays.com\/es\/wp-json\/wp\/v2\/categories?post=745056"},{"taxonomy":"post_tag","embeddable":true,"href":"https:\/\/www.europesays.com\/es\/wp-json\/wp\/v2\/tags?post=745056"}],"curies":[{"name":"wp","href":"https:\/\/api.w.org\/{rel}","templated":true}]}}