{"id":745062,"date":"2026-09-03T04:16:15","date_gmt":"2026-09-03T04:16:15","guid":{"rendered":"https:\/\/www.europesays.com\/es\/745062\/"},"modified":"2026-09-03T04:16:15","modified_gmt":"2026-09-03T04:16:15","slug":"la-crisis-llega-al-congreso-feijoo-exprimira-las-mentiras-de-un-sanchez-noqueado","status":"publish","type":"post","link":"https:\/\/www.europesays.com\/es\/745062\/","title":{"rendered":"La crisis llega al Congreso: Feij\u00f3o exprimir\u00e1 las mentiras de un S\u00e1nchez noqueado"},"content":{"rendered":"<p style=\"\">El PP est\u00e1 convencido de que la mala gesti\u00f3n del Gobierno en la crisis de Ceuta -desaparecido a lo largo del verano, tomando decisiones como el mando \u00fanico cuando hab\u00edan pasado varias semanas y negando la participaci\u00f3n de Marruecos a toda costa- ha terminado de \u00ab &#8230; noquear\u00bb al Ejecutivo. Muchos dirigentes apuntan a que es la primera vez en la que no ven f\u00e1cil que el presidente saque \u00abun conejo de la chistera\u00bb o consiga, como en tantos otros momentos de la legislatura, desviar el foco de lo que est\u00e1 ocurriendo en la ciudad aut\u00f3noma. El primer partido de la oposici\u00f3n ha dedicado todo el mes de agosto a volcarse con <a href=\"https:\/\/www.abc.es\/espana\/redes-marroquies-espiaron-militares-policias-espanoles-despues-20260902181255-nt.html\" target=\"_self\" data-voc-vtm-id=\"in-text-traffic\" data-mrf-link=\"www.abc.es\" rel=\"nofollow noopener\">la invasi\u00f3n que revent\u00f3 la frontera sur<\/a> a finales de julio y que ha dejado cronificada una situaci\u00f3n insostenible en la ciudad que regenta Juan Jes\u00fas Vivas.<\/p>\n<p class=\"v-d-p\" style=\"\">Alberto N\u00fa\u00f1ez Feij\u00f3o ha visitado Ceuta tres veces desde que estall\u00f3 la crisis. Varios miembros de la direcci\u00f3n nacional tambi\u00e9n han acudido a lo largo del mes de agosto, han mantenido un contacto constante con el gobierno de la ciudad aut\u00f3noma y han apostado por mantener el foco pol\u00edtico en la crisis. El gran interrogante que todo lo envuelve y que se ha vuelto trascendental es el motivo por el que el Gobierno ha insistido a lo largo de todo el mes en exculpar a Marruecos y descartar cualquier responsabilidad. Por otra parte, fuentes populares tambi\u00e9n consideran que el Ejecutivo hizo un mal diagn\u00f3stico -pensando que conseguir\u00edan restablecer la normalidad y que las cifras de la avalancha no ser\u00edan lo que finalmente fueron- y que despu\u00e9s no pudieron reaccionar ante la dimensi\u00f3n de lo ocurrido. De hecho, hubo ministros como \u00d3scar Puente que llegaron a dar la crisis por resuelta a las pocas horas.<\/p>\n<p class=\"v-d-p\" style=\"\">Ese ser\u00e1 uno de los ejes de la intervenci\u00f3n de Feij\u00f3o este jueves en el Congreso durante la comparecencia de Pedro S\u00e1nchez, que se ha convertido en una de las m\u00e1s importantes de la legislatura. En G\u00e9nova siempre tuvieron claro que el l\u00edder de la oposici\u00f3n \u00abapretar\u00eda\u00bb al presidente por la actitud de absoluta connivencia con el reino alau\u00ed, mientras las fuerzas policiales y todos los expertos en materia de seguridad dieron por hecho desde el primer d\u00eda que Marruecos tuvo que jugar un papel clave en la invasi\u00f3n, por acci\u00f3n o por omisi\u00f3n. Pero en las \u00faltimas horas los <a href=\"https:\/\/www.abc.es\/espana\/redes-marroquies-espiaron-militares-policias-espanoles-despues-20260902181255-nt.html\" target=\"_self\" data-voc-vtm-id=\"in-text-traffic\" data-mrf-link=\"www.abc.es\" rel=\"nofollow noopener\">acontecimientos han dado un giro<\/a> que tambi\u00e9n modificar\u00e1n la intervenci\u00f3n de Feij\u00f3o.<\/p>\n<ul class=\"v-cmp-rld__u\">\n<li class=\"v-cmp-rld__l\">\n<p><a class=\"v-a-lnk\" href=\"http:\/\/www.abc.es\/espana\/informe-policial-sobre-ceuta-revienta-comparecencia-sanchez-20260902190127-nt.html#vtm_modulosEngag=noticiasrelacionadas-cmp-uno:espana:noticia:1\" data-voc-vtm-id=\"in-text-traffic\" rel=\"nofollow noopener\" target=\"_blank\"><br \/>\n<img decoding=\"async\" loading=\"lazy\" src=\"https:\/\/www.europesays.com\/es\/wp-content\/uploads\/2026\/09\/1515476269-U57357736881SdT-366x256@diario_abc.jpg\" class=\"v-a-img\" width=\"258\" height=\"180\" alt=\"El informe revienta la comparecencia de S\u00e1nchez y noquea al Gobierno\"\/><br \/>\n<\/a><\/p>\n<\/li>\n<\/ul>\n<p class=\"v-d-p\" style=\"\">Para el Gobierno la jornada de este jueves se ve como una cita clave en la crisis migratoria de Ceuta. S\u00e1nchez se sube a la tribuna del Congreso de los Diputados para rendir cuentas sobre la gesti\u00f3n pol\u00edtica de la emergencia provocada por la entrada masiva de migrantes por la frontera con Marruecos los d\u00edas 30 y 31 de julio. Un hecho al que \u00e9l mismo dot\u00f3 de la m\u00e1xima gravedad, identific\u00e1ndolo con una \u00abviolaci\u00f3n de la integridad territorial\u00bb de Espa\u00f1a. Desde entonces, <a href=\"https:\/\/www.abc.es\/espana\/sanchez-involucra-rey-crisis-ceuta-20260831195137-nt.html\" target=\"_self\" data-voc-vtm-id=\"in-text-traffic\" data-mrf-link=\"www.abc.es\" rel=\"nofollow noopener\">a excepci\u00f3n de una entrevista radiof\u00f3nica<\/a> con la que arranc\u00f3 el curso pol\u00edtico, S\u00e1nchez ha huido de toda explicaci\u00f3n y no ha aportado concreci\u00f3n alguna sobre lo acaecido hace m\u00e1s de un mes. En el seno del Ejecutivo exhiben sin pudor su total desconocimiento sobre qui\u00e9n organiz\u00f3 este \u00abataque\u00bb. \u00abNo lo sabemos nosotros ni los servicios de inteligencia\u00bb, se\u00f1alan.<\/p>\n<p>\nEl informe desmonta la versi\u00f3n de Moncloa\n<\/p>\n<p class=\"v-d-p\" style=\"\">El relato de Moncloa qued\u00f3 superado por la publicaci\u00f3n en &#8216;El Espa\u00f1ol&#8217;  del <a href=\"https:\/\/www.abc.es\/espana\/informe-policial-confiere-direccion-invasion-ceuta-personas-20260902183204-nt.html\" target=\"_self\" data-voc-vtm-id=\"in-text-traffic\" data-mrf-link=\"www.abc.es\" rel=\"nofollow noopener\">contenido de un informe de la Polic\u00eda<\/a> \u2014en concreto, de la unidad de inteligencia de la Comisar\u00eda de Extranjer\u00eda\u2014 en el que informaba a la juez de la Audiencia Nacional, que estudia si asumir el caso, que la invasi\u00f3n fue guiada por gendarmes marroqu\u00edes a las \u00f3rdenes de agentes de paisano con un fin distinto al migratorio. La noticia gener\u00f3 tanto revuelo en el Gobierno que, de madrugada, el ministro del Interior, Fernando Grande-Marlaska, remiti\u00f3 una carta al director general de la Polic\u00eda para que <a href=\"https:\/\/www.abc.es\/espana\/marlaska-pide-explicaciones-director-policia-informe-atribuiria-20260902073419-nt.html\" target=\"_self\" data-voc-vtm-id=\"in-text-traffic\" data-mrf-link=\"www.abc.es\" rel=\"nofollow noopener\">le informara de las averiguaciones<\/a>, a fin de confirmar si iban en la direcci\u00f3n publicada por el citado medio. El desconcierto se apoder\u00f3 de Moncloa.<\/p>\n<p class=\"v-a-t\">\nEl l\u00edder del PP se apoyar\u00e1 en el informe de la Polic\u00eda que se\u00f1ala la autor\u00eda del reino alau\u00ed y acusar\u00e1 al presidente de haberlo \u00abtapado\u00bb todo\n<\/p>\n<p class=\"v-d-p\" style=\"\">En el Ejecutivo hay un profundo enfado por la imagen que este episodio proyecta. En primer t\u00e9rmino, una sensaci\u00f3n de desgobierno absoluto del ministerio. El cuestionamiento de Grande-Marlaska es creciente y varios son los dirigentes consultados que lamentan que \u00abno controla\u00bb Interior, pese a llevar al frente del mismo desde hace ocho a\u00f1os. \u00abDesde el primer d\u00eda\u00bb, sentencian, con un evidente desgaste. Otros son m\u00e1s indulgentes con \u00e9l y apuntan a una falta de lealtad de los mandos policiales que no trasladaron la informaci\u00f3n que manejaban. En este sentido, fuentes gubernamentales no ocultan su \u00absorpresa\u00bb por que estas averiguaciones no hubieran trascendido a los superiores, teniendo en cuenta que el Gobierno lleva semanas sosteniendo la tesis contraria: que Rabat no tuvo ning\u00fan tipo de responsabilidad. \u00abNo hay evidencia, prueba o indicio de que Marruecos colabor\u00f3 antes o despu\u00e9s\u00bb, se\u00f1alaban horas antes fuentes gubernamentales. El estupor era absoluto y en el Gabinete reconoc\u00edan estar \u00aba ciegas\u00bb. <\/p>\n<p class=\"v-d-p\" style=\"\">El PP, sin embargo, da total credibilidad al trabajo de la unidad de inteligencia de la Polic\u00eda y Feij\u00f3o volver\u00e1 a dar su apoyo a las fuerzas del orden desde la tribuna del Congreso. La idea que se repetir\u00e1 en toda su intervenci\u00f3n ser\u00e1 que el Ejecutivo \u00abconoc\u00eda lo que pod\u00eda ocurrir porque tuvo avisos y no actu\u00f3; y que despu\u00e9s, sabiendo de la autor\u00eda de Marruecos, \u00ablo tap\u00f3\u00bb. Ya lo avanz\u00f3 el l\u00edder del PP este mi\u00e9rcoles en Ceuta, asegurando que en estas circunstancias S\u00e1nchez \u00abno puede garantizar la seguridad nacional\u00bb en Espa\u00f1a.<\/p>\n<p>\nDescontrol y transparencia\n<\/p>\n<p class=\"v-d-p\" style=\"\">La sensaci\u00f3n de descontrol que acompa\u00f1\u00f3 al episodio produce, adem\u00e1s, un efecto corrosivo sobre la credibilidad de un gobierno muy cuestionado por su gesti\u00f3n en Ceuta y en v\u00edsperas de que S\u00e1nchez comparezca en el Congreso. La tesis de la implicaci\u00f3n de Marruecos es un torpedo a la l\u00ednea de flotaci\u00f3n de la estrategia de apaciguamiento de Moncloa que, hasta ahora, hab\u00eda defendido que eran \u00ablas mafias\u00bb y \u00abla internacional ultraderechista\u00bb las que hab\u00edan promovido y amplificado los efectos de la crisis para dejar al margen a Rabat. Este argumento para desviar la atenci\u00f3n de Marruecos hacia otros actores externos no convence ni siquiera a los socios del Gobierno, dentro y fuera de la coalici\u00f3n, que han venido cuestionando abiertamente la l\u00ednea oficial. Sumar lleg\u00f3 a pedir este martes la dimisi\u00f3n del ministro del Interior.<\/p>\n<p class=\"v-d-p\" style=\"\">\u00abEl que incumpli\u00f3 su deber fue el Gobierno de Espa\u00f1a. S\u00ed tuvo avisos reiterados. Lo sab\u00eda. Los m\u00e1ximos responsables de proteger la seguridad y la integridad territorial despreciaron todos los informes. Son responsables de las consecuencias dram\u00e1ticas que han sido la muerte y la invasi\u00f3n\u00bb, advirti\u00f3 Feij\u00f3o desde la ciudad aut\u00f3noma. Precisamente, por estas nuevas informaciones el jefe de la oposici\u00f3n pidi\u00f3 al Gobierno que convocara de urgencia a la Embajadora de Marruecos en Espa\u00f1a, Karima Benyaich, para \u00abdar explicaciones sobre las acciones de sus autoridades\u00bb y \u00abanunciar medidas de respuesta inmediatas\u00bb. Adem\u00e1s exigi\u00f3 que el embajador espa\u00f1ol en Rabat sea llamado a consultas para tomar decisiones en el pa\u00eds vecino.<\/p>\n<p class=\"v-a-t\">\nLa vocaci\u00f3n de S\u00e1nchez, seg\u00fan Moncloa, es \u00abser transparentes con todo lo que tenemos\u00bb\n<\/p>\n<p class=\"v-d-p\" style=\"\">La dureza del discurso del jefe de la oposici\u00f3n ser\u00e1 absoluta este jueves. En su n\u00facleo duro recalcan que la crisis ceut\u00ed \u00abpasa todas las l\u00edneas posibles\u00bb porque el debate gira en torno a la seguridad nacional, las fronteras del pa\u00eds y la \u00abconnivencia\u00bb demostrada hasta el momento por el Gobierno con Marruecos \u00aben vez de defender a Espa\u00f1a\u00bb. Como resumen algunos dirigentes consultados: \u00abEstamos hablando de uno de los episodios m\u00e1s graves, si no el m\u00e1s grave, de la legislatura\u00bb. El PP da m\u00e1xima relevancia a la situaci\u00f3n que atraviesa la ciudad aut\u00f3noma e insiste en que no se trata de una crisis humanitaria -que se desat\u00f3 despu\u00e9s- sino que hablamos de pol\u00edtica exterior y de seguridad nacional. Eso, insisten, \u00ablo cambia todo\u00bb. <\/p>\n<p class=\"v-d-p\" style=\"\">El otro eje de su intervenci\u00f3n estar\u00e1 relacionado con la \u00abincapacidad de gesti\u00f3n\u00bb del Gobierno y las vacaciones del presidente \u2013casi un mes desaparecido tras su intervenci\u00f3n del d\u00eda 31 en la que habl\u00f3 de \u00abviolaci\u00f3n de integridad territorial\u00bb sin que volviera a referirse a ese asunto\u2013. En el PP critican que el Ejecutivo se cuelgue medallas de gesti\u00f3n constantemente cuando las \u00faltimas crisis -la de Ceuta, pero antes el terrible accidente de Adamuz o el apag\u00f3n que dej\u00f3 a Espa\u00f1a en cero energ\u00e9tico- tuvieron un destino similar. Y, adem\u00e1s de todo esto, el l\u00edder de la oposici\u00f3n cargar\u00e1 mucho contra la descoordinaci\u00f3n de los ministerios implicados y las contradicciones entre Defensa e Interior sobre el papel que jug\u00f3 el Centro Nacional de Inteligencia (CNI) y los avisos que se produjeron las horas previas a la invasi\u00f3n. <\/p>\n<p class=\"v-d-p\" style=\"\">La vocaci\u00f3n con la que S\u00e1nchez acude al pleno es, seg\u00fan fuentes de su entorno, \u00abordenar los hechos, ser transparentes con toda la informaci\u00f3n que tenemos y desmentir los bulos y mentiras\u00bb que han circulado durante las \u00faltimas semanas. El presidente ha estado durante toda la jornada al tanto de la situaci\u00f3n, en paralelo a la preparaci\u00f3n de una intervenci\u00f3n con un desgaste pol\u00edtico evidente, en la que se da por hecho que todo el arco parlamentario estar\u00e1 a la contra.<\/p>\n","protected":false},"excerpt":{"rendered":"El PP est\u00e1 convencido de que la mala gesti\u00f3n del Gobierno en la crisis de Ceuta -desaparecido a&hellip;\n","protected":false},"author":2,"featured_media":745063,"comment_status":"","ping_status":"","sticky":false,"template":"","format":"standard","meta":{"footnotes":""},"categories":[8],"tags":[17,18,11866,4170,25,24,132208,13,14,9860,11,19,20,5012,2861,9,132209,10,15,16,199,23,12,21,22],"class_list":["post-745062","post","type-post","status-publish","format-standard","has-post-thumbnail","category-espana","tag-breaking-news","tag-breakingnews","tag-congreso","tag-crisis","tag-es","tag-espana","tag-exprimira","tag-featured-news","tag-featurednews","tag-feijoo","tag-headlines","tag-latest-news","tag-latestnews","tag-llega","tag-mentiras","tag-news","tag-noqueado","tag-noticias","tag-noticias-destacadas","tag-noticiasdestacadas","tag-sanchez","tag-spain","tag-titulares","tag-ultimas-noticias","tag-ultimasnoticias"],"share_on_mastodon":{"url":"https:\/\/pubeurope.com\/@es\/117205179635424754","error":""},"_links":{"self":[{"href":"https:\/\/www.europesays.com\/es\/wp-json\/wp\/v2\/posts\/745062","targetHints":{"allow":["GET"]}}],"collection":[{"href":"https:\/\/www.europesays.com\/es\/wp-json\/wp\/v2\/posts"}],"about":[{"href":"https:\/\/www.europesays.com\/es\/wp-json\/wp\/v2\/types\/post"}],"author":[{"embeddable":true,"href":"https:\/\/www.europesays.com\/es\/wp-json\/wp\/v2\/users\/2"}],"replies":[{"embeddable":true,"href":"https:\/\/www.europesays.com\/es\/wp-json\/wp\/v2\/comments?post=745062"}],"version-history":[{"count":0,"href":"https:\/\/www.europesays.com\/es\/wp-json\/wp\/v2\/posts\/745062\/revisions"}],"wp:featuredmedia":[{"embeddable":true,"href":"https:\/\/www.europesays.com\/es\/wp-json\/wp\/v2\/media\/745063"}],"wp:attachment":[{"href":"https:\/\/www.europesays.com\/es\/wp-json\/wp\/v2\/media?parent=745062"}],"wp:term":[{"taxonomy":"category","embeddable":true,"href":"https:\/\/www.europesays.com\/es\/wp-json\/wp\/v2\/categories?post=745062"},{"taxonomy":"post_tag","embeddable":true,"href":"https:\/\/www.europesays.com\/es\/wp-json\/wp\/v2\/tags?post=745062"}],"curies":[{"name":"wp","href":"https:\/\/api.w.org\/{rel}","templated":true}]}}