{"id":745088,"date":"2026-09-03T04:53:17","date_gmt":"2026-09-03T04:53:17","guid":{"rendered":"https:\/\/www.europesays.com\/es\/745088\/"},"modified":"2026-09-03T04:53:17","modified_gmt":"2026-09-03T04:53:17","slug":"diana-sanchez-explico-su-decision-de-alejarse-de-la-conduccion-de-yo-soy-me-han-reemplazado","status":"publish","type":"post","link":"https:\/\/www.europesays.com\/es\/745088\/","title":{"rendered":"Diana S\u00e1nchez explic\u00f3 su decisi\u00f3n de alejarse de la conducci\u00f3n de \u2018Yo Soy\u2019: \u201cMe han reemplazado\u201d"},"content":{"rendered":"<p><img alt=\"Dos fotograf\u00edas de Diana S\u00e1nchez: una en el estudio del programa Yo Soy y otra sosteniendo una copa de vino durante una entrevista\" class=\"global-image\" decoding=\"async\" fetchpriority=\"high\" height=\"720\" loading=\"eager\" src=\"https:\/\/www.europesays.com\/es\/wp-content\/uploads\/2026\/09\/UEUVJKLUXZEDTN4JBJJS5B3WSE.png\" width=\"1280\"\/>Diana S\u00e1nchez revel\u00f3 que dej\u00f3 la conducci\u00f3n de &#8216;Yo Soy&#8217; por su deseo de ser madre y por la leucemia de su esposo, Dan Guido.<\/p>\n<p>31 Ago, 2026 04:54 p. m. EST<\/p>\n<p class=\"paragraph\" data-paragraph-number=\"1\">La conductora explic\u00f3, durante una entrevista en el podcast \u2018La Capilla\u2019, que <b>su alejamiento del programa de imitaci\u00f3n estuvo ligado a <\/b><a href=\"https:\/\/www.infobae.com\/peru\/2026\/04\/07\/luz-verde-para-diana-sanchez-y-su-esposo-la-exbailarina-comparte-el-sueno-de-formar-una-familia-tras-batalla-contra-la-leucemia\" rel=\"noopener noreferrer nofollow\" target=\"_blank\"><b>su deseo de ser madre<\/b><\/a> y a la enfermedad de su esposo. La actriz Alicia Mercado ocupa actualmente su lugar en la conducci\u00f3n<\/p>\n<p class=\"paragraph\" data-paragraph-number=\"2\"><b>Diana S\u00e1nchez<\/b> rompi\u00f3 su silencio sobre las razones que la llevaron a dejar la conducci\u00f3n de \u2018Yo Soy\u2019, el programa de imitaci\u00f3n que compart\u00eda con Franco Cabrera en Latina. La exchica reality abord\u00f3 el tema en una entrevista con la periodista <b>Andrea Llosa<\/b>, para el podcast \u2018La Capilla\u2019, donde relat\u00f3 el proceso m\u00e9dico que atraviesa junto a su esposo y respondi\u00f3, sin rodeos, sobre su reemplazo en el espacio televisivo.<\/p>\n<p class=\"paragraph\" data-paragraph-number=\"3\">La conductora explic\u00f3 que su salida respondi\u00f3 a un proyecto personal de largo aliento, vinculado a <a href=\"https:\/\/www.infobae.com\/america\/peru\/2021\/11\/03\/diana-sanchez-revela-que-dan-guido-padece-de-una-leucemia-dificil-de-diagnosticar-sangraba-por-la-nariz\/\" rel=\"noopener noreferrer nofollow\" target=\"_blank\">la salud de su pareja<\/a>. \u201cMe fui, s\u00ed, porque nosotros hemos hecho todo un trabajo, tanto de inversi\u00f3n, tiempo, m\u00e9dico, investigaci\u00f3n. Mi esposo tiene leucemia y durante los a\u00f1os que pens\u00e1bamos que pod\u00edamos ser pap\u00e1s fue cuando exactamente apareci\u00f3 su enfermedad\u201d, declar\u00f3 S\u00e1nchez.<\/p>\n<p>Diana S\u00e1nchez no se guarda nada y habla sobre su reemplazo en &#8216;Yo Soy&#8217;. Adem\u00e1s, revela la valiente batalla personal que la oblig\u00f3 a poner en pausa su carrera por el sue\u00f1o de convertirse en madre. Video: Instagram La Capilla \/ Andrea Llosa<\/p>\n<p class=\"paragraph\" data-paragraph-number=\"4\">La conversaci\u00f3n tom\u00f3 un giro cuando <b>Andrea Llosa<\/b> insisti\u00f3 sobre el verdadero motivo detr\u00e1s de la salida de S\u00e1nchez del programa. La periodista le pregunt\u00f3 directamente: \u201c\u00bfY por eso est\u00e1n en esto y por eso no te quedaste en \u2018Yo Soy\u2019?\u201d. Ante la pregunta, S\u00e1nchez respondi\u00f3 con evasivas: \u201cSon unas cositas que te ah\u00ed te cuento\u201d.<\/p>\n<p class=\"paragraph\" data-paragraph-number=\"5\">Llosa no se detuvo ah\u00ed y lanz\u00f3 una afirmaci\u00f3n directa: \u201cPorque te han reemplazado&#8230;\u201d. La respuesta de la conductora lleg\u00f3 sin titubeos y confirm\u00f3 lo que ya se especulaba en el ambiente televisivo. <b>\u201cMe han reemplazado, chica&#8230;\u201d<\/b>, contest\u00f3 S\u00e1nchez.<\/p>\n<p class=\"paragraph\" data-paragraph-number=\"6\">La periodista aprovech\u00f3 el momento para destacar el desempe\u00f1o que hab\u00eda tenido S\u00e1nchez como co-conductora del programa de imitaci\u00f3n. Ante ese comentario, la exchica reality cerr\u00f3 el tema con una frase que hizo referencia a los resultados de audiencia del formato: \u201cMiremos los n\u00fameros\u201d, expres\u00f3.<\/p>\n<p class=\"paragraph\" data-paragraph-number=\"7\">Actualmente, la actriz <b>Alicia Mercado<\/b> ocupa el lugar que S\u00e1nchez dej\u00f3 vacante en \u2018Yo Soy\u2019, donde contin\u00faa compartiendo la conducci\u00f3n con <b>Franco Cabrera<\/b>. El cambio se produjo mientras S\u00e1nchez atravesaba el proceso m\u00e9dico junto a su esposo en Estados Unidos.<\/p>\n<p><img alt=\"Cuatro personas en un escenario con luces, un fondo de estrellas, los logos &quot;Yo Soy&quot; y Latina. Incluye micr\u00f3fonos, traje blanco, vestido fucsia y top negro\" class=\"global-image\" decoding=\"async\" fetchpriority=\"low\" height=\"720\" loading=\"lazy\" src=\"https:\/\/www.europesays.com\/es\/wp-content\/uploads\/2026\/09\/LY5AMPDJPFDWPNDK5TYQS7N3KU.png\" width=\"1280\"\/>&#8216;Yo Soy&#8217; volvi\u00f3 a Latina TV el 8 de agosto con una primera noche de concierto en vivo, castings y sorpresas en la televisi\u00f3n peruana.<\/p>\n<p class=\"paragraph\" data-paragraph-number=\"8\">El trasfondo de la decisi\u00f3n de S\u00e1nchez est\u00e1 relacionado con la leucemia que padece su esposo, <b>Dan Guido<\/b>, ciudadano estadounidense con quien mantiene una relaci\u00f3n de m\u00e1s de cinco a\u00f1os. Seg\u00fan relat\u00f3 la conductora, la enfermedad apareci\u00f3 justo en los a\u00f1os en que la pareja planeaba <a href=\"https:\/\/www.infobae.com\/peru\/2023\/05\/22\/combate-diana-sanchez-dan-guido-revela-por-que-no-tienen-hijos-y-leucemia-dura-batalla-de-su-novio\/\" rel=\"noopener noreferrer nofollow\" target=\"_blank\">convertirse en padres<\/a>, lo que oblig\u00f3 a postergar ese proyecto durante un periodo prolongado de tratamiento.<\/p>\n<p class=\"paragraph\" data-paragraph-number=\"9\">S\u00e1nchez detall\u00f3 que, tras a\u00f1os de quimioterapia y controles m\u00e9dicos, recibieron una noticia que reactiv\u00f3 sus planes de formar una familia. \u201cLuego pasaron los a\u00f1os y el doctor nos llam\u00f3 y nos cont\u00f3 que este medicamento, con la informaci\u00f3n que han ido viendo en otros pacientes, no afecta tanto en la cuesti\u00f3n de la pareja\u201d, indic\u00f3 la conductora.<\/p>\n<p class=\"paragraph\" data-paragraph-number=\"10\">Con esa autorizaci\u00f3n m\u00e9dica, S\u00e1nchez viaj\u00f3 a <a href=\"https:\/\/www.infobae.com\/peru\/2023\/02\/22\/diana-sanchez-a-que-se-dedica-la-exchica-reality-tras-dejar-peru-y-radicar-en-estados-unidos\/\" rel=\"noopener noreferrer nofollow\" target=\"_blank\"><b>Estados Unidos<\/b><\/a>, donde reside su esposo, con la intenci\u00f3n de buscar un embarazo de manera natural. \u201cEntonces me dieron banderita blanca y Diana se fue corriendo a practicar. La pr\u00e1ctica no funcion\u00f3. Hemos hecho toda la fecundaci\u00f3n y ese proceso lo hice cuando me fui\u201d, relat\u00f3 la conductora, en referencia al tratamiento de reproducci\u00f3n asistida al que finalmente recurri\u00f3 la pareja.<\/p>\n<p>La conductora de televisi\u00f3n se mostr\u00f3 conmovida al revelar que est\u00e1 llevando tratamiento para poder concebir a su primer beb\u00e9 junto a su esposo Dan Guido | YouTube<\/p>\n<p class=\"paragraph\" data-paragraph-number=\"11\"><b>Diana S\u00e1nchez<\/b> se dio a conocer en la televisi\u00f3n peruana por su participaci\u00f3n en realities como \u2018Combate\u2019, y con el paso de los a\u00f1os se desempe\u00f1\u00f3 tambi\u00e9n como modelo, mesera, agente inmobiliaria y \u00e1rbitra de f\u00fatbol certificada en Estados Unidos. Su salto a la conducci\u00f3n de \u2018Yo Soy\u2019 represent\u00f3 un regreso a las pantallas nacionales tras su etapa radicada en el extranjero.<\/p>\n<p class=\"paragraph\" data-paragraph-number=\"12\">La decisi\u00f3n de mudarse a Estados Unidos para acompa\u00f1ar a su esposo durante los tratamientos intensivos marc\u00f3 un antes y un despu\u00e9s en su vida personal. S\u00e1nchez ha relatado en distintas entrevistas los temores que enfrenta frente al proceso de fertilizaci\u00f3n, entre ellos la posibilidad de que su cuerpo no responda adecuadamente al embarazo debido al estr\u00e9s y otros factores f\u00edsicos asociados a la espera prolongada.<\/p>\n<p class=\"paragraph\" data-paragraph-number=\"13\">La entrevista completa con Andrea Llosa se transmitir\u00e1 el martes 1 de setiembre a trav\u00e9s del canal de YouTube de la periodista, donde se espera que S\u00e1nchez ofrezca m\u00e1s detalles sobre su proceso de fertilizaci\u00f3n y su etapa actual, tanto en el plano personal como en el profesional.<\/p>\n","protected":false},"excerpt":{"rendered":"Diana S\u00e1nchez revel\u00f3 que dej\u00f3 la conducci\u00f3n de &#8216;Yo Soy&#8217; por su deseo de ser madre y por&hellip;\n","protected":false},"author":2,"featured_media":745089,"comment_status":"","ping_status":"","sticky":false,"template":"","format":"standard","meta":{"footnotes":""},"categories":[171],"tags":[73548,146,147,3141,25,24,2667,23,807,214,73553],"class_list":["post-745088","post","type-post","status-publish","format-standard","has-post-thumbnail","category-tv","tag-diana-sanchez","tag-entertainment","tag-entretenimiento","tag-entrevista","tag-es","tag-espana","tag-podcast","tag-spain","tag-television","tag-tv","tag-yo-soy"],"share_on_mastodon":{"url":"https:\/\/pubeurope.com\/@es\/117205324476745323","error":""},"_links":{"self":[{"href":"https:\/\/www.europesays.com\/es\/wp-json\/wp\/v2\/posts\/745088","targetHints":{"allow":["GET"]}}],"collection":[{"href":"https:\/\/www.europesays.com\/es\/wp-json\/wp\/v2\/posts"}],"about":[{"href":"https:\/\/www.europesays.com\/es\/wp-json\/wp\/v2\/types\/post"}],"author":[{"embeddable":true,"href":"https:\/\/www.europesays.com\/es\/wp-json\/wp\/v2\/users\/2"}],"replies":[{"embeddable":true,"href":"https:\/\/www.europesays.com\/es\/wp-json\/wp\/v2\/comments?post=745088"}],"version-history":[{"count":0,"href":"https:\/\/www.europesays.com\/es\/wp-json\/wp\/v2\/posts\/745088\/revisions"}],"wp:featuredmedia":[{"embeddable":true,"href":"https:\/\/www.europesays.com\/es\/wp-json\/wp\/v2\/media\/745089"}],"wp:attachment":[{"href":"https:\/\/www.europesays.com\/es\/wp-json\/wp\/v2\/media?parent=745088"}],"wp:term":[{"taxonomy":"category","embeddable":true,"href":"https:\/\/www.europesays.com\/es\/wp-json\/wp\/v2\/categories?post=745088"},{"taxonomy":"post_tag","embeddable":true,"href":"https:\/\/www.europesays.com\/es\/wp-json\/wp\/v2\/tags?post=745088"}],"curies":[{"name":"wp","href":"https:\/\/api.w.org\/{rel}","templated":true}]}}