{"id":745090,"date":"2026-09-03T04:56:22","date_gmt":"2026-09-03T04:56:22","guid":{"rendered":"https:\/\/www.europesays.com\/es\/745090\/"},"modified":"2026-09-03T04:56:22","modified_gmt":"2026-09-03T04:56:22","slug":"aitor-francesena-el-campeon-de-surf-que-cabalga-las-olas-sin-verlas-el-pais-semanal","status":"publish","type":"post","link":"https:\/\/www.europesays.com\/es\/745090\/","title":{"rendered":"Aitor Francesena, el campe\u00f3n de surf que cabalga las olas sin verlas | EL PA\u00cdS Semanal"},"content":{"rendered":"<p><img alt=\"\" decoding=\"auto\" class=\"_re  a_m-v\" height=\"621\"  width=\"414\"  src=\"https:\/\/www.europesays.com\/es\/wp-content\/uploads\/2026\/09\/J7VUVVU5YZCSJFJOS56Y3GFLQM.jpg\" loading=\"eager\" fetchpriority=\"low\"\/>Aitor Francesena.Alex Iturralde<\/p>\n<p class=\"\">Incluso a los gallos que no cantan tambi\u00e9n les sale la cresta porque ser valiente es una actitud ante la vida. El <a href=\"https:\/\/elpais.com\/deportes\/2017\/02\/10\/actualidad\/1486749964_620160.html\" target=\"_self\" rel=\"nofollow noopener\" title=\"https:\/\/elpais.com\/deportes\/2017\/02\/10\/actualidad\/1486749964_620160.html\">surfista Aitor Francesena <\/a>(Zarautz, 55 a\u00f1os) as\u00ed lo ha demostrado antes y despu\u00e9s de su ceguera. Apodado Gallo desde joven, por su determinaci\u00f3n y cabezoner\u00eda, es el hermano mayor de tres; despu\u00e9s de \u00e9l, est\u00e1n Leire y Ainhoa. Perder el sentido de la vista es un viaje en el que ha estado inmerso casi 30 a\u00f1os. En 1984, con 14, dej\u00f3 de ver por el ojo derecho a prop\u00f3sito de un glaucoma y una infecci\u00f3n: \u201cMe hab\u00edan operado. En esa \u00e9poca jugaba f\u00fatbol en la playa, se meti\u00f3 arena y lo perd\u00ed\u201d. En 2012, con 42 a\u00f1os, la vida le cambi\u00f3 para siempre tras dos trasplantes de c\u00f3rnea en el ojo izquierdo: \u201cEn el primero hubo un rechazo. En el segundo todo iba bien pero hab\u00eda un punto que no se cerraba. Y nada, esperando al tercer trasplante me met\u00ed al mar a surfear, me ca\u00ed en una ola y me revent\u00f3 el globo ocular\u201d. Su hija Uxue, que por aquel entonces ten\u00eda siete a\u00f1os, estaba en la playa y presenci\u00f3 el accidente. Fueron cerca de tres meses de recuperaci\u00f3n en el hospital, pero cuando por fin padre e hija se reencontraron la ni\u00f1a le toc\u00f3 la cabeza y le dijo: \u201cSi no tienes nada. Est\u00e1 donde siempre\u201d. Esta an\u00e9cdota, y muchas otras, adem\u00e1s de su historia de amor con el surf y su existencia en tierra firme aprendiendo una nueva manera de moverse, se recogen en Surfear la vida (Planeta): el libro en el que cuenta c\u00f3mo el fundido a negro, en el que est\u00e1 inmerso desde hace casi 15 a\u00f1os, ha redefinido sus d\u00edas.<\/p>\n<p class=\"\">Este ya es el tercer libro que escribe (tras Las olas contadas y Querer es poder) y funciona a modo de autobiograf\u00eda, pero, tambi\u00e9n, tiene una voluntad de libro de autoayuda. En la narraci\u00f3n, este deportista evita la autocompasi\u00f3n, el victimismo y no flirtea ni con la idea de h\u00e9roe ni con la de antih\u00e9roe: \u201cAl principio, en la vuelta a casa tras el hospital, fue duro reconocer que no volver\u00eda a ser autosuficiente al cien por cien. Pero tambi\u00e9n me dije: relax, ya no tienes nada que esconder. Cuando no era ciego daba explicaciones cada dos por tres, ten\u00eda que pedirle a alguien que me leyera el men\u00fa en un restaurante, que me dijera la hora\u201d. Asegura que \u201chay d\u00edas, d\u00edas y d\u00edas, semanas y semanas, meses y meses\u201d que no se da cuenta de que est\u00e1 ciego. \u201c\u00bfPor qu\u00e9? Porque cuando t\u00fa est\u00e1s con la cabeza proyectando, proyectando no te da tiempo a pensar. Luego, yo vivo a un ritmo superpotente. En este 2026 ya tengo todo el a\u00f1o preparado. Y ahora, cuando pase el campeonato de Europa y del mundo, yo ya estar\u00e9 con la cabeza puesta en 2027\u201d.<\/p>\n<p><img alt=\"\" decoding=\"auto\" class=\"_re lazyload a_m-v\" height=\"580\"  width=\"414\"  src=\"https:\/\/www.europesays.com\/es\/wp-content\/uploads\/2026\/09\/NCVSKKZ3F5D3XESU7UHYGSH3JM.jpg\" loading=\"lazy\" fetchpriority=\"low\"\/>El surfista Aitor Francesena entra al mar de Zarautz. Antes tiene un ritual: pasear.Alex Iturralde<\/p>\n<p class=\"\">Tras su vuelta a casa despu\u00e9s de las competiciones, El Pa\u00eds Semanal se cita con Gallo en la playa de Zarautz a primera hora de la ma\u00f1ana en un d\u00eda laboral. Es un momento en el que todav\u00eda hay calma en el paseo, muchos bares a\u00fan no han abierto ni siquiera para dar los desayunos y apenas hay ba\u00f1istas. Hace sol. El que luce hoy en esta parte de la costa vasca se muestra seductor y magn\u00e9tico al difuminarse con la bruma matutina. La temperatura es agradable y la chaqueta empieza a sobrar. Como en muchas otras jornadas, al surfista le acompa\u00f1a su cu\u00f1ado Marcos (marido de su hermana Ainhoa), quien se mete al agua con \u00e9l y le va orientando. Hoy el mar no es el id\u00edlico porque las olas est\u00e1n esponjosas, m\u00e1s cortas de lo deseado y no hay mucho viento, pero ni \u00e9l ni los otros surfistas que est\u00e1n en el agua deciden salir. Este no es un deporte ni para tener prisa ni para perder la paciencia. Parte del ritual consiste en esperar.<\/p>\n<p><img alt=\"\" decoding=\"auto\" class=\"_re lazyload a_m-h\" height=\"276\"  width=\"414\"  src=\"https:\/\/www.europesays.com\/es\/wp-content\/uploads\/2026\/09\/6PCCYFH5NFBDFLRXNREU73XXXM.jpg\" loading=\"lazy\" fetchpriority=\"low\"\/>Aitor Francesena sujeta la tabla de surf con un grupo de alumnos de la Escuela de Surf Pukas. Alex Iturralde<\/p>\n<p class=\"\">Francesena, que aument\u00f3 su popularidad hace un par de a\u00f1os con el <a href=\"https:\/\/elpais.com\/television\/2025-11-12\/la-revuelta-recupera-a-su-primer-invitado-aitor-francesena-un-dia-despues-de-marcar-record-pareces-el-doraemon-vasco.html\" target=\"_self\" rel=\"nofollow noopener\" title=\"https:\/\/elpais.com\/television\/2025-11-12\/la-revuelta-recupera-a-su-primer-invitado-aitor-francesena-un-dia-despues-de-marcar-record-pareces-el-doraemon-vasco.html\">empuj\u00f3n medi\u00e1tico que obtuvo por ser el primer invitado del programa La revuelta,<\/a> presentado por David Broncano, es un ciego que evita usar el bast\u00f3n. En cuanto lo tuvo por primera vez en sus manos, lo lanz\u00f3 contra una pared como si fuera una jabalina. Prefiere moverse con la asistencia de alguna persona y, solo cuando es imprescindible, se apoya en \u00e9l. Antes de comenzar a vivir con la ceguera, fund\u00f3 la primera escuela de surf de Espa\u00f1a, fabric\u00f3 tablas y curs\u00f3 estudios de preparador f\u00edsico para desarrollar su faceta como entrenador. Tiene un lema: \u201c\u00a1A tope y pa\u2019lante!\u201d. Desde hace una d\u00e9cada participa en pruebas nacionales e internacionales de<a href=\"https:\/\/elpais.com\/noticias\/surf\/\" target=\"_self\" rel=\"nofollow noopener\" title=\"https:\/\/elpais.com\/noticias\/surf\/\"> surf adaptado<\/a> (parasurfing) porque haberse vuelto invidente no era, ni mucho menos, una raz\u00f3n de peso para dejar de hacer lo que m\u00e1s le motiva. El resultado ha sido brillante: es 10 veces consecutivas campe\u00f3n de Espa\u00f1a y seis del mundo. Las \u00faltimas en San Diego (California) y en Gran Canaria, cuyo t\u00edtulo consigui\u00f3 a mediados de junio. En esta isla no solo ha ganado el campeonato nacional, sino que ha demostrado tambi\u00e9n que las operaciones del hombro derecho y de la cadera izquierda a las que se someti\u00f3 entre octubre y diciembre de 2025 han merecido la pena para mejorar su maquinaria corporal.<\/p>\n<p><img alt=\"\" decoding=\"auto\" class=\"_re lazyload a_m-h\" height=\"276\"  width=\"414\"  src=\"https:\/\/www.europesays.com\/es\/wp-content\/uploads\/2026\/09\/7WSN4R6EUJBSPHJ7GZ43MJAE3Q.jpg\" loading=\"lazy\" fetchpriority=\"low\"\/>Aitor Francesena posa con las tablas de surf de la tienda Surf Pukas de Zarautz.Alex Iturralde<\/p>\n<p class=\"\">Despu\u00e9s de un buen rato a remojo, el surfista y su cu\u00f1ado abandonan la playa. En el camino a quitarse el neopreno y vestirse con ropa de civil, Gallo se topa con un grupo de chicos y de chicas en la puerta de la tienda Pukas (t\u00f3tem del surf vasco por sus tablas y su escuela). Est\u00e1n a punto de entrar al mar para recibir una clase pr\u00e1ctica que ser\u00e1 su bautismo para gran parte de ellos. El monitor del grupo le pide a Gallo que se quede unos minutos y dice: \u201c\u00a1Aprovechad y hacedle preguntas, que es un campe\u00f3n del mundo!\u201d. Una de las chicas se interesa por c\u00f3mo fue la experiencia de entrenar a <a href=\"https:\/\/elpais.com\/elpais\/2015\/02\/11\/eps\/1423660934_381556.html\" target=\"_self\" rel=\"nofollow noopener\" title=\"https:\/\/elpais.com\/elpais\/2015\/02\/11\/eps\/1423660934_381556.html\">Aritz Aranburu, quien gan\u00f3 el campeonato de Europa de 2007 y ese mismo a\u00f1o particip\u00f3 en la World Championship Tour.<\/a> \u201cFueron unos 10 a\u00f1os de trabajo\u201d, espeta Francesena. Y contin\u00faa en\u00e9rgico su respuesta: \u201cPrimero hay que ser el mejor de tu casa, luego de tu pueblo, luego de tu territorio, de tu pa\u00eds, de Europa y luego del mundo. Cuando lo consigues es lo m\u00e1s. Fue muy importante para \u00e9l y para m\u00ed. Marcamos un hito. Un tipo de la federaci\u00f3n de surf nos dijo que lo que hab\u00edamos conseguido era como que un japon\u00e9s viniera aqu\u00ed [a Euskadi] y ganara al cuatro y medio [pelota vasca]\u201d.<\/p>\n<p><img alt=\"\" decoding=\"auto\" class=\"_re lazyload a_m-h\" height=\"277\"  width=\"414\"  src=\"https:\/\/www.europesays.com\/es\/wp-content\/uploads\/2026\/09\/PUM2LZEZGFHLHJEQTCLWTP7JQI.jpg\" loading=\"lazy\" fetchpriority=\"low\"\/>Aitor Francesena, en la competici\u00f3n de AmpSurf ISA World Parasurfing Championship, celebrada en marzo de 2020 en La Jolla, California.Sean Evans (Federaci\u00f3n Espa\u00f1ola de Surfing)<\/p>\n<p class=\"\">Tras esta rueda de prensa improvisada, y la foto de rigor con los j\u00f3venes, emprendemos rumbo al otro establecimiento que Pukas tiene en el centro de Zarautz, localizaci\u00f3n para la entrevista. Por el camino, al surfista le saludan diciendo su nombre en alto \u2014\u00ades tremendamente popular\u2014 y este responde con la cercan\u00eda y el agradecimiento de quien se sabe querido. Espont\u00e1neo pero concienzudo, comparte una reflexi\u00f3n: \u201cLos chavales de hoy en d\u00eda se frustran. Lo que les intento decir es que se pongan objetivos reales, que no se olviden de que si quieren conseguir algo se tienen que sacrificar y trabajar por ello\u201d.<\/p>\n<p class=\"\">Por fin llegamos a la tienda y, tras la sesi\u00f3n de fotos, entre tablas, nos sentamos a charlar en un sof\u00e1 de cuero desgastado, muy old school. \u201cTen\u00eda la prohibici\u00f3n de hacer cualquier deporte por parte de mis padres, pero yo fui en contra de eso. Los hice a escondidas hasta que se dieron cuenta de que no pod\u00edan conmigo y por eso me facilitaron las cosas\u201d, confiesa. De lo que no se esconde es de se\u00f1alar la circunstancia con la que ha estado enfrentado toda su vida, quedarse ciego. \u201cYo ve\u00eda a uno yendo por la calle y miraba para otro lado. No quer\u00eda que eso me llegase y no quer\u00eda saber nada\u201d, comenta. Y prosigue: \u201cAntes de perder la vista ten\u00eda sue\u00f1os de que estaba ciego y creo que, de alguna manera, me estaba preparando. Y ahora que ya no veo tengo alg\u00fan sue\u00f1o guapo en el que he recuperado la vista y puedo bajar del piso de arriba al de abajo de casa de mi madre, porque es un d\u00faplex. Le digo a ella: \u2018Ama, no le cuentes a nadie porque si no igual me quitan el poder volver a ver\u201d. A Francesena en 2023 se le reconoci\u00f3 su aportaci\u00f3n y legado a este deporte con una estrella en el Paseo de las Estrellas de la playa de Somo (Cantabria).<\/p>\n<p class=\"\">Su hija Uxue, de 21 a\u00f1os, se acaba de graduar en Periodismo y es \u201clo m\u00e1s importante\u201d de la vida de Aitor Francesena. Est\u00e1 presente durante la conversaci\u00f3n. De car\u00e1cter sosegado o chill, como ella misma se define, escucha atenta a todo lo que dice su aita. Con \u00e9l no solo surfea, sino que, m\u00e1s o menos una vez al a\u00f1o, viajan juntos. Han estado en San Diego, San Francisco, Haw\u00e1i, Nueva York, Costa Rica o Australia. La joven no duda en sumarse a la charla para compartir una an\u00e9cdota: \u201cFuimos a Haw\u00e1i. Recuerdo que hac\u00eda un atardecer precioso y, claro, \u00e9l se acordaba de cuando lo hab\u00eda visto hac\u00eda a\u00f1os. Me dijo: \u2018Mira el atardecer\u2019. Y justo se\u00f1al\u00f3 al mismo sitio en el que ca\u00eda el sol. Era como si los dos estuvi\u00e9ramos viendo el mismo atardecer\u201d. Otra prueba m\u00e1s de que mientras los sentidos son algo innato, la intuici\u00f3n es algo que se aprende.<\/p>\n<p><img alt=\"\" decoding=\"auto\" class=\"_re lazyload a_m-h\" height=\"276\"  width=\"414\"  src=\"https:\/\/www.europesays.com\/es\/wp-content\/uploads\/2026\/09\/4I34MJCR5RHIPIJ2O2IX2NSUBU.jpg\" loading=\"lazy\" fetchpriority=\"low\"\/>Francesena celebra su medalla de oro en la categor\u00eda VI1, que agrupa a los surfistas con ceguera o discapacidad visual.Sean Evans (Federaci\u00f3n Espa\u00f1ola de Surfing)<\/p>\n<p class=\"\">El surf y el skate son deportes en los que se puede hacer una diferenciaci\u00f3n en cuanto al tipo de personas que lo practican. Est\u00e1n aquellas que usan la tabla de verdad y otras que tan solo la pasean. Atendiendo al surf (<a href=\"https:\/\/elpais.com\/noticias\/juegos-olimpicos-2020\/\" target=\"_self\" rel=\"nofollow noopener\" title=\"https:\/\/elpais.com\/noticias\/juegos-olimpicos-2020\/\">deporte ol\u00edmpico desde Tokio 2020<\/a>) se necesita identificar los matices entre surfero y surfista. El primero no madruga para ir a la playa y no duda en beberse unas cuantas cervezas durante la puesta de sol en lugar de estar metido en el agua esperando a coger alguna buena ola antes de que se acabe el d\u00eda. El segundo, sin embargo, pone el despertador pronto para ir al mar, durante el d\u00eda se da alguna sesi\u00f3n de entrenamiento suave, come prote\u00ednas, evita el alcohol, pasa la tarde metido en el mar y, al salir, le echa un vistazo a alguna de las aplicaciones que pronostican en qu\u00e9 playas estar\u00e1n las mejores olas y el mejor viento para ir a por ellas al d\u00eda siguiente. \u201cCaen los surferos y quedan los surfistas\u201d, dice Francesena. \u201cQuien es el puto amo de noche, de d\u00eda va de puta pena. Para m\u00ed es superimportante cuidar el cerebro para asumir todo lo que te venga f\u00edsicamente y en la vida\u201d. <\/p>\n","protected":false},"excerpt":{"rendered":"Aitor Francesena.Alex Iturralde Incluso a los gallos que no cantan tambi\u00e9n les sale la cresta porque ser valiente&hellip;\n","protected":false},"author":2,"featured_media":745091,"comment_status":"","ping_status":"","sticky":false,"template":"","format":"standard","meta":{"footnotes":""},"categories":[93],"tags":[29187,1540,168,1749,25,24,10409,88248,225,23,167,22648,13687],"class_list":["post-745090","post","type-post","status-publish","format-standard","has-post-thumbnail","category-deportes","tag-ceguera","tag-competiciones","tag-deportes","tag-deportes-acuaticos","tag-es","tag-espana","tag-juegos-olimpicos","tag-juegos-olimpicos-2020","tag-libros","tag-spain","tag-sports","tag-surf","tag-zarautz"],"share_on_mastodon":{"url":"https:\/\/pubeurope.com\/@es\/117205336535103338","error":""},"_links":{"self":[{"href":"https:\/\/www.europesays.com\/es\/wp-json\/wp\/v2\/posts\/745090","targetHints":{"allow":["GET"]}}],"collection":[{"href":"https:\/\/www.europesays.com\/es\/wp-json\/wp\/v2\/posts"}],"about":[{"href":"https:\/\/www.europesays.com\/es\/wp-json\/wp\/v2\/types\/post"}],"author":[{"embeddable":true,"href":"https:\/\/www.europesays.com\/es\/wp-json\/wp\/v2\/users\/2"}],"replies":[{"embeddable":true,"href":"https:\/\/www.europesays.com\/es\/wp-json\/wp\/v2\/comments?post=745090"}],"version-history":[{"count":0,"href":"https:\/\/www.europesays.com\/es\/wp-json\/wp\/v2\/posts\/745090\/revisions"}],"wp:featuredmedia":[{"embeddable":true,"href":"https:\/\/www.europesays.com\/es\/wp-json\/wp\/v2\/media\/745091"}],"wp:attachment":[{"href":"https:\/\/www.europesays.com\/es\/wp-json\/wp\/v2\/media?parent=745090"}],"wp:term":[{"taxonomy":"category","embeddable":true,"href":"https:\/\/www.europesays.com\/es\/wp-json\/wp\/v2\/categories?post=745090"},{"taxonomy":"post_tag","embeddable":true,"href":"https:\/\/www.europesays.com\/es\/wp-json\/wp\/v2\/tags?post=745090"}],"curies":[{"name":"wp","href":"https:\/\/api.w.org\/{rel}","templated":true}]}}