{"id":745106,"date":"2026-09-03T05:17:31","date_gmt":"2026-09-03T05:17:31","guid":{"rendered":"https:\/\/www.europesays.com\/es\/745106\/"},"modified":"2026-09-03T05:17:31","modified_gmt":"2026-09-03T05:17:31","slug":"rating-del-martes-1-de-septiembre-en-chile-como-le-fue-a-chv-mega-canal-13-y-tvn","status":"publish","type":"post","link":"https:\/\/www.europesays.com\/es\/745106\/","title":{"rendered":"Rating del martes 1 de septiembre en Chile: c\u00f3mo le fue a CHV, Mega, Canal 13 y TVN"},"content":{"rendered":"<p class=\"article-body__paragraph\">A diario la empresa <a href=\"https:\/\/www.kantaribopemedia.cl\/\" rel=\"nofollow noopener\" title=\"https:\/\/www.kantaribopemedia.cl\/\" target=\"_blank\"><b>Ibope<\/b><\/a> elabora el <a href=\"https:\/\/www.latercera.com\/etiqueta\/rating\/\" rel=\"nofollow noopener\" title=\"https:\/\/www.latercera.com\/etiqueta\/rating\/\" target=\"_blank\">rating<\/a> que ayuda a ordenar los contenidos de televisi\u00f3n preferidos entre las audiencias.<\/p>\n<p class=\"article-body__paragraph\">Con una nueva metodolog\u00eda, para sumar a la TV abierta la medici\u00f3n del consumo de contenidos en cable, plataformas digitales y dispositivos m\u00f3viles, las preferencias a la hora de elegir entre las alternativas de la programaci\u00f3n abarcan ahora un universo de 16,6 millones de personas.<\/p>\n<p class=\"article-body__paragraph\">En <a href=\"https:\/\/www.latercera.com\/etiqueta\/television\/\" rel=\"nofollow noopener\" title=\"https:\/\/www.latercera.com\/etiqueta\/television\/\" target=\"_blank\">televisi\u00f3n<\/a> abierta nacional compiten principalmente los canales Chilevisi\u00f3n, Mega, Canal 13 y TVN, con una amplia oferta de producciones.<\/p>\n<p class=\"article-body__paragraph\">Matinales, noticieros, teleseries y una variedad de propuestas de conversaci\u00f3n y entretenimiento son parte de la parrilla de los canales de Chile que son protagonistas en la medici\u00f3n.<\/p>\n<p class=\"article-body__paragraph\">Para conocer el<b> rating diario en la TV<\/b>, el registro abarca las 16 regiones a nivel nacional, permitiendo una mejor representaci\u00f3n y precisi\u00f3n de los datos.<\/p>\n<p>El rating del martes 1 de septiembre de 2026<\/p>\n<p class=\"article-body__paragraph\">Estos son los programas m\u00e1s vistos el martes 1 de septiembre, seg\u00fan el rating de televisi\u00f3n abierta elaborado por Ibope.<\/p>\n<ol class=\"article-body__list article-body__list-ol \">\n<li class=\"article-body__list-item\">Reuni\u00f3n de Superados<\/li>\n<li class=\"article-body__list-item\">Volver\u00edas con tu Ex 2<\/li>\n<li class=\"article-body__list-item\">Meganoticias Prime<\/li>\n<li class=\"article-body__list-item\">Dale Play<\/li>\n<li class=\"article-body__list-item\">La Baronesa<\/li>\n<li class=\"article-body__list-item\">CHV Noticias Central<\/li>\n<li class=\"article-body__list-item\">Ahora Caigo<\/li>\n<li class=\"article-body__list-item\">Meganoticias Alerta<\/li>\n<li class=\"article-body__list-item\">La Baronesa (Resumen)<\/li>\n<li class=\"article-body__list-item\">Teletrece<\/li>\n<\/ol>\n<p><img alt=\"\" class=\"global-image\" decoding=\"async\"  src=\"https:\/\/www.europesays.com\/es\/wp-content\/uploads\/2026\/09\/W52J4WITARADJD64PDB2LG5X2Y.jpg\"  fetchpriority=\"low\" loading=\"lazy\"\/>Rating 1 de septiembre. Foto: Ibope <\/p>\n<p class=\"article-body__paragraph\">De acuerdo a Ibope, su medici\u00f3n incorpora el People Meter 7, tablet que optimiza la recopilaci\u00f3n de datos en los hogares, junto a Focal Meter, dispositivo que mide el consumo de video en pantallas inteligentes, computadores, tablets y smartphones.<\/p>\n<p class=\"article-body__paragraph\">Otro cambio significativo considera pasar de m\u00e9tricas en porcentajes a valores absolutos, que permiten conocer el n\u00famero exacto de personas que consumen un determinado contenido.<\/p>\n<p class=\"article-body__paragraph\">\u201cLa forma en que consumimos contenido cambi\u00f3 radicalmente con la digitalizaci\u00f3n y la medici\u00f3n de audiencia tambi\u00e9n deb\u00eda evolucionar\u201d, destaca Ignacio Mirchak, Country Leader de Ibope en Chile en el anuncio oficial.<\/p>\n<p class=\"article-body__paragraph\">\u201cEs un avance importante porque nos permitir\u00e1 conocer el alcance real, optimizar la inversi\u00f3n publicitaria y mejorar la toma de decisiones estrat\u00e9gicas\u201d, a\u00f1ade.<\/p>\n","protected":false},"excerpt":{"rendered":"A diario la empresa Ibope elabora el rating que ayuda a ordenar los contenidos de televisi\u00f3n preferidos entre&hellip;\n","protected":false},"author":2,"featured_media":745107,"comment_status":"","ping_status":"","sticky":false,"template":"","format":"standard","meta":{"footnotes":""},"categories":[171],"tags":[116436,10529,132219,132218,132216,146,147,25,24,30177,24025,132217,88601,23,807,3599,214,132220],"class_list":["post-745106","post","type-post","status-publish","format-standard","has-post-thumbnail","category-tv","tag-canal-13","tag-canales","tag-chilevision","tag-chv","tag-como-fue-el-rating","tag-entertainment","tag-entretenimiento","tag-es","tag-espana","tag-mega","tag-programas","tag-quien-gano-el-rating","tag-rating","tag-spain","tag-television","tag-transmision","tag-tv","tag-tvn"],"share_on_mastodon":{"url":"https:\/\/pubeurope.com\/@es\/117205418734786486","error":""},"_links":{"self":[{"href":"https:\/\/www.europesays.com\/es\/wp-json\/wp\/v2\/posts\/745106","targetHints":{"allow":["GET"]}}],"collection":[{"href":"https:\/\/www.europesays.com\/es\/wp-json\/wp\/v2\/posts"}],"about":[{"href":"https:\/\/www.europesays.com\/es\/wp-json\/wp\/v2\/types\/post"}],"author":[{"embeddable":true,"href":"https:\/\/www.europesays.com\/es\/wp-json\/wp\/v2\/users\/2"}],"replies":[{"embeddable":true,"href":"https:\/\/www.europesays.com\/es\/wp-json\/wp\/v2\/comments?post=745106"}],"version-history":[{"count":0,"href":"https:\/\/www.europesays.com\/es\/wp-json\/wp\/v2\/posts\/745106\/revisions"}],"wp:featuredmedia":[{"embeddable":true,"href":"https:\/\/www.europesays.com\/es\/wp-json\/wp\/v2\/media\/745107"}],"wp:attachment":[{"href":"https:\/\/www.europesays.com\/es\/wp-json\/wp\/v2\/media?parent=745106"}],"wp:term":[{"taxonomy":"category","embeddable":true,"href":"https:\/\/www.europesays.com\/es\/wp-json\/wp\/v2\/categories?post=745106"},{"taxonomy":"post_tag","embeddable":true,"href":"https:\/\/www.europesays.com\/es\/wp-json\/wp\/v2\/tags?post=745106"}],"curies":[{"name":"wp","href":"https:\/\/api.w.org\/{rel}","templated":true}]}}