{"id":745110,"date":"2026-09-03T05:21:29","date_gmt":"2026-09-03T05:21:29","guid":{"rendered":"https:\/\/www.europesays.com\/es\/745110\/"},"modified":"2026-09-03T05:21:29","modified_gmt":"2026-09-03T05:21:29","slug":"la-primera-regla-no-siempre-es-el-comienzo-del-problema","status":"publish","type":"post","link":"https:\/\/www.europesays.com\/es\/745110\/","title":{"rendered":"La primera regla no siempre es el comienzo del problema"},"content":{"rendered":"<p>Durante d\u00e9cadas, el dolor menstrual ha formado parte de una especie de pacto silencioso: millones de mujeres lo han sufrido, pero pocas veces se ha preguntado por qu\u00e9 ocurre o si podr\u00eda prevenirse. La idea de que \u201cla regla duele y hay que aguantar\u201d ha convertido en habitual una experiencia que, en muchos casos, limita la vida diaria. Ahora, una nueva investigaci\u00f3n apunta a que las primeras pistas de la dismenorrea \u2014el t\u00e9rmino m\u00e9dico para definir el dolor menstrual\u2014 podr\u00edan aparecer mucho antes de que llegue la primera menstruaci\u00f3n.<\/p>\n<p><a target=\"_blank\" href=\"https:\/\/www.mundiario.com\/ads\/20260820143122436440\" rel=\"nofollow noopener\"> <img decoding=\"async\" src=\"https:\/\/www.europesays.com\/es\/wp-content\/uploads\/2026\/09\/1788412888_339_2026082014295245830.jpg\" alt=\"Publicidad 436440\" width=\"300\" height=\"600\" loading=\"lazy\"\/> <\/a><\/p>\n<p>El estudio, publicado en la revista cient\u00edfica The Lancet, abre una nueva v\u00eda para comprender c\u00f3mo se construye el dolor menstrual desde etapas tempranas del desarrollo. Los investigadores analizaron a ni\u00f1as de 12 y 13 a\u00f1os y observaron que algunos factores presentes alrededor de los 9 y 10 a\u00f1os pod\u00edan estar relacionados con la aparici\u00f3n posterior de reglas dolorosas. El hallazgo cambia la mirada tradicional: el problema no comenzar\u00eda necesariamente cuando aparece la menstruaci\u00f3n, sino que podr\u00eda tener un recorrido previo.<\/p>\n<p>La investigaci\u00f3n sigui\u00f3 a 2.254 adolescentes y evalu\u00f3 su estado f\u00edsico y emocional antes de la menarquia, es decir, antes de la primera regla. Casi el 58% de ellas acabaron experimentando dolor menstrual, y alrededor de una quinta parte describi\u00f3 esos episodios como intensos o severos. Estos datos refuerzan una idea cada vez m\u00e1s extendida entre los especialistas: la menstruaci\u00f3n no debe analizarse \u00fanicamente como un proceso puntual, sino como parte de una trayectoria de salud que empieza a\u00f1os antes.<\/p>\n<p>Entre los factores que aparecieron asociados a una mayor probabilidad de sufrir dismenorrea se encontraron s\u00edntomas f\u00edsicos registrados durante la infancia. Mareos, cansancio sin una causa clara, n\u00e1useas, molestias digestivas, sequedad o picor ocular y problemas cut\u00e1neos fueron algunos de los signos que aparecieron con m\u00e1s frecuencia en las ni\u00f1as que despu\u00e9s desarrollaron per\u00edodos dolorosos.<\/p>\n<p>El dolor menstrual no aparece de repente: el cuerpo puede dar pistas<\/p>\n<p>Para Melissa Lenert, investigadora de la Facultad de Medicina de la Universidad de Michigan y una de las autoras del trabajo, estos s\u00edntomas podr\u00edan estar relacionados con una mayor sensibilidad del organismo frente al dolor. Seg\u00fan cuenta a El Pa\u00eds, algunos sistemas nerviosos pueden desarrollar una respuesta exagerada ante determinados est\u00edmulos despu\u00e9s de experiencias repetidas como enfermedades, infecciones o lesiones, y una dismenorrea intensa podr\u00eda formar parte de ese proceso.<\/p>\n<p><a target=\"_blank\" href=\"https:\/\/www.mundiario.com\/ads\/20260403144004381291\" rel=\"nofollow noopener\"> <img decoding=\"async\" src=\"https:\/\/www.europesays.com\/es\/wp-content\/uploads\/2026\/09\/2026040314384621093.gif\" alt=\"Publicidad 381291\" width=\"300\" height=\"600\" loading=\"lazy\"\/> <\/a><\/p>\n<p>Esta hip\u00f3tesis resulta especialmente relevante porque el dolor menstrual severo no siempre termina con la adolescencia. Diversos estudios han relacionado los episodios intensos y no tratados con un mayor riesgo de desarrollar dolor cr\u00f3nico en la edad adulta. La regla dolorosa deja as\u00ed de verse como una molestia aislada y empieza a entenderse como una se\u00f1al que puede requerir una evaluaci\u00f3n m\u00e1s profunda.<\/p>\n<p>Otro aspecto destacado del estudio es la relaci\u00f3n entre la pubertad adelantada y la aparici\u00f3n posterior de menstruaciones dolorosas. Las ni\u00f1as que presentaron dismenorrea mostraban con m\u00e1s frecuencia signos tempranos de maduraci\u00f3n f\u00edsica, como crecimiento acelerado, aparici\u00f3n de vello corporal, cambios en la piel o desarrollo mamario antes de la primera menstruaci\u00f3n.<\/p>\n<p>Los investigadores apuntan a que este adelanto puberal puede estar influido por una combinaci\u00f3n de factores gen\u00e9ticos y ambientales. La alimentaci\u00f3n, la exposici\u00f3n a determinadas sustancias qu\u00edmicas conocidas como disruptores endocrinos o incluso el estr\u00e9s durante la infancia podr\u00edan intervenir en el ritmo de desarrollo del organismo.<\/p>\n<p>La menstruaci\u00f3n sigue cargando con demasiados silencios<\/p>\n<p>M\u00e1s all\u00e1 de los factores biol\u00f3gicos, el estudio tambi\u00e9n pone sobre la mesa una dimensi\u00f3n social que durante a\u00f1os ha condicionado la forma de abordar el dolor menstrual. Las adolescentes que pertenec\u00edan a determinados grupos raciales o culturales presentaron diferencias en la frecuencia del dolor, algo que los investigadores relacionan con la influencia de los determinantes sociales de la salud, como el acceso a la atenci\u00f3n m\u00e9dica o la forma en la que cada sociedad interpreta la menstruaci\u00f3n.<\/p>\n<p>Alicia Botello, enfermera y antrop\u00f3loga social y cultural de la Universidad de Sevilla, se\u00f1ala que la menstruaci\u00f3n ha estado hist\u00f3ricamente rodeada de normas, prohibiciones y mitos. En su opini\u00f3n, muchas generaciones han crecido asociando la regla con verg\u00fcenza o incomodidad, lo que ha contribuido a minimizar s\u00edntomas que deber\u00edan ser escuchados.<\/p>\n<p>El problema de normalizar el dolor es que puede retrasar diagn\u00f3sticos importantes. Muchas adolescentes aprenden a convivir con molestias incapacitantes sin consultar a un profesional, lo que puede dificultar la detecci\u00f3n temprana de enfermedades como la endometriosis o los miomas uterinos, patolog\u00edas que pueden estar detr\u00e1s de algunos casos de dolor menstrual intenso.<\/p>\n<p>Educar antes de la primera regla para cambiar la salud menstrual<\/p>\n<p>Los autores del estudio defienden que la educaci\u00f3n menstrual debe comenzar antes de la llegada del primer per\u00edodo. Conocer el funcionamiento del ciclo, identificar qu\u00e9 s\u00edntomas entran dentro de la normalidad y saber cu\u00e1ndo es necesario pedir ayuda puede marcar una diferencia importante en la calidad de vida de las j\u00f3venes.<\/p>\n<p>La investigaci\u00f3n tambi\u00e9n encontr\u00f3 una relaci\u00f3n entre el sue\u00f1o y el impacto del dolor menstrual. Aunque los problemas de descanso previos no parecieron predecir la aparici\u00f3n de dismenorrea, las adolescentes con dolor intenso experimentaban m\u00e1s dificultades en sus actividades diarias cuando su descanso era insuficiente. Dormir bien podr\u00eda convertirse en una herramienta para reducir la intensidad con la que el organismo afronta el dolor.<\/p>\n<p>El mensaje principal de los investigadores no es que todas las ni\u00f1as con estos s\u00edntomas vayan a desarrollar reglas dolorosas, sino que existen se\u00f1ales que merecen atenci\u00f3n. Identificarlas puede ayudar a acompa\u00f1ar mejor a las adolescentes y evitar que lleguen a aceptar como inevitable un sufrimiento que puede tratarse.<\/p>\n<p>La menstruaci\u00f3n seguir\u00e1 siendo un proceso natural, pero la ciencia empieza a desmontar una idea que ha acompa\u00f1ado durante generaciones a millones de mujeres: que sufrir cada mes es simplemente parte de ser mujer. El nuevo enfoque propone mirar m\u00e1s atr\u00e1s, escuchar al cuerpo antes y entender que el dolor menstrual tambi\u00e9n tiene una historia que empieza mucho antes de la primera regla. @mundiario<\/p>\n","protected":false},"excerpt":{"rendered":"Durante d\u00e9cadas, el dolor menstrual ha formado parte de una especie de pacto silencioso: millones de mujeres lo&hellip;\n","protected":false},"author":2,"featured_media":745111,"comment_status":"","ping_status":"","sticky":false,"template":"","format":"standard","meta":{"footnotes":""},"categories":[92],"tags":[3629,132221,25,24,165,1294,132222,21123,16500,166,23],"class_list":["post-745110","post","type-post","status-publish","format-standard","has-post-thumbnail","category-salud","tag-adolescencia","tag-dolor-menstrual","tag-es","tag-espana","tag-health","tag-investigacion","tag-menarquia","tag-periodo","tag-regla","tag-salud","tag-spain"],"share_on_mastodon":{"url":"https:\/\/pubeurope.com\/@es\/117205434657100986","error":""},"_links":{"self":[{"href":"https:\/\/www.europesays.com\/es\/wp-json\/wp\/v2\/posts\/745110","targetHints":{"allow":["GET"]}}],"collection":[{"href":"https:\/\/www.europesays.com\/es\/wp-json\/wp\/v2\/posts"}],"about":[{"href":"https:\/\/www.europesays.com\/es\/wp-json\/wp\/v2\/types\/post"}],"author":[{"embeddable":true,"href":"https:\/\/www.europesays.com\/es\/wp-json\/wp\/v2\/users\/2"}],"replies":[{"embeddable":true,"href":"https:\/\/www.europesays.com\/es\/wp-json\/wp\/v2\/comments?post=745110"}],"version-history":[{"count":0,"href":"https:\/\/www.europesays.com\/es\/wp-json\/wp\/v2\/posts\/745110\/revisions"}],"wp:featuredmedia":[{"embeddable":true,"href":"https:\/\/www.europesays.com\/es\/wp-json\/wp\/v2\/media\/745111"}],"wp:attachment":[{"href":"https:\/\/www.europesays.com\/es\/wp-json\/wp\/v2\/media?parent=745110"}],"wp:term":[{"taxonomy":"category","embeddable":true,"href":"https:\/\/www.europesays.com\/es\/wp-json\/wp\/v2\/categories?post=745110"},{"taxonomy":"post_tag","embeddable":true,"href":"https:\/\/www.europesays.com\/es\/wp-json\/wp\/v2\/tags?post=745110"}],"curies":[{"name":"wp","href":"https:\/\/api.w.org\/{rel}","templated":true}]}}