{"id":745126,"date":"2026-09-03T05:44:10","date_gmt":"2026-09-03T05:44:10","guid":{"rendered":"https:\/\/www.europesays.com\/es\/745126\/"},"modified":"2026-09-03T05:44:10","modified_gmt":"2026-09-03T05:44:10","slug":"encalla-el-primer-asalto-de-la-uefa-al-poder-de-infantino-futbol-deportes","status":"publish","type":"post","link":"https:\/\/www.europesays.com\/es\/745126\/","title":{"rendered":"Encalla el primer asalto de la UEFA al poder de Infantino | F\u00fatbol | Deportes"},"content":{"rendered":"<p class=\"\">El pr\u00f3ximo s\u00e1bado 5 de septiembre dar\u00e1 comienzo el Mundial sub-20 femenino. La cita era la primera competici\u00f3n<a href=\"https:\/\/elpais.com\/deportes\/futbol\/2026-08-09\/la-dificil-mision-de-derrocar-a-gianni-infantino.html\" target=\"_self\" rel=\"nofollow noopener\" title=\"https:\/\/elpais.com\/deportes\/futbol\/2026-08-09\/la-dificil-mision-de-derrocar-a-gianni-infantino.html\"> que deb\u00eda poner a prueba el boicot <\/a>a todos los torneos organizados por la FIFA que la UEFA hab\u00eda proclamado el 30 de julio. El documento del m\u00e1ximo organismo del f\u00fatbol europeo anunciando el plante deportivo fue emitido solo dos d\u00edas despu\u00e9s de que el diario brit\u00e1nico The Times desvelara el proyecto por el cual la FIFA otorgar\u00eda a capital privado un 20% de una compa\u00f1\u00eda subsidiaria e independiente que explotar\u00eda los derechos de comercializaci\u00f3n de la Copa del Mundo masculina y femenina. La dura misiva de la UEFA, que forz\u00f3 a la FIFA a retirar la controvertida propuesta antes de ser votada por las 211 federaciones que la componen, tambi\u00e9n suger\u00eda la dimisi\u00f3n de su presidente, el \u00edtalo-suizo Gianni Infantino. <\/p>\n<p class=\"\">El s\u00e1bado, a las 18.00 de la tarde, Inglaterra, una de las federaciones m\u00e1s beligerantes con Infantino, se medir\u00e1 en el estadio de Bielsko-Biala a Canad\u00e1. Italia, Espa\u00f1a, Portugal, Francia y el pa\u00eds organizador, Polonia, son las otras cinco selecciones europeas que participar\u00e1n en el torneo. <\/p>\n<p class=\"\">El naufragio del boicot europeo es el reflejo de la realidad del estado pol\u00edtico del f\u00fatbol mundial tras el terremoto que supuso la propuesta de privatizar una parte de la explotaci\u00f3n del Mundial a trav\u00e9s de la creaci\u00f3n de la compa\u00f1\u00eda Fifa Forward Enterprise (FFE) en la que iba a tener participaci\u00f3n un hermano del yerno de Donald Trump. El boicot no ha prosperado porque no fue bien visto por parte de algunas de las federaciones europeas m\u00e1s poderosas e Infantino se mantiene en la poltrona de la FIFA porque la UEFA no ha reunido por ahora los apoyos suficientes (106 votos) para desbancarle. \u201cCuando das un golpe de estado por la noche, si por la ma\u00f1ana no has tomado el poder, lo normal es que fracases\u201d, repican en los mentideros del f\u00fatbol europeo. <\/p>\n<p class=\"\">El 6 de agosto, <a href=\"https:\/\/elpais.com\/deportes\/futbol\/2026-08-06\/la-uefa-sostiene-su-posicion-contra-infantino-mientras-que-la-conmebol-lo-apoya.html\" target=\"_self\" rel=\"nofollow noopener\" title=\"https:\/\/elpais.com\/deportes\/futbol\/2026-08-06\/la-uefa-sostiene-su-posicion-contra-infantino-mientras-que-la-conmebol-lo-apoya.html\">un d\u00eda despu\u00e9s de que la FIFA admitiera errore<\/a>s en el proceso de gestaci\u00f3n y comunicaci\u00f3n del proyecto a las federaciones, la UEFA sostuvo el boicot. Seg\u00fan el organismo europeo para acabar con el veto, \u201cdeb\u00edan retirarse las propuestas para privatizar las principales competiciones y, segundo, deb\u00edan garantizarse que tales intentos de desvirtuar el juego jam\u00e1s se repetir\u00edan y estas condiciones no se han dado\u201d. El pasado jueves 29 de agosto, el Comit\u00e9 Ejecutivo de la UEFA reunido en M\u00f3naco levant\u00f3 oficialmente el veto a las competiciones de la FIFA, aunque esta \u00faltima no ha ofrecido m\u00e1s garant\u00edas de las que expuso a las federaciones en su misiva de rectificaci\u00f3n y que a la UEFA no le serv\u00edan.<\/p>\n<p class=\"\">En poco m\u00e1s de un mes, la medida de fuerza que sumergi\u00f3 a Infantino en su mayor crisis reputacional y de gobernanza desde que accedi\u00f3 a la presidencia de la FIFA en 2016 se ha diluido gradualmente. El boicot y el \u00f3rdago para derrocar a Infantino, comandados por Ceferin, comenzaron a dar se\u00f1ales de debilidad desde el primer momento. La citada carta en la que se anunciaba la renuncia a los torneos FIFA por parte del f\u00fatbol europeo si no se retiraba el pol\u00e9mico proyecto de financiaci\u00f3n ya fue cuestionada internamente por algunas federaciones europeas de peso, entre ellas, Italia, Francia y Espa\u00f1a. Estas, cuando menos, quer\u00edan estudiar la propuesta por la cual las 211 federaciones miembros de la FIFA percibir\u00edan unos 40 millones de euros anuales entre 2027 y 2031. Francia y Espa\u00f1a fueron las primeras en anunciar el 11 de agosto que sus respectivas selecciones femeninas segu\u00edan adelante con su plan de preparaci\u00f3n para el Mundial sub-20. Solo un d\u00eda despu\u00e9s, la Secretaria de Cultura de Inglaterra, Lisa Sandy, pon\u00eda voz al sentir de las federaciones europeas que no estaban a favor del boicot de la UEFA. \u201cLas jugadoras no deben ser penalizadas\u201d, advirti\u00f3 Sandy. <\/p>\n<p class=\"\"><a href=\"https:\/\/elpais.com\/deportes\/futbol\/2026-08-10\/la-asociacion-transparencia-y-democracia-en-el-deporte-de-miguel-galan-denuncia-a-infantino-ante-la-comision-de-etica-de-la-fifa.html\" target=\"_self\" rel=\"nofollow noopener\" title=\"https:\/\/elpais.com\/deportes\/futbol\/2026-08-10\/la-asociacion-transparencia-y-democracia-en-el-deporte-de-miguel-galan-denuncia-a-infantino-ante-la-comision-de-etica-de-la-fifa.html\">El malestar de algunas federaciones europeas <\/a>contrarias al plante apuntaba en dos direcciones. Por un lado, interpretaban que el enfrentamiento personal que protagonizan Infantino y Ceferin no pod\u00eda perjudicar a las j\u00f3venes jugadoras priv\u00e1ndolas de una competici\u00f3n tan trascendente en el desarrollo de sus carreras como es un Mundial sub-20. Por otra parte, tambi\u00e9n lamentaban que, en la reuni\u00f3n en la que se decidi\u00f3 el boicot, no les dieran voz. Seg\u00fan desvel\u00f3 el propio Ceferin la semana pasada en el podcast The Rest is Politics: Leading \u201cintervinieron 40 de las 55 federaciones de la UEFA\u201d. Seg\u00fan fuentes federativas europeas, la cifra apenas sobrepasaba la treintena. En la misma entrevista, el propio Ceferin ya dejaba caer que, de momento, no cuenta votos suficientes para echar a Infantino y volvi\u00f3 a sugerir su dimisi\u00f3n: \u201cUna opci\u00f3n es que se d\u00e9 cuenta de que no tiene el apoyo, y no es solo un apoyo pol\u00edtico de quienes votan, sino el apoyo pol\u00edtico de la comunidad del f\u00fatbol, el apoyo pol\u00edtico de los aficionados, el apoyo pol\u00edtico de los jugadores, exjugadores y entrenadores\u201d<\/p>\n<p class=\"\">Las grietas en el intento de asalto al poder de Infantino tambi\u00e9n se abrieron<a href=\"https:\/\/elpais.com\/deportes\/futbol\/2026-08-20\/la-uefa-la-confederacion-asiatica-y-la-concacaf-debaten-una-posible-mocion-de-censura-para-apartar-de-la-presidencia-de-la-fifa-a-gianni-infantino.html\" target=\"_self\" rel=\"nofollow noopener\" title=\"https:\/\/elpais.com\/deportes\/futbol\/2026-08-20\/la-uefa-la-confederacion-asiatica-y-la-concacaf-debaten-una-posible-mocion-de-censura-para-apartar-de-la-presidencia-de-la-fifa-a-gianni-infantino.html\"> tras la publicaci\u00f3n el 10 de agosto de una carta conjunta<\/a> de la UEFA, la Confederaci\u00f3n Asi\u00e1tica (FAC) y la Confederaci\u00f3n de Norteam\u00e9rica, Centroam\u00e9rica y el Caribe (Concacaf) en la que, pese a que la FIFA hab\u00eda admitido su error en la presentaci\u00f3n del proyecto y lo hab\u00eda retirado, se volv\u00eda a pedir la cabeza de Infantino. M\u00e9xico, miembro influyente de la Concacaf, se desmarc\u00f3 apoyando a Infantino. A su vez, el presidente de la federaci\u00f3n de Qatar envi\u00f3 el 13 de agosto una carta a la que ha tenido acceso este peri\u00f3dico al mandam\u00e1s de la FAC, Sheikh Salman, en la que le ped\u00eda explicaciones por haber incluido a su asociaci\u00f3n en la carta conjunta con UEFA y Concacaf sin previa consulta. Tambi\u00e9n algunas de las asociaciones m\u00e1s modestas la Concacaf, que ve\u00edan muy jugosos los 40 millones de euros que percibir\u00edan, mostraron su apoyo a Infantino. La confederaci\u00f3n sudamericana (Conmebol), la de Ocean\u00eda, salvo Nueva Zelanda, y la de \u00c1frica se sumaron a la defensa del actual presidente de la FIFA, aunque le advirtieron de que proyectos como el retirado no deb\u00edan engendrarse sin consultar.<\/p>\n<p class=\"\">Sin los apoyos suficientes para concretar el fin de Infantino en la FIFA,<a href=\"https:\/\/elpais.com\/deportes\/futbol\/2026-08-27\/la-uefa-prepara-una-denuncia-por-la-via-penal-contra-infantino-por-su-frustrado-plan-para-vender-los-derechos-comerciales-del-mundial.html\" target=\"_self\" rel=\"nofollow noopener\" title=\"https:\/\/elpais.com\/deportes\/futbol\/2026-08-27\/la-uefa-prepara-una-denuncia-por-la-via-penal-contra-infantino-por-su-frustrado-plan-para-vender-los-derechos-comerciales-del-mundial.html\"> la UEFA se plantea seriamente abrir<\/a> la v\u00eda judicial con una demanda penal en Z\u00farich en relaci\u00f3n al fallido proyecto de privatizar la explotaci\u00f3n del Mundial. Lo normal, por los tiempos procesales, es que para cuando los tribunales dicten sentencia ni Infantino ni Ceferin sigan en su cargos.<\/p>\n","protected":false},"excerpt":{"rendered":"El pr\u00f3ximo s\u00e1bado 5 de septiembre dar\u00e1 comienzo el Mundial sub-20 femenino. La cita era la primera competici\u00f3n&hellip;\n","protected":false},"author":2,"featured_media":745127,"comment_status":"","ping_status":"","sticky":false,"template":"","format":"standard","meta":{"footnotes":""},"categories":[93],"tags":[37507,1540,168,1539,25,24,14013,282,1538,43288,23,167,6674],"class_list":["post-745126","post","type-post","status-publish","format-standard","has-post-thumbnail","category-deportes","tag-aleksander-ceferin","tag-competiciones","tag-deportes","tag-entrenadores","tag-es","tag-espana","tag-fifa","tag-futbol","tag-futbolistas","tag-gianni-infantino","tag-spain","tag-sports","tag-uefa"],"share_on_mastodon":{"url":"https:\/\/pubeurope.com\/@es\/117205524159159981","error":""},"_links":{"self":[{"href":"https:\/\/www.europesays.com\/es\/wp-json\/wp\/v2\/posts\/745126","targetHints":{"allow":["GET"]}}],"collection":[{"href":"https:\/\/www.europesays.com\/es\/wp-json\/wp\/v2\/posts"}],"about":[{"href":"https:\/\/www.europesays.com\/es\/wp-json\/wp\/v2\/types\/post"}],"author":[{"embeddable":true,"href":"https:\/\/www.europesays.com\/es\/wp-json\/wp\/v2\/users\/2"}],"replies":[{"embeddable":true,"href":"https:\/\/www.europesays.com\/es\/wp-json\/wp\/v2\/comments?post=745126"}],"version-history":[{"count":0,"href":"https:\/\/www.europesays.com\/es\/wp-json\/wp\/v2\/posts\/745126\/revisions"}],"wp:featuredmedia":[{"embeddable":true,"href":"https:\/\/www.europesays.com\/es\/wp-json\/wp\/v2\/media\/745127"}],"wp:attachment":[{"href":"https:\/\/www.europesays.com\/es\/wp-json\/wp\/v2\/media?parent=745126"}],"wp:term":[{"taxonomy":"category","embeddable":true,"href":"https:\/\/www.europesays.com\/es\/wp-json\/wp\/v2\/categories?post=745126"},{"taxonomy":"post_tag","embeddable":true,"href":"https:\/\/www.europesays.com\/es\/wp-json\/wp\/v2\/tags?post=745126"}],"curies":[{"name":"wp","href":"https:\/\/api.w.org\/{rel}","templated":true}]}}